{"id":3116,"date":"2023-02-16T07:15:58","date_gmt":"2023-02-16T10:15:58","guid":{"rendered":"https:\/\/expresso.estadao.com.br\/sao-paulo\/?p=3116"},"modified":"2023-07-06T11:42:04","modified_gmt":"2023-07-06T14:42:04","slug":"prefeitura-entrega-segunda-vila-reencontro-nesta-quinta","status":"publish","type":"post","link":"https:\/\/expresso.estadao.com.br\/sao-paulo\/2023\/02\/16\/prefeitura-entrega-segunda-vila-reencontro-nesta-quinta\/","title":{"rendered":"Prefeitura entrega 2\u00aa Vila Reencontro nesta quinta"},"content":{"rendered":"<p>Nesta quinta-feira (16), 98 pessoas que estavam em situa\u00e7\u00e3o de rua ganham um lar na Vila Reencontro Anhangaba\u00fa, instalada na Ladeira da Mem\u00f3ria, na regi\u00e3o central da Capital. O espa\u00e7o de 1.917 m\u00b2 disponibiliza 40 casas modulares, com capacidade para acolher at\u00e9 160 moradores. Hoje, come\u00e7a a abrigar 54 adultos e 44 crian\u00e7as e adolescentes.<\/p>\n<p>Cada moradia tem 18 m\u00b2 e disp\u00f5e de quarto com cama, ber\u00e7o e guarda-roupa, banheiro privativo e mini cozinha &#8211; equipada com fog\u00e3o de duas bocas e geladeira. A \u00e1rea comum conta com refeit\u00f3rio e lavanderia comunit\u00e1rios, playground, sala para atendimentos sociais, biciclet\u00e1rio, estacionamento para carro\u00e7as, al\u00e9m de uma horta.<\/p>\n<p>Os moradores tamb\u00e9m v\u00e3o receber alimenta\u00e7\u00e3o. Diariamente, ser\u00e3o servidos no local caf\u00e9 da manh\u00e3, almo\u00e7o, lanche da tarde e jantar. A gest\u00e3o do servi\u00e7o ser\u00e1 realizada pela Associa\u00e7\u00e3o Volunt\u00e1rios para o Servi\u00e7o Internacional (AVSI), que vai desenvolver atividades regulares, como palestras, oficinas, atividades esportivas, recrea\u00e7\u00e3o infantil, dan\u00e7a, ioga, m\u00fasica, entre outras.<\/p>\n<p>A iniciativa da Prefeitura de S\u00e3o Paulo \u00e9 inspirada no modelo internacional \u2018Housing First\u2019 (moradia primeiro) e tem o objetivo de auxiliar no ganho de autonomia para reconstru\u00e7\u00e3o da vida em sociedade. Por isso, al\u00e9m de moradia transit\u00f3ria, oferecida por at\u00e9 dois anos, o programa disponibiliza cursos de capacita\u00e7\u00e3o e encaminha para vagas de emprego.<\/p>\n<p>Foram investidos mais de R$ 3 milh\u00f5es na instala\u00e7\u00e3o desta vila, que ser\u00e1 inaugurada oficialmente \u00e0s 14h. Ela \u00e9 a segunda do programa. A primeira, a Vila Reencontro Cruzeiro do Sul 1, come\u00e7ou a funcionar em dezembro do ano passado no antigo clube da Companhia Municipal de Transportes Coletivos (CMTC), na zona norte, em terreno com mais de 30 mil m\u00b2.<\/p>\n<p>S\u00e3o eleg\u00edveis para residir nos espa\u00e7os pessoas que estejam em situa\u00e7\u00e3o de rua por um per\u00edodo mais recente (de seis a 36 meses). S\u00e3o aceitas fam\u00edlias ou solteiros, mas \u00e9 dado prioridade quando h\u00e1 a presen\u00e7a de crian\u00e7as de 0 a seis anos e para mulheres com hist\u00f3rico de viol\u00eancia dom\u00e9stica.<\/p>\n","protected":false},"excerpt":{"rendered":"<p>Nesta quinta-feira (16), 98 pessoas que estavam em situa\u00e7\u00e3o de rua ganham um lar na Vila Reencontro Anhangaba\u00fa, instalada na Ladeira da Mem\u00f3ria, na regi\u00e3o central da Capital. O espa\u00e7o de 1.917 m\u00b2 disponibiliza 40 casas modulares, com capacidade para acolher at\u00e9 160 moradores. Hoje, come\u00e7a a abrigar 54 adultos e 44 crian\u00e7as e adolescentes. [&hellip;]<\/p>\n","protected":false},"author":4,"featured_media":3118,"comment_status":"open","ping_status":"closed","sticky":false,"template":"","format":"standard","meta":{"_acf_changed":false,"_monsterinsights_skip_tracking":false,"_monsterinsights_sitenote_active":false,"_monsterinsights_sitenote_note":"","_monsterinsights_sitenote_category":0,"footnotes":""},"categories":[750],"tags":[264,318,52,317],"class_list":["post-3116","post","type-post","status-publish","format-standard","has-post-thumbnail","hentry","category-habitacao","tag-anhangabau","tag-moradia-transitoria","tag-prefeitura-de-sao-paulo","tag-vila-reencontro"],"acf":[],"yoast_head":"<!-- This site is optimized with the Yoast SEO plugin v24.1 - https:\/\/yoast.com\/wordpress\/plugins\/seo\/ -->\n<title>Segunda Vila Reencontro - Estad\u00e3o Expresso Bairros<\/title>\n<meta name=\"description\" content=\"Nova unidade do programa Vila Reencontro, voltado \u00e0 popula\u00e7\u00e3o em situa\u00e7\u00e3o de rua, vai acolher 160 pessoas no Anhangaba\u00fa\" \/>\n<meta name=\"robots\" content=\"index, follow, max-snippet:-1, max-image-preview:large, max-video-preview:-1\" \/>\n<link rel=\"canonical\" href=\"https:\/\/expresso.estadao.com.br\/sao-paulo\/2023\/02\/16\/prefeitura-entrega-segunda-vila-reencontro-nesta-quinta\/\" \/>\n<meta property=\"og:locale\" content=\"pt_BR\" \/>\n<meta property=\"og:type\" content=\"article\" \/>\n<meta property=\"og:title\" content=\"Segunda Vila Reencontro - Estad\u00e3o Expresso Bairros\" \/>\n<meta property=\"og:description\" content=\"Nova unidade do programa Vila Reencontro, voltado \u00e0 popula\u00e7\u00e3o em situa\u00e7\u00e3o de rua, vai acolher 160 pessoas no Anhangaba\u00fa\" \/>\n<meta property=\"og:url\" content=\"https:\/\/expresso.estadao.com.br\/sao-paulo\/2023\/02\/16\/prefeitura-entrega-segunda-vila-reencontro-nesta-quinta\/\" \/>\n<meta property=\"og:site_name\" content=\"Estad\u00e3o Expresso S\u00e3o Paulo\" \/>\n<meta property=\"article:published_time\" content=\"2023-02-16T10:15:58+00:00\" \/>\n<meta property=\"article:modified_time\" content=\"2023-07-06T14:42:04+00:00\" \/>\n<meta property=\"og:image\" content=\"https:\/\/expresso.estadao.com.br\/sao-paulo\/wp-content\/uploads\/2023\/02\/virada-cultural-4.jpg\" \/>\n\t<meta property=\"og:image:type\" content=\"image\/jpeg\" \/>\n<meta name=\"author\" content=\"fabio_bairros\" \/>\n<meta name=\"twitter:card\" content=\"summary_large_image\" \/>\n<meta name=\"twitter:label1\" content=\"Escrito por\" \/>\n\t<meta name=\"twitter:data1\" content=\"fabio_bairros\" \/>\n\t<meta name=\"twitter:label2\" content=\"Est. tempo de leitura\" \/>\n\t<meta name=\"twitter:data2\" content=\"2 minutos\" \/>\n<script type=\"application\/ld+json\" class=\"yoast-schema-graph\">{\"@context\":\"https:\/\/schema.org\",\"@graph\":[{\"@type\":\"WebPage\",\"@id\":\"https:\/\/expresso.estadao.com.br\/sao-paulo\/2023\/02\/16\/prefeitura-entrega-segunda-vila-reencontro-nesta-quinta\/\",\"url\":\"https:\/\/expresso.estadao.com.br\/sao-paulo\/2023\/02\/16\/prefeitura-entrega-segunda-vila-reencontro-nesta-quinta\/\",\"name\":\"Segunda Vila Reencontro - Estad\u00e3o Expresso Bairros\",\"isPartOf\":{\"@id\":\"https:\/\/expresso.estadao.com.br\/sao-paulo\/#website\"},\"primaryImageOfPage\":{\"@id\":\"https:\/\/expresso.estadao.com.br\/sao-paulo\/2023\/02\/16\/prefeitura-entrega-segunda-vila-reencontro-nesta-quinta\/#primaryimage\"},\"image\":{\"@id\":\"https:\/\/expresso.estadao.com.br\/sao-paulo\/2023\/02\/16\/prefeitura-entrega-segunda-vila-reencontro-nesta-quinta\/#primaryimage\"},\"thumbnailUrl\":\"https:\/\/expresso.estadao.com.br\/sao-paulo\/wp-content\/uploads\/2023\/02\/virada-cultural-4.jpg\",\"datePublished\":\"2023-02-16T10:15:58+00:00\",\"dateModified\":\"2023-07-06T14:42:04+00:00\",\"author\":{\"@id\":\"https:\/\/expresso.estadao.com.br\/sao-paulo\/#\/schema\/person\/f45f9e313ba8cbe5af9424f387ddef42\"},\"description\":\"Nova unidade do programa Vila Reencontro, voltado \u00e0 popula\u00e7\u00e3o em situa\u00e7\u00e3o de rua, vai acolher 160 pessoas no Anhangaba\u00fa\",\"breadcrumb\":{\"@id\":\"https:\/\/expresso.estadao.com.br\/sao-paulo\/2023\/02\/16\/prefeitura-entrega-segunda-vila-reencontro-nesta-quinta\/#breadcrumb\"},\"inLanguage\":\"pt-BR\",\"potentialAction\":[{\"@type\":\"ReadAction\",\"target\":[\"https:\/\/expresso.estadao.com.br\/sao-paulo\/2023\/02\/16\/prefeitura-entrega-segunda-vila-reencontro-nesta-quinta\/\"]}]},{\"@type\":\"ImageObject\",\"inLanguage\":\"pt-BR\",\"@id\":\"https:\/\/expresso.estadao.com.br\/sao-paulo\/2023\/02\/16\/prefeitura-entrega-segunda-vila-reencontro-nesta-quinta\/#primaryimage\",\"url\":\"https:\/\/expresso.estadao.com.br\/sao-paulo\/wp-content\/uploads\/2023\/02\/virada-cultural-4.jpg\",\"contentUrl\":\"https:\/\/expresso.estadao.com.br\/sao-paulo\/wp-content\/uploads\/2023\/02\/virada-cultural-4.jpg\",\"width\":1190,\"height\":793,\"caption\":\"Unidade Vila Cruzeiro, inaugurada em dezembro - Cr\u00e9dito: L. Santana\/Estad\u00e3o Expresso Bairros\"},{\"@type\":\"BreadcrumbList\",\"@id\":\"https:\/\/expresso.estadao.com.br\/sao-paulo\/2023\/02\/16\/prefeitura-entrega-segunda-vila-reencontro-nesta-quinta\/#breadcrumb\",\"itemListElement\":[{\"@type\":\"ListItem\",\"position\":1,\"name\":\"In\u00edcio\",\"item\":\"https:\/\/expresso.estadao.com.br\/sao-paulo\/\"},{\"@type\":\"ListItem\",\"position\":2,\"name\":\"Prefeitura entrega 2\u00aa Vila Reencontro nesta quinta\"}]},{\"@type\":\"WebSite\",\"@id\":\"https:\/\/expresso.estadao.com.br\/sao-paulo\/#website\",\"url\":\"https:\/\/expresso.estadao.com.br\/sao-paulo\/\",\"name\":\"Estad\u00e3o Expresso S\u00e3o Paulo\",\"description\":\"Conte\u00fado de presta\u00e7\u00e3o de servi\u00e7o para que os moradores da cidade de S\u00e3o Paulo possam se informar melhor e usar de maneira mais eficaz os servi\u00e7os p\u00fablicos municipais.\",\"potentialAction\":[{\"@type\":\"SearchAction\",\"target\":{\"@type\":\"EntryPoint\",\"urlTemplate\":\"https:\/\/expresso.estadao.com.br\/sao-paulo\/?s={search_term_string}\"},\"query-input\":{\"@type\":\"PropertyValueSpecification\",\"valueRequired\":true,\"valueName\":\"search_term_string\"}}],\"inLanguage\":\"pt-BR\"},{\"@type\":\"Person\",\"@id\":\"https:\/\/expresso.estadao.com.br\/sao-paulo\/#\/schema\/person\/f45f9e313ba8cbe5af9424f387ddef42\",\"name\":\"fabio_bairros\",\"image\":{\"@type\":\"ImageObject\",\"inLanguage\":\"pt-BR\",\"@id\":\"https:\/\/expresso.estadao.com.br\/sao-paulo\/#\/schema\/person\/image\/\",\"url\":\"https:\/\/secure.gravatar.com\/avatar\/fbecca90befcfda9505216ce0dc87261326cb6644deb5861e7ab404061c24246?s=96&d=mm&r=g\",\"contentUrl\":\"https:\/\/secure.gravatar.com\/avatar\/fbecca90befcfda9505216ce0dc87261326cb6644deb5861e7ab404061c24246?s=96&d=mm&r=g\",\"caption\":\"fabio_bairros\"}}]}<\/script>\n<!-- \/ Yoast SEO plugin. -->","yoast_head_json":{"title":"Segunda Vila Reencontro - Estad\u00e3o Expresso Bairros","description":"Nova unidade do programa Vila Reencontro, voltado \u00e0 popula\u00e7\u00e3o em situa\u00e7\u00e3o de rua, vai acolher 160 pessoas no Anhangaba\u00fa","robots":{"index":"index","follow":"follow","max-snippet":"max-snippet:-1","max-image-preview":"max-image-preview:large","max-video-preview":"max-video-preview:-1"},"canonical":"https:\/\/expresso.estadao.com.br\/sao-paulo\/2023\/02\/16\/prefeitura-entrega-segunda-vila-reencontro-nesta-quinta\/","og_locale":"pt_BR","og_type":"article","og_title":"Segunda Vila Reencontro - Estad\u00e3o Expresso Bairros","og_description":"Nova unidade do programa Vila Reencontro, voltado \u00e0 popula\u00e7\u00e3o em situa\u00e7\u00e3o de rua, vai acolher 160 pessoas no Anhangaba\u00fa","og_url":"https:\/\/expresso.estadao.com.br\/sao-paulo\/2023\/02\/16\/prefeitura-entrega-segunda-vila-reencontro-nesta-quinta\/","og_site_name":"Estad\u00e3o Expresso S\u00e3o Paulo","article_published_time":"2023-02-16T10:15:58+00:00","article_modified_time":"2023-07-06T14:42:04+00:00","og_image":[{"width":"","height":"","url":"https:\/\/expresso.estadao.com.br\/sao-paulo\/wp-content\/uploads\/2023\/02\/virada-cultural-4.jpg","type":"image\/jpeg"}],"author":"fabio_bairros","twitter_card":"summary_large_image","twitter_misc":{"Escrito por":"fabio_bairros","Est. tempo de leitura":"2 minutos"},"schema":{"@context":"https:\/\/schema.org","@graph":[{"@type":"WebPage","@id":"https:\/\/expresso.estadao.com.br\/sao-paulo\/2023\/02\/16\/prefeitura-entrega-segunda-vila-reencontro-nesta-quinta\/","url":"https:\/\/expresso.estadao.com.br\/sao-paulo\/2023\/02\/16\/prefeitura-entrega-segunda-vila-reencontro-nesta-quinta\/","name":"Segunda Vila Reencontro - Estad\u00e3o Expresso Bairros","isPartOf":{"@id":"https:\/\/expresso.estadao.com.br\/sao-paulo\/#website"},"primaryImageOfPage":{"@id":"https:\/\/expresso.estadao.com.br\/sao-paulo\/2023\/02\/16\/prefeitura-entrega-segunda-vila-reencontro-nesta-quinta\/#primaryimage"},"image":{"@id":"https:\/\/expresso.estadao.com.br\/sao-paulo\/2023\/02\/16\/prefeitura-entrega-segunda-vila-reencontro-nesta-quinta\/#primaryimage"},"thumbnailUrl":"https:\/\/expresso.estadao.com.br\/sao-paulo\/wp-content\/uploads\/2023\/02\/virada-cultural-4.jpg","datePublished":"2023-02-16T10:15:58+00:00","dateModified":"2023-07-06T14:42:04+00:00","author":{"@id":"https:\/\/expresso.estadao.com.br\/sao-paulo\/#\/schema\/person\/f45f9e313ba8cbe5af9424f387ddef42"},"description":"Nova unidade do programa Vila Reencontro, voltado \u00e0 popula\u00e7\u00e3o em situa\u00e7\u00e3o de rua, vai acolher 160 pessoas no Anhangaba\u00fa","breadcrumb":{"@id":"https:\/\/expresso.estadao.com.br\/sao-paulo\/2023\/02\/16\/prefeitura-entrega-segunda-vila-reencontro-nesta-quinta\/#breadcrumb"},"inLanguage":"pt-BR","potentialAction":[{"@type":"ReadAction","target":["https:\/\/expresso.estadao.com.br\/sao-paulo\/2023\/02\/16\/prefeitura-entrega-segunda-vila-reencontro-nesta-quinta\/"]}]},{"@type":"ImageObject","inLanguage":"pt-BR","@id":"https:\/\/expresso.estadao.com.br\/sao-paulo\/2023\/02\/16\/prefeitura-entrega-segunda-vila-reencontro-nesta-quinta\/#primaryimage","url":"https:\/\/expresso.estadao.com.br\/sao-paulo\/wp-content\/uploads\/2023\/02\/virada-cultural-4.jpg","contentUrl":"https:\/\/expresso.estadao.com.br\/sao-paulo\/wp-content\/uploads\/2023\/02\/virada-cultural-4.jpg","width":1190,"height":793,"caption":"Unidade Vila Cruzeiro, inaugurada em dezembro - Cr\u00e9dito: L. Santana\/Estad\u00e3o Expresso Bairros"},{"@type":"BreadcrumbList","@id":"https:\/\/expresso.estadao.com.br\/sao-paulo\/2023\/02\/16\/prefeitura-entrega-segunda-vila-reencontro-nesta-quinta\/#breadcrumb","itemListElement":[{"@type":"ListItem","position":1,"name":"In\u00edcio","item":"https:\/\/expresso.estadao.com.br\/sao-paulo\/"},{"@type":"ListItem","position":2,"name":"Prefeitura entrega 2\u00aa Vila Reencontro nesta quinta"}]},{"@type":"WebSite","@id":"https:\/\/expresso.estadao.com.br\/sao-paulo\/#website","url":"https:\/\/expresso.estadao.com.br\/sao-paulo\/","name":"Estad\u00e3o Expresso S\u00e3o Paulo","description":"Conte\u00fado de presta\u00e7\u00e3o de servi\u00e7o para que os moradores da cidade de S\u00e3o Paulo possam se informar melhor e usar de maneira mais eficaz os servi\u00e7os p\u00fablicos municipais.","potentialAction":[{"@type":"SearchAction","target":{"@type":"EntryPoint","urlTemplate":"https:\/\/expresso.estadao.com.br\/sao-paulo\/?s={search_term_string}"},"query-input":{"@type":"PropertyValueSpecification","valueRequired":true,"valueName":"search_term_string"}}],"inLanguage":"pt-BR"},{"@type":"Person","@id":"https:\/\/expresso.estadao.com.br\/sao-paulo\/#\/schema\/person\/f45f9e313ba8cbe5af9424f387ddef42","name":"fabio_bairros","image":{"@type":"ImageObject","inLanguage":"pt-BR","@id":"https:\/\/expresso.estadao.com.br\/sao-paulo\/#\/schema\/person\/image\/","url":"https:\/\/secure.gravatar.com\/avatar\/fbecca90befcfda9505216ce0dc87261326cb6644deb5861e7ab404061c24246?s=96&d=mm&r=g","contentUrl":"https:\/\/secure.gravatar.com\/avatar\/fbecca90befcfda9505216ce0dc87261326cb6644deb5861e7ab404061c24246?s=96&d=mm&r=g","caption":"fabio_bairros"}}]}},"_links":{"self":[{"href":"https:\/\/expresso.estadao.com.br\/sao-paulo\/wp-json\/wp\/v2\/posts\/3116","targetHints":{"allow":["GET"]}}],"collection":[{"href":"https:\/\/expresso.estadao.com.br\/sao-paulo\/wp-json\/wp\/v2\/posts"}],"about":[{"href":"https:\/\/expresso.estadao.com.br\/sao-paulo\/wp-json\/wp\/v2\/types\/post"}],"author":[{"embeddable":true,"href":"https:\/\/expresso.estadao.com.br\/sao-paulo\/wp-json\/wp\/v2\/users\/4"}],"replies":[{"embeddable":true,"href":"https:\/\/expresso.estadao.com.br\/sao-paulo\/wp-json\/wp\/v2\/comments?post=3116"}],"version-history":[{"count":8,"href":"https:\/\/expresso.estadao.com.br\/sao-paulo\/wp-json\/wp\/v2\/posts\/3116\/revisions"}],"predecessor-version":[{"id":3126,"href":"https:\/\/expresso.estadao.com.br\/sao-paulo\/wp-json\/wp\/v2\/posts\/3116\/revisions\/3126"}],"wp:featuredmedia":[{"embeddable":true,"href":"https:\/\/expresso.estadao.com.br\/sao-paulo\/wp-json\/wp\/v2\/media\/3118"}],"wp:attachment":[{"href":"https:\/\/expresso.estadao.com.br\/sao-paulo\/wp-json\/wp\/v2\/media?parent=3116"}],"wp:term":[{"taxonomy":"category","embeddable":true,"href":"https:\/\/expresso.estadao.com.br\/sao-paulo\/wp-json\/wp\/v2\/categories?post=3116"},{"taxonomy":"post_tag","embeddable":true,"href":"https:\/\/expresso.estadao.com.br\/sao-paulo\/wp-json\/wp\/v2\/tags?post=3116"}],"curies":[{"name":"wp","href":"https:\/\/api.w.org\/{rel}","templated":true}]}}