{"id":3192,"date":"2023-02-16T17:01:07","date_gmt":"2023-02-16T20:01:07","guid":{"rendered":"https:\/\/expresso.estadao.com.br\/sao-paulo\/?p=3192"},"modified":"2023-07-06T11:53:14","modified_gmt":"2023-07-06T14:53:14","slug":"13-blocos-para-cair-no-samba-na-zona-leste","status":"publish","type":"post","link":"https:\/\/expresso.estadao.com.br\/sao-paulo\/2023\/02\/16\/13-blocos-para-cair-no-samba-na-zona-leste\/","title":{"rendered":"13 blocos para cair no samba na zona leste"},"content":{"rendered":"<p><span style=\"font-weight: 400;\">As multid\u00f5es carnavalescas s\u00e3o mais frequentes nas regi\u00f5es mais centrais da cidade, mas as festividades alcan\u00e7am diferentes partes de S\u00e3o Paulo \u2014 e a zona leste n\u00e3o fica de fora. S\u00e3o 68 as atra\u00e7\u00f5es de rua que convidam os moradores para cair na folia, divididas na programa\u00e7\u00e3o de <\/span><a href=\"https:\/\/expresso.estadao.com.br\/sao-paulo\/2023\/02\/09\/programacao-oficial-de-carnaval-comeca-nesta-sexta\/\"><span style=\"font-weight: 400;\">pr\u00e9-carnaval, carnaval e p\u00f3s-carnaval<\/span><\/a><span style=\"font-weight: 400;\">, e 13 delas apostam no samba como o g\u00eanero musical predominante.<\/span><\/p>\n<p><span style=\"font-weight: 400;\">Os blocos Batucada de Nego V\u00e9io, na subprefeitura da Penha; Sem Pecado e Sem Ju\u00edzo e Caramba do Caramba, no Itaim Paulista; Copo Quebrado, em Guaianases e o Bloco das Pretas, em S\u00e3o Mateus, s\u00e3o algumas das op\u00e7\u00f5es para o feriado de carnaval.<\/span><\/p>\n<p><span style=\"font-weight: 400;\">Quem prefere outros estilos musicais pode optar, por exemplo, pelo Elecktra &amp; After do Tokan, de m\u00fasica eletr\u00f4nica; o Moradia e Folia ou o Desencanto Tropical, de MPB; o Fam\u00edlia Leal M.T, embalado ao som de reggae; ou o Afox\u00e9 Om\u00ed Aiye, de ritmos ligados aos cultos afrorreligiosos.<\/span><\/p>\n<p><span style=\"font-weight: 400;\">Conhe\u00e7a as demais atra\u00e7\u00f5es do carnaval de rua nas subprefeituras Mooca, Penha, Itaim Paulista, Itaquera, Aricanduva, Ermelino Matarazzo, Guaianases, S\u00e3o Mateus, S\u00e3o Miguel Paulista, Sapopemba e Vila Prudente. A programa\u00e7\u00e3o para todas as regi\u00f5es da cidade, com filtros de data e estilo musical do bloco, tamb\u00e9m pode ser consultada <\/span><a href=\"https:\/\/carnavalderua.prefeitura.sp.gov.br\/\"><span style=\"font-weight: 400;\">clicando aqui<\/span><\/a><span style=\"font-weight: 400;\">.<\/span><span style=\"font-weight: 400;\">\u00a0<\/span><\/p>\n<p><img loading=\"lazy\" decoding=\"async\" class=\"alignnone wp-image-3200 size-full\" src=\"https:\/\/expresso.estadao.com.br\/sao-paulo\/wp-content\/uploads\/2023\/02\/ZonaLeste_Carnaval.jpg\" alt=\"blocos da zona leste de S\u00e3o Paulo\" width=\"915\" height=\"700\" srcset=\"https:\/\/expresso.estadao.com.br\/sao-paulo\/wp-content\/uploads\/2023\/02\/ZonaLeste_Carnaval.jpg 915w, https:\/\/expresso.estadao.com.br\/sao-paulo\/wp-content\/uploads\/2023\/02\/ZonaLeste_Carnaval-392x300.jpg 392w, https:\/\/expresso.estadao.com.br\/sao-paulo\/wp-content\/uploads\/2023\/02\/ZonaLeste_Carnaval-768x588.jpg 768w\" sizes=\"auto, (max-width: 915px) 100vw, 915px\" \/><\/p>\n<p>&nbsp;<\/p>\n<p><b>Mooca<\/b><\/p>\n<p><span style=\"font-weight: 400;\">Elecktra &amp; After do Tokan (eletr\u00f4nica) \u2013 Dia 18\/02, com concentra\u00e7\u00e3o na Rua Belo Horizonte (entre Rua Jos\u00e9 Monteiro e Rua Firminiano Pinto) \u00e0s 14h<\/span><\/p>\n<p><span style=\"font-weight: 400;\">Bloco da Pra\u00e7a (marchinhas) \u2013 Dia 18\/02, com concentra\u00e7\u00e3o na Rua Ferreira Fran\u00e7a \u00e0s 14h<\/span><\/p>\n<p><span style=\"font-weight: 400;\">Bloco da Lisa (ax\u00e9) \u2013 Dia 19\/02, com concentra\u00e7\u00e3o na Rua Catarina Braida, 232, \u00e0s 13h<\/span><\/p>\n<p><span style=\"font-weight: 400;\">Bloco Belas &amp; Empreendedoras (marchinhas) \u2013 Dia 19\/02, com concentra\u00e7\u00e3o na Rua Borges Figueiredo \u00e0s 14h<\/span><\/p>\n<p><span style=\"font-weight: 400;\">Moradia e Folia ULCM (MPB) \u2013 Dia 19\/02, com concentra\u00e7\u00e3o na Rua In\u00e1cio de Ara\u00fajo \u00e0s 14h<\/span><\/p>\n<p><span style=\"font-weight: 400;\">Baheanada (ecl\u00e9tico) \u2013 Dia 19\/02, com concentra\u00e7\u00e3o na Avenida Vereador Abel Ferreira (entre Rua Guandu e Pra\u00e7a Florestan Fernandes) \u00e0s 14h<\/span><\/p>\n<p><span style=\"font-weight: 400;\">Mar\u00e9 Alta do Tatuap\u00e9 (marchinhas) \u2013 Dia 20\/02, com concentra\u00e7\u00e3o na Rua Azevedo Soares, 685, \u00e0s 13h<\/span><\/p>\n<p><span style=\"font-weight: 400;\">Amigos da Rua Bresser (marchinhas) \u2013 Dia 20\/02, com concentra\u00e7\u00e3o na Rua Bresser \u00e0s 13h<\/span><\/p>\n<hr \/>\n<p><b>Penha<\/b><\/p>\n<p><span style=\"font-weight: 400;\">Bloco do Temperadinho (marchinhas) \u2013 Dia 19\/02, com concentra\u00e7\u00e3o na Pra\u00e7a Barra D&#8217;Ouro \u00e0s 14h<\/span><\/p>\n<p><span style=\"font-weight: 400;\">Batucada de Nego V\u00e9io (samba) \u2013 Dia 19\/02, com concentra\u00e7\u00e3o na Rua Alvin\u00f3polis \u00e0s 18h<\/span><\/p>\n<p><span style=\"font-weight: 400;\">Desencanto Tropical (MPB) \u2013 Dia 20\/02, com concentra\u00e7\u00e3o na Pra\u00e7a F\u00e9lix \u00e0s 12h<\/span><\/p>\n<p><span style=\"font-weight: 400;\">Familia Sabotagem &#8220;Sabota&#8221; (samba) \u2013 Dia 21\/02, com concentra\u00e7\u00e3o na Rua Ang\u00e9lica da Costa Carvalho (E.M.E.F. Humberto de Campos) \u00e0s 14h<\/span><\/p>\n<p><span style=\"font-weight: 400;\">GRCSEES Tradi\u00e7\u00e3o do Canga\u00edba (marchinhas) \u2013 Dia 21\/02, com concentra\u00e7\u00e3o na Rua dos Protestantes, 75, \u00e0s 14h<\/span><\/p>\n<hr \/>\n<p><b>Itaim Paulista<\/b><\/p>\n<p><span style=\"font-weight: 400;\">Sem Pecado e Sem Ju\u00edzo (samba) \u2013 Dia 19\/02, com concentra\u00e7\u00e3o na Rua Ilha do Xavier \u00e0s 14h<\/span><\/p>\n<p><span style=\"font-weight: 400;\">O Samba Que o Povo Canta (marchinhas) \u2013 Dia 19\/02, com concentra\u00e7\u00e3o na Rua Alessandro Magnasco \u00e0s 13h<\/span><\/p>\n<p><span style=\"font-weight: 400;\">Bloco do Z\u00e9 Pretinho (ecl\u00e9tico) \u2013 Dia 20\/02, com concentra\u00e7\u00e3o na Rua Jandia (entre Rua Groa\u00edras e Rua Tr\u00eas Portos) \u00e0s 14h<\/span><\/p>\n<p><span style=\"font-weight: 400;\">Caramba do Caramba (samba) \u2013 Dia 21\/02, com concentra\u00e7\u00e3o na Rua Padre Virg\u00edlio Campelo, 503, \u00e0s 14h<\/span><\/p>\n<p><span style=\"font-weight: 400;\">Unidos do Mutir\u00e3o (marchinhas) \u2013 Dia 21\/02, com concentra\u00e7\u00e3o na Rua General Pereira de Berredo \u00e0s 12h<\/span><\/p>\n<hr \/>\n<p><b>Itaquera<\/b><\/p>\n<p><span style=\"font-weight: 400;\">Fam\u00edlia Leal M.T (reggae) \u2013 Dia 18\/02, com concentra\u00e7\u00e3o na Rua Arturo Vital \u00e0s 14h<\/span><\/p>\n<p><span style=\"font-weight: 400;\">Bloco Cultural Recordar \u00e9 Viver (cl\u00e1ssico) \u2013 Dia 18\/02, com concentra\u00e7\u00e3o na Av. Nagib Farah Maluf, s\/n, Cohab 2 (Pra\u00e7a Brasil), \u00e0s 14h<\/span><\/p>\n<p><span style=\"font-weight: 400;\">O Bloco Ta\u00ed Cai Quem Ker (samba) \u2013 Dia 19\/02, com concentra\u00e7\u00e3o na Rua Virginia Ferni \u00e0s 14h<\/span><\/p>\n<p><span style=\"font-weight: 400;\">Cord\u00e3o Sucatas Ambulantes (samba) \u2013 Dia 19\/02, com concentra\u00e7\u00e3o na Avenida Nagib Farah Maluf \u00e0s 14h<\/span><\/p>\n<hr \/>\n<p><b>Aricanduva<\/b><\/p>\n<p><span style=\"font-weight: 400;\">Bloco da Maloka (MPB) \u2013 Dia 18\/02, com concentra\u00e7\u00e3o na Pra\u00e7a Padre Nelson Jos\u00e9 Nigrist \u00e0s 14h<\/span><\/p>\n<p><b>Ermelino Matarazzo<\/b><\/p>\n<p><span style=\"font-weight: 400;\">Afox\u00e9 Om\u00ed Aiye (afro) \u2013 Dia 21\/02, com concentra\u00e7\u00e3o na Pra\u00e7a Benedito Ramos Rodrigues \u00e0s 14h<\/span><\/p>\n<p><span style=\"font-weight: 400;\">Fam\u00edlia Na Folia (samba) \u2013 Dia 21\/02, com concentra\u00e7\u00e3o na Travessa Renato Rodrigues Moreira \u00e0s 16h<\/span><\/p>\n<hr \/>\n<p><b>Guaianases<\/b><\/p>\n<p><span style=\"font-weight: 400;\">Bloco Copo Quebrado (samba) \u2013 Dia 21\/02, com concentra\u00e7\u00e3o na Avenida Utaro Kanai, 795, \u00e0s 12h<\/span><\/p>\n<hr \/>\n<p><b>S\u00e3o Mateus<\/b><\/p>\n<p><span style=\"font-weight: 400;\">Bloco Balan\u00e7o da Rosa (samba) \u2013 Dia 18\/02, com concentra\u00e7\u00e3o na Rua Redu\u00e7\u00e3o de Guarambar\u00e9, 39, \u00e0s 12h<\/span><\/p>\n<p><span style=\"font-weight: 400;\">Bloco Z\u00e9 Poeta (marchinhas) \u2013 Dia 19\/02, com concentra\u00e7\u00e3o na Rua Fernando Louren\u00e7o \u00e0s 13h<\/span><\/p>\n<p><span style=\"font-weight: 400;\">Bloco das Pretas (samba) \u2013 Dia 21\/02, com concentra\u00e7\u00e3o na Rua Sebasti\u00e3o de Mendon\u00e7a \u00e0s 13h<\/span><\/p>\n<hr \/>\n<p><b>S\u00e3o Miguel Paulista<\/b><\/p>\n<p><span style=\"font-weight: 400;\">Bloco Afro Filhas da M\u00e3e \u00c1frica (samba) \u2013 Dia 20\/02, com concentra\u00e7\u00e3o na Rua Cumar\u00fa, 204, \u00e0s 14h<\/span><\/p>\n<p><span style=\"font-weight: 400;\">Bloco do Bai\u00e3o (forr\u00f3) \u2013 Dia 21\/02, com concentra\u00e7\u00e3o na Avenida Dr. Jos\u00e9 Aristodemos Pinotti \u00e0s 17h<\/span><\/p>\n<p><span style=\"font-weight: 400;\">CBTUR Brasil (marchinhas) \u2013 Dia 21\/02, com concentra\u00e7\u00e3o na Avenida Dr. Jos\u00e9 Aristodemos Pinotti \u00e0s 12h<\/span><\/p>\n<p><span style=\"font-weight: 400;\">Bloco Belas &amp; Empreendedoras (marchinhas) \u2013 Dia 21\/02, com concentra\u00e7\u00e3o na Rua Ant\u00f4nio Siqueira \u00e0s 14h<\/span><\/p>\n<p><span style=\"font-weight: 400;\">Uni\u00e3o no Morro (samba) \u2013 Dia 21\/02, com concentra\u00e7\u00e3o na Avenida Dr. Jos\u00e9 Aristodemos Pinotti \u00e0s 18h<\/span><\/p>\n<p><span style=\"font-weight: 400;\">Bloco das Manifesta\u00e7\u00f5es Culturais Afox\u00e9 Babalotim (ax\u00e9) \u2013 Dia 21\/02, com concentra\u00e7\u00e3o na Avenida Dr. Jos\u00e9 Aristodemos Pinotti \u00e0s 16h<\/span><\/p>\n<p><span style=\"font-weight: 400;\">Navalha Power (rap) \u2013 Dia 21\/02, com concentra\u00e7\u00e3o na Rua Ascenso Fernandes, 1616, \u00e0s 14h<\/span><\/p>\n<p><span style=\"font-weight: 400;\">Vamo Q Vamo (samba) \u2013 Dia 21\/02, com concentra\u00e7\u00e3o na Avenida Dr. Jos\u00e9 Aristodemos Pinotti \u00e0s 15h<\/span><\/p>\n<hr \/>\n<p><b>Sapopemba<\/b><\/p>\n<p><span style=\"font-weight: 400;\">Bloco T\u00e1 Suavi (ecl\u00e9tico) \u2013 Dia 21\/02, com concentra\u00e7\u00e3o na Rua Marcondes Machado, 14, \u00e0s 13h<\/span><\/p>\n<hr \/>\n<p><b>Vila Prudente<\/b><\/p>\n<p><span style=\"font-weight: 400;\">B\u00fafalos de Vila Prudente (marchinhas) \u2013 Dia 20\/02, com concentra\u00e7\u00e3o na Rua Jos\u00e9 dos Reis, 603, \u00e0s 14h<\/span><\/p>\n<p><span style=\"font-weight: 400;\">Morro da Vila Alpina (marchinhas) \u2013 Dia 21\/02, com concentra\u00e7\u00e3o na Rua dos Junquilhos \u00e0s 14h<\/span><\/p>\n<p>&nbsp;<\/p>\n","protected":false},"excerpt":{"rendered":"<p>As multid\u00f5es carnavalescas s\u00e3o mais frequentes nas regi\u00f5es mais centrais da cidade, mas as festividades alcan\u00e7am diferentes partes de S\u00e3o Paulo \u2014 e a zona leste n\u00e3o fica de fora. S\u00e3o 68 as atra\u00e7\u00f5es de rua que convidam os moradores para cair na folia, divididas na programa\u00e7\u00e3o de pr\u00e9-carnaval, carnaval e p\u00f3s-carnaval, e 13 delas [&hellip;]<\/p>\n","protected":false},"author":4,"featured_media":3196,"comment_status":"open","ping_status":"closed","sticky":false,"template":"","format":"standard","meta":{"_acf_changed":false,"_monsterinsights_skip_tracking":false,"_monsterinsights_sitenote_active":false,"_monsterinsights_sitenote_note":"","_monsterinsights_sitenote_category":0,"footnotes":""},"categories":[741],"tags":[127,335,126,52],"class_list":["post-3192","post","type-post","status-publish","format-standard","has-post-thumbnail","hentry","category-cultura","tag-blocos","tag-blocos-da-zona-leste","tag-carnaval","tag-prefeitura-de-sao-paulo"],"acf":[],"yoast_head":"<!-- This site is optimized with the Yoast SEO plugin v24.1 - https:\/\/yoast.com\/wordpress\/plugins\/seo\/ -->\n<title>Blocos da zona leste - Estad\u00e3o Expresso Bairros<\/title>\n<meta name=\"description\" content=\"Carnaval na zona leste tamb\u00e9m ter\u00e1 blocos artistas locais e blocos de ax\u00e9, m\u00fasica eletr\u00f4nica e reggae\" \/>\n<meta name=\"robots\" content=\"index, follow, max-snippet:-1, max-image-preview:large, max-video-preview:-1\" \/>\n<link rel=\"canonical\" href=\"https:\/\/expresso.estadao.com.br\/sao-paulo\/2023\/02\/16\/13-blocos-para-cair-no-samba-na-zona-leste\/\" \/>\n<meta property=\"og:locale\" content=\"pt_BR\" \/>\n<meta property=\"og:type\" content=\"article\" \/>\n<meta property=\"og:title\" content=\"Blocos da zona leste - Estad\u00e3o Expresso Bairros\" \/>\n<meta property=\"og:description\" content=\"Carnaval na zona leste tamb\u00e9m ter\u00e1 blocos artistas locais e blocos de ax\u00e9, m\u00fasica eletr\u00f4nica e reggae\" \/>\n<meta property=\"og:url\" content=\"https:\/\/expresso.estadao.com.br\/sao-paulo\/2023\/02\/16\/13-blocos-para-cair-no-samba-na-zona-leste\/\" \/>\n<meta property=\"og:site_name\" content=\"Estad\u00e3o Expresso S\u00e3o Paulo\" \/>\n<meta property=\"article:published_time\" content=\"2023-02-16T20:01:07+00:00\" \/>\n<meta property=\"article:modified_time\" content=\"2023-07-06T14:53:14+00:00\" \/>\n<meta property=\"og:image\" content=\"https:\/\/expresso.estadao.com.br\/sao-paulo\/wp-content\/uploads\/2023\/02\/fantasis-1.jpg\" \/>\n\t<meta property=\"og:image:type\" content=\"image\/jpeg\" \/>\n<meta name=\"author\" content=\"fabio_bairros\" \/>\n<meta name=\"twitter:card\" content=\"summary_large_image\" \/>\n<meta name=\"twitter:label1\" content=\"Escrito por\" \/>\n\t<meta name=\"twitter:data1\" content=\"fabio_bairros\" \/>\n\t<meta name=\"twitter:label2\" content=\"Est. tempo de leitura\" \/>\n\t<meta name=\"twitter:data2\" content=\"5 minutos\" \/>\n<script type=\"application\/ld+json\" class=\"yoast-schema-graph\">{\"@context\":\"https:\/\/schema.org\",\"@graph\":[{\"@type\":\"WebPage\",\"@id\":\"https:\/\/expresso.estadao.com.br\/sao-paulo\/2023\/02\/16\/13-blocos-para-cair-no-samba-na-zona-leste\/\",\"url\":\"https:\/\/expresso.estadao.com.br\/sao-paulo\/2023\/02\/16\/13-blocos-para-cair-no-samba-na-zona-leste\/\",\"name\":\"Blocos da zona leste - Estad\u00e3o Expresso Bairros\",\"isPartOf\":{\"@id\":\"https:\/\/expresso.estadao.com.br\/sao-paulo\/#website\"},\"primaryImageOfPage\":{\"@id\":\"https:\/\/expresso.estadao.com.br\/sao-paulo\/2023\/02\/16\/13-blocos-para-cair-no-samba-na-zona-leste\/#primaryimage\"},\"image\":{\"@id\":\"https:\/\/expresso.estadao.com.br\/sao-paulo\/2023\/02\/16\/13-blocos-para-cair-no-samba-na-zona-leste\/#primaryimage\"},\"thumbnailUrl\":\"https:\/\/expresso.estadao.com.br\/sao-paulo\/wp-content\/uploads\/2023\/02\/fantasis-1.jpg\",\"datePublished\":\"2023-02-16T20:01:07+00:00\",\"dateModified\":\"2023-07-06T14:53:14+00:00\",\"author\":{\"@id\":\"https:\/\/expresso.estadao.com.br\/sao-paulo\/#\/schema\/person\/f45f9e313ba8cbe5af9424f387ddef42\"},\"description\":\"Carnaval na zona leste tamb\u00e9m ter\u00e1 blocos artistas locais e blocos de ax\u00e9, m\u00fasica eletr\u00f4nica e reggae\",\"breadcrumb\":{\"@id\":\"https:\/\/expresso.estadao.com.br\/sao-paulo\/2023\/02\/16\/13-blocos-para-cair-no-samba-na-zona-leste\/#breadcrumb\"},\"inLanguage\":\"pt-BR\",\"potentialAction\":[{\"@type\":\"ReadAction\",\"target\":[\"https:\/\/expresso.estadao.com.br\/sao-paulo\/2023\/02\/16\/13-blocos-para-cair-no-samba-na-zona-leste\/\"]}]},{\"@type\":\"ImageObject\",\"inLanguage\":\"pt-BR\",\"@id\":\"https:\/\/expresso.estadao.com.br\/sao-paulo\/2023\/02\/16\/13-blocos-para-cair-no-samba-na-zona-leste\/#primaryimage\",\"url\":\"https:\/\/expresso.estadao.com.br\/sao-paulo\/wp-content\/uploads\/2023\/02\/fantasis-1.jpg\",\"contentUrl\":\"https:\/\/expresso.estadao.com.br\/sao-paulo\/wp-content\/uploads\/2023\/02\/fantasis-1.jpg\",\"width\":1032,\"height\":1190,\"caption\":\"Samba \u00e9 o ponto alto na zona leste - Cr\u00e9dito: Marcelo D. Sants\/ATO PRESS\/ESTAD\u00c3O\"},{\"@type\":\"BreadcrumbList\",\"@id\":\"https:\/\/expresso.estadao.com.br\/sao-paulo\/2023\/02\/16\/13-blocos-para-cair-no-samba-na-zona-leste\/#breadcrumb\",\"itemListElement\":[{\"@type\":\"ListItem\",\"position\":1,\"name\":\"In\u00edcio\",\"item\":\"https:\/\/expresso.estadao.com.br\/sao-paulo\/\"},{\"@type\":\"ListItem\",\"position\":2,\"name\":\"13 blocos para cair no samba na zona leste\"}]},{\"@type\":\"WebSite\",\"@id\":\"https:\/\/expresso.estadao.com.br\/sao-paulo\/#website\",\"url\":\"https:\/\/expresso.estadao.com.br\/sao-paulo\/\",\"name\":\"Estad\u00e3o Expresso S\u00e3o Paulo\",\"description\":\"Conte\u00fado de presta\u00e7\u00e3o de servi\u00e7o para que os moradores da cidade de S\u00e3o Paulo possam se informar melhor e usar de maneira mais eficaz os servi\u00e7os p\u00fablicos municipais.\",\"potentialAction\":[{\"@type\":\"SearchAction\",\"target\":{\"@type\":\"EntryPoint\",\"urlTemplate\":\"https:\/\/expresso.estadao.com.br\/sao-paulo\/?s={search_term_string}\"},\"query-input\":{\"@type\":\"PropertyValueSpecification\",\"valueRequired\":true,\"valueName\":\"search_term_string\"}}],\"inLanguage\":\"pt-BR\"},{\"@type\":\"Person\",\"@id\":\"https:\/\/expresso.estadao.com.br\/sao-paulo\/#\/schema\/person\/f45f9e313ba8cbe5af9424f387ddef42\",\"name\":\"fabio_bairros\",\"image\":{\"@type\":\"ImageObject\",\"inLanguage\":\"pt-BR\",\"@id\":\"https:\/\/expresso.estadao.com.br\/sao-paulo\/#\/schema\/person\/image\/\",\"url\":\"https:\/\/secure.gravatar.com\/avatar\/fbecca90befcfda9505216ce0dc87261326cb6644deb5861e7ab404061c24246?s=96&d=mm&r=g\",\"contentUrl\":\"https:\/\/secure.gravatar.com\/avatar\/fbecca90befcfda9505216ce0dc87261326cb6644deb5861e7ab404061c24246?s=96&d=mm&r=g\",\"caption\":\"fabio_bairros\"}}]}<\/script>\n<!-- \/ Yoast SEO plugin. -->","yoast_head_json":{"title":"Blocos da zona leste - Estad\u00e3o Expresso Bairros","description":"Carnaval na zona leste tamb\u00e9m ter\u00e1 blocos artistas locais e blocos de ax\u00e9, m\u00fasica eletr\u00f4nica e reggae","robots":{"index":"index","follow":"follow","max-snippet":"max-snippet:-1","max-image-preview":"max-image-preview:large","max-video-preview":"max-video-preview:-1"},"canonical":"https:\/\/expresso.estadao.com.br\/sao-paulo\/2023\/02\/16\/13-blocos-para-cair-no-samba-na-zona-leste\/","og_locale":"pt_BR","og_type":"article","og_title":"Blocos da zona leste - Estad\u00e3o Expresso Bairros","og_description":"Carnaval na zona leste tamb\u00e9m ter\u00e1 blocos artistas locais e blocos de ax\u00e9, m\u00fasica eletr\u00f4nica e reggae","og_url":"https:\/\/expresso.estadao.com.br\/sao-paulo\/2023\/02\/16\/13-blocos-para-cair-no-samba-na-zona-leste\/","og_site_name":"Estad\u00e3o Expresso S\u00e3o Paulo","article_published_time":"2023-02-16T20:01:07+00:00","article_modified_time":"2023-07-06T14:53:14+00:00","og_image":[{"width":"","height":"","url":"https:\/\/expresso.estadao.com.br\/sao-paulo\/wp-content\/uploads\/2023\/02\/fantasis-1.jpg","type":"image\/jpeg"}],"author":"fabio_bairros","twitter_card":"summary_large_image","twitter_misc":{"Escrito por":"fabio_bairros","Est. tempo de leitura":"5 minutos"},"schema":{"@context":"https:\/\/schema.org","@graph":[{"@type":"WebPage","@id":"https:\/\/expresso.estadao.com.br\/sao-paulo\/2023\/02\/16\/13-blocos-para-cair-no-samba-na-zona-leste\/","url":"https:\/\/expresso.estadao.com.br\/sao-paulo\/2023\/02\/16\/13-blocos-para-cair-no-samba-na-zona-leste\/","name":"Blocos da zona leste - Estad\u00e3o Expresso Bairros","isPartOf":{"@id":"https:\/\/expresso.estadao.com.br\/sao-paulo\/#website"},"primaryImageOfPage":{"@id":"https:\/\/expresso.estadao.com.br\/sao-paulo\/2023\/02\/16\/13-blocos-para-cair-no-samba-na-zona-leste\/#primaryimage"},"image":{"@id":"https:\/\/expresso.estadao.com.br\/sao-paulo\/2023\/02\/16\/13-blocos-para-cair-no-samba-na-zona-leste\/#primaryimage"},"thumbnailUrl":"https:\/\/expresso.estadao.com.br\/sao-paulo\/wp-content\/uploads\/2023\/02\/fantasis-1.jpg","datePublished":"2023-02-16T20:01:07+00:00","dateModified":"2023-07-06T14:53:14+00:00","author":{"@id":"https:\/\/expresso.estadao.com.br\/sao-paulo\/#\/schema\/person\/f45f9e313ba8cbe5af9424f387ddef42"},"description":"Carnaval na zona leste tamb\u00e9m ter\u00e1 blocos artistas locais e blocos de ax\u00e9, m\u00fasica eletr\u00f4nica e reggae","breadcrumb":{"@id":"https:\/\/expresso.estadao.com.br\/sao-paulo\/2023\/02\/16\/13-blocos-para-cair-no-samba-na-zona-leste\/#breadcrumb"},"inLanguage":"pt-BR","potentialAction":[{"@type":"ReadAction","target":["https:\/\/expresso.estadao.com.br\/sao-paulo\/2023\/02\/16\/13-blocos-para-cair-no-samba-na-zona-leste\/"]}]},{"@type":"ImageObject","inLanguage":"pt-BR","@id":"https:\/\/expresso.estadao.com.br\/sao-paulo\/2023\/02\/16\/13-blocos-para-cair-no-samba-na-zona-leste\/#primaryimage","url":"https:\/\/expresso.estadao.com.br\/sao-paulo\/wp-content\/uploads\/2023\/02\/fantasis-1.jpg","contentUrl":"https:\/\/expresso.estadao.com.br\/sao-paulo\/wp-content\/uploads\/2023\/02\/fantasis-1.jpg","width":1032,"height":1190,"caption":"Samba \u00e9 o ponto alto na zona leste - Cr\u00e9dito: Marcelo D. Sants\/ATO PRESS\/ESTAD\u00c3O"},{"@type":"BreadcrumbList","@id":"https:\/\/expresso.estadao.com.br\/sao-paulo\/2023\/02\/16\/13-blocos-para-cair-no-samba-na-zona-leste\/#breadcrumb","itemListElement":[{"@type":"ListItem","position":1,"name":"In\u00edcio","item":"https:\/\/expresso.estadao.com.br\/sao-paulo\/"},{"@type":"ListItem","position":2,"name":"13 blocos para cair no samba na zona leste"}]},{"@type":"WebSite","@id":"https:\/\/expresso.estadao.com.br\/sao-paulo\/#website","url":"https:\/\/expresso.estadao.com.br\/sao-paulo\/","name":"Estad\u00e3o Expresso S\u00e3o Paulo","description":"Conte\u00fado de presta\u00e7\u00e3o de servi\u00e7o para que os moradores da cidade de S\u00e3o Paulo possam se informar melhor e usar de maneira mais eficaz os servi\u00e7os p\u00fablicos municipais.","potentialAction":[{"@type":"SearchAction","target":{"@type":"EntryPoint","urlTemplate":"https:\/\/expresso.estadao.com.br\/sao-paulo\/?s={search_term_string}"},"query-input":{"@type":"PropertyValueSpecification","valueRequired":true,"valueName":"search_term_string"}}],"inLanguage":"pt-BR"},{"@type":"Person","@id":"https:\/\/expresso.estadao.com.br\/sao-paulo\/#\/schema\/person\/f45f9e313ba8cbe5af9424f387ddef42","name":"fabio_bairros","image":{"@type":"ImageObject","inLanguage":"pt-BR","@id":"https:\/\/expresso.estadao.com.br\/sao-paulo\/#\/schema\/person\/image\/","url":"https:\/\/secure.gravatar.com\/avatar\/fbecca90befcfda9505216ce0dc87261326cb6644deb5861e7ab404061c24246?s=96&d=mm&r=g","contentUrl":"https:\/\/secure.gravatar.com\/avatar\/fbecca90befcfda9505216ce0dc87261326cb6644deb5861e7ab404061c24246?s=96&d=mm&r=g","caption":"fabio_bairros"}}]}},"_links":{"self":[{"href":"https:\/\/expresso.estadao.com.br\/sao-paulo\/wp-json\/wp\/v2\/posts\/3192","targetHints":{"allow":["GET"]}}],"collection":[{"href":"https:\/\/expresso.estadao.com.br\/sao-paulo\/wp-json\/wp\/v2\/posts"}],"about":[{"href":"https:\/\/expresso.estadao.com.br\/sao-paulo\/wp-json\/wp\/v2\/types\/post"}],"author":[{"embeddable":true,"href":"https:\/\/expresso.estadao.com.br\/sao-paulo\/wp-json\/wp\/v2\/users\/4"}],"replies":[{"embeddable":true,"href":"https:\/\/expresso.estadao.com.br\/sao-paulo\/wp-json\/wp\/v2\/comments?post=3192"}],"version-history":[{"count":7,"href":"https:\/\/expresso.estadao.com.br\/sao-paulo\/wp-json\/wp\/v2\/posts\/3192\/revisions"}],"predecessor-version":[{"id":3203,"href":"https:\/\/expresso.estadao.com.br\/sao-paulo\/wp-json\/wp\/v2\/posts\/3192\/revisions\/3203"}],"wp:featuredmedia":[{"embeddable":true,"href":"https:\/\/expresso.estadao.com.br\/sao-paulo\/wp-json\/wp\/v2\/media\/3196"}],"wp:attachment":[{"href":"https:\/\/expresso.estadao.com.br\/sao-paulo\/wp-json\/wp\/v2\/media?parent=3192"}],"wp:term":[{"taxonomy":"category","embeddable":true,"href":"https:\/\/expresso.estadao.com.br\/sao-paulo\/wp-json\/wp\/v2\/categories?post=3192"},{"taxonomy":"post_tag","embeddable":true,"href":"https:\/\/expresso.estadao.com.br\/sao-paulo\/wp-json\/wp\/v2\/tags?post=3192"}],"curies":[{"name":"wp","href":"https:\/\/api.w.org\/{rel}","templated":true}]}}