{"id":3426,"date":"2023-02-28T18:50:23","date_gmt":"2023-02-28T21:50:23","guid":{"rendered":"https:\/\/expresso.estadao.com.br\/sao-paulo\/?p=3426"},"modified":"2023-07-06T11:03:52","modified_gmt":"2023-07-06T14:03:52","slug":"obras-vao-melhorar-estrutura-de-interlagos-para-eventos","status":"publish","type":"post","link":"https:\/\/expresso.estadao.com.br\/sao-paulo\/2023\/02\/28\/obras-vao-melhorar-estrutura-de-interlagos-para-eventos\/","title":{"rendered":"Obras v\u00e3o melhorar estrutura de Interlagos para eventos"},"content":{"rendered":"<p>A Prefeitura de S\u00e3o Paulo deu in\u00edcio em fevereiro \u00e0 primeira etapa das obras para transformar o Aut\u00f3dromo de Interlagos, na zona sul, em um espa\u00e7o mais bem preparado para receber shows e grandes eventos internacionais. Com investimento de R$ 18 milh\u00f5es, as interven\u00e7\u00f5es devem terminar em tr\u00eas meses.<\/p>\n<p>N\u00e3o haver\u00e1 mudan\u00e7as no calend\u00e1rio de eventos. As interven\u00e7\u00f5es buscam compatibilizar o uso diversificado do Aut\u00f3dromo sem interferir com as atividades automobil\u00edsticas na pista.<\/p>\n<p>O contrato prev\u00ea a adequa\u00e7\u00e3o e amplia\u00e7\u00e3o da \u00e1rea do circuito utilizada como estacionamento. Ser\u00e3o executados servi\u00e7os de terraplenagem para nivelamento do terreno, melhorando seu aproveitamento e integrando os espa\u00e7os existentes. A \u00e1rea pavimentada passar\u00e1 de 30 mil para aproximadamente 48,8 mil metros quadrados.<\/p>\n<p>O port\u00e3o T, localizado entre a avenida Interlagos e a rua Professor Adib Casseb, tamb\u00e9m receber\u00e1 melhorias. O pavimento, que est\u00e1 desgastado, ser\u00e1 substitu\u00eddo. Dessa forma, o espa\u00e7o ser\u00e1 melhor aproveitado, facilitando o acesso do p\u00fablico com mais conforto e seguran\u00e7a.<\/p>\n<p>Servi\u00e7os de terraplenagem tamb\u00e9m est\u00e3o previstos para a \u00e1rea entre a pista de testes e a curva do mergulho, deixando o local preparado para futuras novas arquibancadas. Outra novidade para a infraestrutura do Aut\u00f3dromo de Interlagos \u00e9 a implanta\u00e7\u00e3o de canaletas que ir\u00e3o melhorar a drenagem do espa\u00e7o.<\/p>\n<p>As pr\u00f3ximas fases da transforma\u00e7\u00e3o de Interlagos j\u00e1 est\u00e3o em planejamento na Secretaria de Infraestrutura e Obras. Entre as novidades, est\u00e3o a adequa\u00e7\u00e3o dos acessos existentes, requalifica\u00e7\u00e3o do espa\u00e7o conhecido como \u201claj\u00e3o\u201d, implanta\u00e7\u00e3o de estruturas fixas para eventos e revis\u00f5es nas redes de infraestrutura do Aut\u00f3dromo.<\/p>\n","protected":false},"excerpt":{"rendered":"<p>A Prefeitura de S\u00e3o Paulo deu in\u00edcio em fevereiro \u00e0 primeira etapa das obras para transformar o Aut\u00f3dromo de Interlagos, na zona sul, em um espa\u00e7o mais bem preparado para receber shows e grandes eventos internacionais. Com investimento de R$ 18 milh\u00f5es, as interven\u00e7\u00f5es devem terminar em tr\u00eas meses. N\u00e3o haver\u00e1 mudan\u00e7as no calend\u00e1rio de [&hellip;]<\/p>\n","protected":false},"author":4,"featured_media":3430,"comment_status":"open","ping_status":"closed","sticky":false,"template":"","format":"standard","meta":{"_acf_changed":false,"_monsterinsights_skip_tracking":false,"_monsterinsights_sitenote_active":false,"_monsterinsights_sitenote_note":"","_monsterinsights_sitenote_category":0,"footnotes":""},"categories":[752],"tags":[361,362,107,52],"class_list":["post-3426","post","type-post","status-publish","format-standard","has-post-thumbnail","hentry","category-infraestrutura-e-obras","tag-autodromo","tag-interlagos","tag-obras","tag-prefeitura-de-sao-paulo"],"acf":[],"yoast_head":"<!-- This site is optimized with the Yoast SEO plugin v24.1 - https:\/\/yoast.com\/wordpress\/plugins\/seo\/ -->\n<title>Reformas em Interlagos - Estad\u00e3o Expresso Bairros<\/title>\n<meta name=\"description\" content=\"Reforma prev\u00ea amplia\u00e7\u00e3o do estacionamento e prepara\u00e7\u00e3o para futuras arquibancadas no Aut\u00f3dromo de Interlagos\" \/>\n<meta name=\"robots\" content=\"index, follow, max-snippet:-1, max-image-preview:large, max-video-preview:-1\" \/>\n<link rel=\"canonical\" href=\"https:\/\/expresso.estadao.com.br\/sao-paulo\/2023\/02\/28\/obras-vao-melhorar-estrutura-de-interlagos-para-eventos\/\" \/>\n<meta property=\"og:locale\" content=\"pt_BR\" \/>\n<meta property=\"og:type\" content=\"article\" \/>\n<meta property=\"og:title\" content=\"Reformas em Interlagos - Estad\u00e3o Expresso Bairros\" \/>\n<meta property=\"og:description\" content=\"Reforma prev\u00ea amplia\u00e7\u00e3o do estacionamento e prepara\u00e7\u00e3o para futuras arquibancadas no Aut\u00f3dromo de Interlagos\" \/>\n<meta property=\"og:url\" content=\"https:\/\/expresso.estadao.com.br\/sao-paulo\/2023\/02\/28\/obras-vao-melhorar-estrutura-de-interlagos-para-eventos\/\" \/>\n<meta property=\"og:site_name\" content=\"Estad\u00e3o Expresso S\u00e3o Paulo\" \/>\n<meta property=\"article:published_time\" content=\"2023-02-28T21:50:23+00:00\" \/>\n<meta property=\"article:modified_time\" content=\"2023-07-06T14:03:52+00:00\" \/>\n<meta property=\"og:image\" content=\"https:\/\/expresso.estadao.com.br\/sao-paulo\/wp-content\/uploads\/2023\/02\/CAPAS-PODE-ENTRAR-9.jpg\" \/>\n\t<meta property=\"og:image:type\" content=\"image\/jpeg\" \/>\n<meta name=\"author\" content=\"fabio_bairros\" \/>\n<meta name=\"twitter:card\" content=\"summary_large_image\" \/>\n<meta name=\"twitter:label1\" content=\"Escrito por\" \/>\n\t<meta name=\"twitter:data1\" content=\"fabio_bairros\" \/>\n\t<meta name=\"twitter:label2\" content=\"Est. tempo de leitura\" \/>\n\t<meta name=\"twitter:data2\" content=\"2 minutos\" \/>\n<script type=\"application\/ld+json\" class=\"yoast-schema-graph\">{\"@context\":\"https:\/\/schema.org\",\"@graph\":[{\"@type\":\"WebPage\",\"@id\":\"https:\/\/expresso.estadao.com.br\/sao-paulo\/2023\/02\/28\/obras-vao-melhorar-estrutura-de-interlagos-para-eventos\/\",\"url\":\"https:\/\/expresso.estadao.com.br\/sao-paulo\/2023\/02\/28\/obras-vao-melhorar-estrutura-de-interlagos-para-eventos\/\",\"name\":\"Reformas em Interlagos - Estad\u00e3o Expresso Bairros\",\"isPartOf\":{\"@id\":\"https:\/\/expresso.estadao.com.br\/sao-paulo\/#website\"},\"primaryImageOfPage\":{\"@id\":\"https:\/\/expresso.estadao.com.br\/sao-paulo\/2023\/02\/28\/obras-vao-melhorar-estrutura-de-interlagos-para-eventos\/#primaryimage\"},\"image\":{\"@id\":\"https:\/\/expresso.estadao.com.br\/sao-paulo\/2023\/02\/28\/obras-vao-melhorar-estrutura-de-interlagos-para-eventos\/#primaryimage\"},\"thumbnailUrl\":\"https:\/\/expresso.estadao.com.br\/sao-paulo\/wp-content\/uploads\/2023\/02\/CAPAS-PODE-ENTRAR-9.jpg\",\"datePublished\":\"2023-02-28T21:50:23+00:00\",\"dateModified\":\"2023-07-06T14:03:52+00:00\",\"author\":{\"@id\":\"https:\/\/expresso.estadao.com.br\/sao-paulo\/#\/schema\/person\/f45f9e313ba8cbe5af9424f387ddef42\"},\"description\":\"Reforma prev\u00ea amplia\u00e7\u00e3o do estacionamento e prepara\u00e7\u00e3o para futuras arquibancadas no Aut\u00f3dromo de Interlagos\",\"breadcrumb\":{\"@id\":\"https:\/\/expresso.estadao.com.br\/sao-paulo\/2023\/02\/28\/obras-vao-melhorar-estrutura-de-interlagos-para-eventos\/#breadcrumb\"},\"inLanguage\":\"pt-BR\",\"potentialAction\":[{\"@type\":\"ReadAction\",\"target\":[\"https:\/\/expresso.estadao.com.br\/sao-paulo\/2023\/02\/28\/obras-vao-melhorar-estrutura-de-interlagos-para-eventos\/\"]}]},{\"@type\":\"ImageObject\",\"inLanguage\":\"pt-BR\",\"@id\":\"https:\/\/expresso.estadao.com.br\/sao-paulo\/2023\/02\/28\/obras-vao-melhorar-estrutura-de-interlagos-para-eventos\/#primaryimage\",\"url\":\"https:\/\/expresso.estadao.com.br\/sao-paulo\/wp-content\/uploads\/2023\/02\/CAPAS-PODE-ENTRAR-9.jpg\",\"contentUrl\":\"https:\/\/expresso.estadao.com.br\/sao-paulo\/wp-content\/uploads\/2023\/02\/CAPAS-PODE-ENTRAR-9.jpg\",\"width\":1190,\"height\":669,\"caption\":\"Reformas em \u00e1rea do Aut\u00f3dromo de Interlagos - Cr\u00e9dito: Divulga\u00e7\u00e3o\/Prefeitura SP\"},{\"@type\":\"BreadcrumbList\",\"@id\":\"https:\/\/expresso.estadao.com.br\/sao-paulo\/2023\/02\/28\/obras-vao-melhorar-estrutura-de-interlagos-para-eventos\/#breadcrumb\",\"itemListElement\":[{\"@type\":\"ListItem\",\"position\":1,\"name\":\"In\u00edcio\",\"item\":\"https:\/\/expresso.estadao.com.br\/sao-paulo\/\"},{\"@type\":\"ListItem\",\"position\":2,\"name\":\"Obras v\u00e3o melhorar estrutura de Interlagos para eventos\"}]},{\"@type\":\"WebSite\",\"@id\":\"https:\/\/expresso.estadao.com.br\/sao-paulo\/#website\",\"url\":\"https:\/\/expresso.estadao.com.br\/sao-paulo\/\",\"name\":\"Estad\u00e3o Expresso S\u00e3o Paulo\",\"description\":\"Conte\u00fado de presta\u00e7\u00e3o de servi\u00e7o para que os moradores da cidade de S\u00e3o Paulo possam se informar melhor e usar de maneira mais eficaz os servi\u00e7os p\u00fablicos municipais.\",\"potentialAction\":[{\"@type\":\"SearchAction\",\"target\":{\"@type\":\"EntryPoint\",\"urlTemplate\":\"https:\/\/expresso.estadao.com.br\/sao-paulo\/?s={search_term_string}\"},\"query-input\":{\"@type\":\"PropertyValueSpecification\",\"valueRequired\":true,\"valueName\":\"search_term_string\"}}],\"inLanguage\":\"pt-BR\"},{\"@type\":\"Person\",\"@id\":\"https:\/\/expresso.estadao.com.br\/sao-paulo\/#\/schema\/person\/f45f9e313ba8cbe5af9424f387ddef42\",\"name\":\"fabio_bairros\",\"image\":{\"@type\":\"ImageObject\",\"inLanguage\":\"pt-BR\",\"@id\":\"https:\/\/expresso.estadao.com.br\/sao-paulo\/#\/schema\/person\/image\/\",\"url\":\"https:\/\/secure.gravatar.com\/avatar\/fbecca90befcfda9505216ce0dc87261326cb6644deb5861e7ab404061c24246?s=96&d=mm&r=g\",\"contentUrl\":\"https:\/\/secure.gravatar.com\/avatar\/fbecca90befcfda9505216ce0dc87261326cb6644deb5861e7ab404061c24246?s=96&d=mm&r=g\",\"caption\":\"fabio_bairros\"}}]}<\/script>\n<!-- \/ Yoast SEO plugin. -->","yoast_head_json":{"title":"Reformas em Interlagos - Estad\u00e3o Expresso Bairros","description":"Reforma prev\u00ea amplia\u00e7\u00e3o do estacionamento e prepara\u00e7\u00e3o para futuras arquibancadas no Aut\u00f3dromo de Interlagos","robots":{"index":"index","follow":"follow","max-snippet":"max-snippet:-1","max-image-preview":"max-image-preview:large","max-video-preview":"max-video-preview:-1"},"canonical":"https:\/\/expresso.estadao.com.br\/sao-paulo\/2023\/02\/28\/obras-vao-melhorar-estrutura-de-interlagos-para-eventos\/","og_locale":"pt_BR","og_type":"article","og_title":"Reformas em Interlagos - Estad\u00e3o Expresso Bairros","og_description":"Reforma prev\u00ea amplia\u00e7\u00e3o do estacionamento e prepara\u00e7\u00e3o para futuras arquibancadas no Aut\u00f3dromo de Interlagos","og_url":"https:\/\/expresso.estadao.com.br\/sao-paulo\/2023\/02\/28\/obras-vao-melhorar-estrutura-de-interlagos-para-eventos\/","og_site_name":"Estad\u00e3o Expresso S\u00e3o Paulo","article_published_time":"2023-02-28T21:50:23+00:00","article_modified_time":"2023-07-06T14:03:52+00:00","og_image":[{"width":"","height":"","url":"https:\/\/expresso.estadao.com.br\/sao-paulo\/wp-content\/uploads\/2023\/02\/CAPAS-PODE-ENTRAR-9.jpg","type":"image\/jpeg"}],"author":"fabio_bairros","twitter_card":"summary_large_image","twitter_misc":{"Escrito por":"fabio_bairros","Est. tempo de leitura":"2 minutos"},"schema":{"@context":"https:\/\/schema.org","@graph":[{"@type":"WebPage","@id":"https:\/\/expresso.estadao.com.br\/sao-paulo\/2023\/02\/28\/obras-vao-melhorar-estrutura-de-interlagos-para-eventos\/","url":"https:\/\/expresso.estadao.com.br\/sao-paulo\/2023\/02\/28\/obras-vao-melhorar-estrutura-de-interlagos-para-eventos\/","name":"Reformas em Interlagos - Estad\u00e3o Expresso Bairros","isPartOf":{"@id":"https:\/\/expresso.estadao.com.br\/sao-paulo\/#website"},"primaryImageOfPage":{"@id":"https:\/\/expresso.estadao.com.br\/sao-paulo\/2023\/02\/28\/obras-vao-melhorar-estrutura-de-interlagos-para-eventos\/#primaryimage"},"image":{"@id":"https:\/\/expresso.estadao.com.br\/sao-paulo\/2023\/02\/28\/obras-vao-melhorar-estrutura-de-interlagos-para-eventos\/#primaryimage"},"thumbnailUrl":"https:\/\/expresso.estadao.com.br\/sao-paulo\/wp-content\/uploads\/2023\/02\/CAPAS-PODE-ENTRAR-9.jpg","datePublished":"2023-02-28T21:50:23+00:00","dateModified":"2023-07-06T14:03:52+00:00","author":{"@id":"https:\/\/expresso.estadao.com.br\/sao-paulo\/#\/schema\/person\/f45f9e313ba8cbe5af9424f387ddef42"},"description":"Reforma prev\u00ea amplia\u00e7\u00e3o do estacionamento e prepara\u00e7\u00e3o para futuras arquibancadas no Aut\u00f3dromo de Interlagos","breadcrumb":{"@id":"https:\/\/expresso.estadao.com.br\/sao-paulo\/2023\/02\/28\/obras-vao-melhorar-estrutura-de-interlagos-para-eventos\/#breadcrumb"},"inLanguage":"pt-BR","potentialAction":[{"@type":"ReadAction","target":["https:\/\/expresso.estadao.com.br\/sao-paulo\/2023\/02\/28\/obras-vao-melhorar-estrutura-de-interlagos-para-eventos\/"]}]},{"@type":"ImageObject","inLanguage":"pt-BR","@id":"https:\/\/expresso.estadao.com.br\/sao-paulo\/2023\/02\/28\/obras-vao-melhorar-estrutura-de-interlagos-para-eventos\/#primaryimage","url":"https:\/\/expresso.estadao.com.br\/sao-paulo\/wp-content\/uploads\/2023\/02\/CAPAS-PODE-ENTRAR-9.jpg","contentUrl":"https:\/\/expresso.estadao.com.br\/sao-paulo\/wp-content\/uploads\/2023\/02\/CAPAS-PODE-ENTRAR-9.jpg","width":1190,"height":669,"caption":"Reformas em \u00e1rea do Aut\u00f3dromo de Interlagos - Cr\u00e9dito: Divulga\u00e7\u00e3o\/Prefeitura SP"},{"@type":"BreadcrumbList","@id":"https:\/\/expresso.estadao.com.br\/sao-paulo\/2023\/02\/28\/obras-vao-melhorar-estrutura-de-interlagos-para-eventos\/#breadcrumb","itemListElement":[{"@type":"ListItem","position":1,"name":"In\u00edcio","item":"https:\/\/expresso.estadao.com.br\/sao-paulo\/"},{"@type":"ListItem","position":2,"name":"Obras v\u00e3o melhorar estrutura de Interlagos para eventos"}]},{"@type":"WebSite","@id":"https:\/\/expresso.estadao.com.br\/sao-paulo\/#website","url":"https:\/\/expresso.estadao.com.br\/sao-paulo\/","name":"Estad\u00e3o Expresso S\u00e3o Paulo","description":"Conte\u00fado de presta\u00e7\u00e3o de servi\u00e7o para que os moradores da cidade de S\u00e3o Paulo possam se informar melhor e usar de maneira mais eficaz os servi\u00e7os p\u00fablicos municipais.","potentialAction":[{"@type":"SearchAction","target":{"@type":"EntryPoint","urlTemplate":"https:\/\/expresso.estadao.com.br\/sao-paulo\/?s={search_term_string}"},"query-input":{"@type":"PropertyValueSpecification","valueRequired":true,"valueName":"search_term_string"}}],"inLanguage":"pt-BR"},{"@type":"Person","@id":"https:\/\/expresso.estadao.com.br\/sao-paulo\/#\/schema\/person\/f45f9e313ba8cbe5af9424f387ddef42","name":"fabio_bairros","image":{"@type":"ImageObject","inLanguage":"pt-BR","@id":"https:\/\/expresso.estadao.com.br\/sao-paulo\/#\/schema\/person\/image\/","url":"https:\/\/secure.gravatar.com\/avatar\/fbecca90befcfda9505216ce0dc87261326cb6644deb5861e7ab404061c24246?s=96&d=mm&r=g","contentUrl":"https:\/\/secure.gravatar.com\/avatar\/fbecca90befcfda9505216ce0dc87261326cb6644deb5861e7ab404061c24246?s=96&d=mm&r=g","caption":"fabio_bairros"}}]}},"_links":{"self":[{"href":"https:\/\/expresso.estadao.com.br\/sao-paulo\/wp-json\/wp\/v2\/posts\/3426","targetHints":{"allow":["GET"]}}],"collection":[{"href":"https:\/\/expresso.estadao.com.br\/sao-paulo\/wp-json\/wp\/v2\/posts"}],"about":[{"href":"https:\/\/expresso.estadao.com.br\/sao-paulo\/wp-json\/wp\/v2\/types\/post"}],"author":[{"embeddable":true,"href":"https:\/\/expresso.estadao.com.br\/sao-paulo\/wp-json\/wp\/v2\/users\/4"}],"replies":[{"embeddable":true,"href":"https:\/\/expresso.estadao.com.br\/sao-paulo\/wp-json\/wp\/v2\/comments?post=3426"}],"version-history":[{"count":3,"href":"https:\/\/expresso.estadao.com.br\/sao-paulo\/wp-json\/wp\/v2\/posts\/3426\/revisions"}],"predecessor-version":[{"id":3429,"href":"https:\/\/expresso.estadao.com.br\/sao-paulo\/wp-json\/wp\/v2\/posts\/3426\/revisions\/3429"}],"wp:featuredmedia":[{"embeddable":true,"href":"https:\/\/expresso.estadao.com.br\/sao-paulo\/wp-json\/wp\/v2\/media\/3430"}],"wp:attachment":[{"href":"https:\/\/expresso.estadao.com.br\/sao-paulo\/wp-json\/wp\/v2\/media?parent=3426"}],"wp:term":[{"taxonomy":"category","embeddable":true,"href":"https:\/\/expresso.estadao.com.br\/sao-paulo\/wp-json\/wp\/v2\/categories?post=3426"},{"taxonomy":"post_tag","embeddable":true,"href":"https:\/\/expresso.estadao.com.br\/sao-paulo\/wp-json\/wp\/v2\/tags?post=3426"}],"curies":[{"name":"wp","href":"https:\/\/api.w.org\/{rel}","templated":true}]}}