{"id":3841,"date":"2023-03-31T11:25:21","date_gmt":"2023-03-31T14:25:21","guid":{"rendered":"https:\/\/expresso.estadao.com.br\/sao-paulo\/?p=3841"},"modified":"2023-07-06T10:45:20","modified_gmt":"2023-07-06T13:45:20","slug":"confira-a-agenda-de-abril-da-paraoficina-movel","status":"publish","type":"post","link":"https:\/\/expresso.estadao.com.br\/sao-paulo\/2023\/03\/31\/confira-a-agenda-de-abril-da-paraoficina-movel\/","title":{"rendered":"Confira a agenda de abril da Paraoficina M\u00f3vel"},"content":{"rendered":"<p>A Prefeitura de S\u00e3o Paulo levar\u00e1 a Paraoficina M\u00f3vel a nove locais em abril. A unidade m\u00f3vel disponibiliza servi\u00e7os gratuitos de manuten\u00e7\u00e3o e reparos em cadeiras de rodas, \u00f3rteses, pr\u00f3teses e meios auxiliares de locomo\u00e7\u00e3o, como muletas, bengalas e andadores.<\/p>\n<p><strong>Como funciona?<\/strong><\/p>\n<p>Os servi\u00e7os contam com dois t\u00e9cnicos especializados em OPMs, em um ve\u00edculo adaptado com mobili\u00e1rio e equipamentos espec\u00edficos. Os atendimentos s\u00e3o realizados prioritariamente nos Centros Especializados em Reabilita\u00e7\u00e3o (CERs), equipamentos de reabilita\u00e7\u00e3o da rede municipal de sa\u00fade.<\/p>\n<p>Atendimento exclusivo para pessoas residentes na cidade de S\u00e3o Paulo que adquiriram sua cadeira e OPMs \u00e9 feito pelo SUS. No dia marcado, o mun\u00edcipe deve apresentar o cart\u00e3o do SUS e documento RG ou outro documento com foto. As visitas ocorrem durante a semana, em dias \u00fateis, quando poder\u00e3o ser atendidas at\u00e9 16 pessoas por dia, dependendo da complexidade do reparo. O hor\u00e1rio de atendimento \u00e9 das 9h \u00e0s 17h. Agendamento tamb\u00e9m pelo telefone: 3913-4071<\/p>\n<p>&nbsp;<\/p>\n<h3><strong>Agenda de Abril<\/strong><\/h3>\n<p>&nbsp;<\/p>\n<p><strong>Unidade M\u00b4Boi Mirim<\/strong><br \/>\nData: 4 e 18 de abril &#8211; ter\u00e7a-feira<br \/>\nEndere\u00e7o: av. Alexandrina Malisano de Lima, 601<\/p>\n<p><strong>Unidade Parelheiros<\/strong><br \/>\nData: 13 e 27 de abril &#8211; quinta-feira<br \/>\nEndere\u00e7o: rua Gaspar Leme S\/N &#8211; Balne\u00e1rio S\u00e3o Jos\u00e9<\/p>\n<p><strong>Unidade Tucuruvi<\/strong><br \/>\nData: 6 e 20 de abril &#8211; quinta-feira<br \/>\nEndere\u00e7o: av. Zaki Narchi, 357<\/p>\n<p><strong>Unidade S\u00e3o Miguel<\/strong><br \/>\nData: 12 e 26 de abril &#8211; quarta-feira<br \/>\nEndere\u00e7o: rua Professor Ant\u00f4nio Gama de Cerqueira, 347<\/p>\n<p><strong>Unidade Lapa<\/strong><br \/>\nData: 5 e 19 de abril &#8211; quarta-feira<br \/>\nEndere\u00e7o: Rua Cat\u00e3o, 420<\/p>\n<p><strong>Unidade Flavio Gianotti &#8211; Ipiranga<\/strong><br \/>\nData: 25 de abril &#8211; ter\u00e7a-feira<br \/>\nEndere\u00e7o: rua Xavier de Almeida, 210<\/p>\n<p><strong>Unidade S\u00e9<\/strong><br \/>\nData: 14 de abril &#8211; sexta-feira<br \/>\nEndere\u00e7o: rua Frederico Alvarenga, 259 &#8211; 3\u00ba andar<\/p>\n<p><strong>Unidade Santo Amaro<\/strong><br \/>\nData: 28 de abril &#8211; Sexta-feira<br \/>\nEndere\u00e7o: avenida Miguel Yunes &#8211; 491 &#8211; Usina Piratininga<\/p>\n<p><strong>Unidade Campo Limpo<\/strong><br \/>\nData: 11 de abril &#8211; ter\u00e7a-feira<br \/>\nEndere\u00e7o: rua Gast\u00e3o Raul Fourton Bousquet, 377 &#8211; Jd. Marcelo<\/p>\n","protected":false},"excerpt":{"rendered":"<p>A Prefeitura de S\u00e3o Paulo levar\u00e1 a Paraoficina M\u00f3vel a nove locais em abril. A unidade m\u00f3vel disponibiliza servi\u00e7os gratuitos de manuten\u00e7\u00e3o e reparos em cadeiras de rodas, \u00f3rteses, pr\u00f3teses e meios auxiliares de locomo\u00e7\u00e3o, como muletas, bengalas e andadores. Como funciona? Os servi\u00e7os contam com dois t\u00e9cnicos especializados em OPMs, em um ve\u00edculo adaptado [&hellip;]<\/p>\n","protected":false},"author":4,"featured_media":3843,"comment_status":"open","ping_status":"closed","sticky":false,"template":"","format":"standard","meta":{"_acf_changed":false,"_monsterinsights_skip_tracking":false,"_monsterinsights_sitenote_active":false,"_monsterinsights_sitenote_note":"","_monsterinsights_sitenote_category":0,"footnotes":""},"categories":[757],"tags":[445,97,52],"class_list":["post-3841","post","type-post","status-publish","format-standard","has-post-thumbnail","hentry","category-pessoa-com-deficiencia","tag-conserto-de-cadeiras-de-rodas","tag-paraoficina-movel","tag-prefeitura-de-sao-paulo"],"acf":[],"yoast_head":"<!-- This site is optimized with the Yoast SEO plugin v24.1 - https:\/\/yoast.com\/wordpress\/plugins\/seo\/ -->\n<title>Agenda de abril da Paraoficina M\u00f3vel - Estad\u00e3o Expresso Bairros<\/title>\n<meta name=\"description\" content=\"Unidades da Paraoficina M\u00f3vel que reparam equipamentos que auxiliam na locomo\u00e7\u00e3o passar\u00e3o por 9 locais\" \/>\n<meta name=\"robots\" content=\"index, follow, max-snippet:-1, max-image-preview:large, max-video-preview:-1\" \/>\n<link rel=\"canonical\" href=\"https:\/\/expresso.estadao.com.br\/sao-paulo\/2023\/03\/31\/confira-a-agenda-de-abril-da-paraoficina-movel\/\" \/>\n<meta property=\"og:locale\" content=\"pt_BR\" \/>\n<meta property=\"og:type\" content=\"article\" \/>\n<meta property=\"og:title\" content=\"Agenda de abril da Paraoficina M\u00f3vel - Estad\u00e3o Expresso Bairros\" \/>\n<meta property=\"og:description\" content=\"Unidades da Paraoficina M\u00f3vel que reparam equipamentos que auxiliam na locomo\u00e7\u00e3o passar\u00e3o por 9 locais\" \/>\n<meta property=\"og:url\" content=\"https:\/\/expresso.estadao.com.br\/sao-paulo\/2023\/03\/31\/confira-a-agenda-de-abril-da-paraoficina-movel\/\" \/>\n<meta property=\"og:site_name\" content=\"Estad\u00e3o Expresso S\u00e3o Paulo\" \/>\n<meta property=\"article:published_time\" content=\"2023-03-31T14:25:21+00:00\" \/>\n<meta property=\"article:modified_time\" content=\"2023-07-06T13:45:20+00:00\" \/>\n<meta property=\"og:image\" content=\"https:\/\/expresso.estadao.com.br\/sao-paulo\/wp-content\/uploads\/2023\/03\/thumb616059129.jpg\" \/>\n\t<meta property=\"og:image:type\" content=\"image\/jpeg\" \/>\n<meta name=\"author\" content=\"fabio_bairros\" \/>\n<meta name=\"twitter:card\" content=\"summary_large_image\" \/>\n<meta name=\"twitter:label1\" content=\"Escrito por\" \/>\n\t<meta name=\"twitter:data1\" content=\"fabio_bairros\" \/>\n\t<meta name=\"twitter:label2\" content=\"Est. tempo de leitura\" \/>\n\t<meta name=\"twitter:data2\" content=\"2 minutos\" \/>\n<script type=\"application\/ld+json\" class=\"yoast-schema-graph\">{\"@context\":\"https:\/\/schema.org\",\"@graph\":[{\"@type\":\"WebPage\",\"@id\":\"https:\/\/expresso.estadao.com.br\/sao-paulo\/2023\/03\/31\/confira-a-agenda-de-abril-da-paraoficina-movel\/\",\"url\":\"https:\/\/expresso.estadao.com.br\/sao-paulo\/2023\/03\/31\/confira-a-agenda-de-abril-da-paraoficina-movel\/\",\"name\":\"Agenda de abril da Paraoficina M\u00f3vel - Estad\u00e3o Expresso Bairros\",\"isPartOf\":{\"@id\":\"https:\/\/expresso.estadao.com.br\/sao-paulo\/#website\"},\"primaryImageOfPage\":{\"@id\":\"https:\/\/expresso.estadao.com.br\/sao-paulo\/2023\/03\/31\/confira-a-agenda-de-abril-da-paraoficina-movel\/#primaryimage\"},\"image\":{\"@id\":\"https:\/\/expresso.estadao.com.br\/sao-paulo\/2023\/03\/31\/confira-a-agenda-de-abril-da-paraoficina-movel\/#primaryimage\"},\"thumbnailUrl\":\"https:\/\/expresso.estadao.com.br\/sao-paulo\/wp-content\/uploads\/2023\/03\/thumb616059129.jpg\",\"datePublished\":\"2023-03-31T14:25:21+00:00\",\"dateModified\":\"2023-07-06T13:45:20+00:00\",\"author\":{\"@id\":\"https:\/\/expresso.estadao.com.br\/sao-paulo\/#\/schema\/person\/f45f9e313ba8cbe5af9424f387ddef42\"},\"description\":\"Unidades da Paraoficina M\u00f3vel que reparam equipamentos que auxiliam na locomo\u00e7\u00e3o passar\u00e3o por 9 locais\",\"breadcrumb\":{\"@id\":\"https:\/\/expresso.estadao.com.br\/sao-paulo\/2023\/03\/31\/confira-a-agenda-de-abril-da-paraoficina-movel\/#breadcrumb\"},\"inLanguage\":\"pt-BR\",\"potentialAction\":[{\"@type\":\"ReadAction\",\"target\":[\"https:\/\/expresso.estadao.com.br\/sao-paulo\/2023\/03\/31\/confira-a-agenda-de-abril-da-paraoficina-movel\/\"]}]},{\"@type\":\"ImageObject\",\"inLanguage\":\"pt-BR\",\"@id\":\"https:\/\/expresso.estadao.com.br\/sao-paulo\/2023\/03\/31\/confira-a-agenda-de-abril-da-paraoficina-movel\/#primaryimage\",\"url\":\"https:\/\/expresso.estadao.com.br\/sao-paulo\/wp-content\/uploads\/2023\/03\/thumb616059129.jpg\",\"contentUrl\":\"https:\/\/expresso.estadao.com.br\/sao-paulo\/wp-content\/uploads\/2023\/03\/thumb616059129.jpg\",\"width\":800,\"height\":720,\"caption\":\"Unidade da Paraoficina M\u00f3vel - Cr\u00e9dito: Divulga\u00e7\u00e3o\/Prefeitura SP\"},{\"@type\":\"BreadcrumbList\",\"@id\":\"https:\/\/expresso.estadao.com.br\/sao-paulo\/2023\/03\/31\/confira-a-agenda-de-abril-da-paraoficina-movel\/#breadcrumb\",\"itemListElement\":[{\"@type\":\"ListItem\",\"position\":1,\"name\":\"In\u00edcio\",\"item\":\"https:\/\/expresso.estadao.com.br\/sao-paulo\/\"},{\"@type\":\"ListItem\",\"position\":2,\"name\":\"Confira a agenda de abril da Paraoficina M\u00f3vel\"}]},{\"@type\":\"WebSite\",\"@id\":\"https:\/\/expresso.estadao.com.br\/sao-paulo\/#website\",\"url\":\"https:\/\/expresso.estadao.com.br\/sao-paulo\/\",\"name\":\"Estad\u00e3o Expresso S\u00e3o Paulo\",\"description\":\"Conte\u00fado de presta\u00e7\u00e3o de servi\u00e7o para que os moradores da cidade de S\u00e3o Paulo possam se informar melhor e usar de maneira mais eficaz os servi\u00e7os p\u00fablicos municipais.\",\"potentialAction\":[{\"@type\":\"SearchAction\",\"target\":{\"@type\":\"EntryPoint\",\"urlTemplate\":\"https:\/\/expresso.estadao.com.br\/sao-paulo\/?s={search_term_string}\"},\"query-input\":{\"@type\":\"PropertyValueSpecification\",\"valueRequired\":true,\"valueName\":\"search_term_string\"}}],\"inLanguage\":\"pt-BR\"},{\"@type\":\"Person\",\"@id\":\"https:\/\/expresso.estadao.com.br\/sao-paulo\/#\/schema\/person\/f45f9e313ba8cbe5af9424f387ddef42\",\"name\":\"fabio_bairros\",\"image\":{\"@type\":\"ImageObject\",\"inLanguage\":\"pt-BR\",\"@id\":\"https:\/\/expresso.estadao.com.br\/sao-paulo\/#\/schema\/person\/image\/\",\"url\":\"https:\/\/secure.gravatar.com\/avatar\/fbecca90befcfda9505216ce0dc87261326cb6644deb5861e7ab404061c24246?s=96&d=mm&r=g\",\"contentUrl\":\"https:\/\/secure.gravatar.com\/avatar\/fbecca90befcfda9505216ce0dc87261326cb6644deb5861e7ab404061c24246?s=96&d=mm&r=g\",\"caption\":\"fabio_bairros\"}}]}<\/script>\n<!-- \/ Yoast SEO plugin. -->","yoast_head_json":{"title":"Agenda de abril da Paraoficina M\u00f3vel - Estad\u00e3o Expresso Bairros","description":"Unidades da Paraoficina M\u00f3vel que reparam equipamentos que auxiliam na locomo\u00e7\u00e3o passar\u00e3o por 9 locais","robots":{"index":"index","follow":"follow","max-snippet":"max-snippet:-1","max-image-preview":"max-image-preview:large","max-video-preview":"max-video-preview:-1"},"canonical":"https:\/\/expresso.estadao.com.br\/sao-paulo\/2023\/03\/31\/confira-a-agenda-de-abril-da-paraoficina-movel\/","og_locale":"pt_BR","og_type":"article","og_title":"Agenda de abril da Paraoficina M\u00f3vel - Estad\u00e3o Expresso Bairros","og_description":"Unidades da Paraoficina M\u00f3vel que reparam equipamentos que auxiliam na locomo\u00e7\u00e3o passar\u00e3o por 9 locais","og_url":"https:\/\/expresso.estadao.com.br\/sao-paulo\/2023\/03\/31\/confira-a-agenda-de-abril-da-paraoficina-movel\/","og_site_name":"Estad\u00e3o Expresso S\u00e3o Paulo","article_published_time":"2023-03-31T14:25:21+00:00","article_modified_time":"2023-07-06T13:45:20+00:00","og_image":[{"width":"","height":"","url":"https:\/\/expresso.estadao.com.br\/sao-paulo\/wp-content\/uploads\/2023\/03\/thumb616059129.jpg","type":"image\/jpeg"}],"author":"fabio_bairros","twitter_card":"summary_large_image","twitter_misc":{"Escrito por":"fabio_bairros","Est. tempo de leitura":"2 minutos"},"schema":{"@context":"https:\/\/schema.org","@graph":[{"@type":"WebPage","@id":"https:\/\/expresso.estadao.com.br\/sao-paulo\/2023\/03\/31\/confira-a-agenda-de-abril-da-paraoficina-movel\/","url":"https:\/\/expresso.estadao.com.br\/sao-paulo\/2023\/03\/31\/confira-a-agenda-de-abril-da-paraoficina-movel\/","name":"Agenda de abril da Paraoficina M\u00f3vel - Estad\u00e3o Expresso Bairros","isPartOf":{"@id":"https:\/\/expresso.estadao.com.br\/sao-paulo\/#website"},"primaryImageOfPage":{"@id":"https:\/\/expresso.estadao.com.br\/sao-paulo\/2023\/03\/31\/confira-a-agenda-de-abril-da-paraoficina-movel\/#primaryimage"},"image":{"@id":"https:\/\/expresso.estadao.com.br\/sao-paulo\/2023\/03\/31\/confira-a-agenda-de-abril-da-paraoficina-movel\/#primaryimage"},"thumbnailUrl":"https:\/\/expresso.estadao.com.br\/sao-paulo\/wp-content\/uploads\/2023\/03\/thumb616059129.jpg","datePublished":"2023-03-31T14:25:21+00:00","dateModified":"2023-07-06T13:45:20+00:00","author":{"@id":"https:\/\/expresso.estadao.com.br\/sao-paulo\/#\/schema\/person\/f45f9e313ba8cbe5af9424f387ddef42"},"description":"Unidades da Paraoficina M\u00f3vel que reparam equipamentos que auxiliam na locomo\u00e7\u00e3o passar\u00e3o por 9 locais","breadcrumb":{"@id":"https:\/\/expresso.estadao.com.br\/sao-paulo\/2023\/03\/31\/confira-a-agenda-de-abril-da-paraoficina-movel\/#breadcrumb"},"inLanguage":"pt-BR","potentialAction":[{"@type":"ReadAction","target":["https:\/\/expresso.estadao.com.br\/sao-paulo\/2023\/03\/31\/confira-a-agenda-de-abril-da-paraoficina-movel\/"]}]},{"@type":"ImageObject","inLanguage":"pt-BR","@id":"https:\/\/expresso.estadao.com.br\/sao-paulo\/2023\/03\/31\/confira-a-agenda-de-abril-da-paraoficina-movel\/#primaryimage","url":"https:\/\/expresso.estadao.com.br\/sao-paulo\/wp-content\/uploads\/2023\/03\/thumb616059129.jpg","contentUrl":"https:\/\/expresso.estadao.com.br\/sao-paulo\/wp-content\/uploads\/2023\/03\/thumb616059129.jpg","width":800,"height":720,"caption":"Unidade da Paraoficina M\u00f3vel - Cr\u00e9dito: Divulga\u00e7\u00e3o\/Prefeitura SP"},{"@type":"BreadcrumbList","@id":"https:\/\/expresso.estadao.com.br\/sao-paulo\/2023\/03\/31\/confira-a-agenda-de-abril-da-paraoficina-movel\/#breadcrumb","itemListElement":[{"@type":"ListItem","position":1,"name":"In\u00edcio","item":"https:\/\/expresso.estadao.com.br\/sao-paulo\/"},{"@type":"ListItem","position":2,"name":"Confira a agenda de abril da Paraoficina M\u00f3vel"}]},{"@type":"WebSite","@id":"https:\/\/expresso.estadao.com.br\/sao-paulo\/#website","url":"https:\/\/expresso.estadao.com.br\/sao-paulo\/","name":"Estad\u00e3o Expresso S\u00e3o Paulo","description":"Conte\u00fado de presta\u00e7\u00e3o de servi\u00e7o para que os moradores da cidade de S\u00e3o Paulo possam se informar melhor e usar de maneira mais eficaz os servi\u00e7os p\u00fablicos municipais.","potentialAction":[{"@type":"SearchAction","target":{"@type":"EntryPoint","urlTemplate":"https:\/\/expresso.estadao.com.br\/sao-paulo\/?s={search_term_string}"},"query-input":{"@type":"PropertyValueSpecification","valueRequired":true,"valueName":"search_term_string"}}],"inLanguage":"pt-BR"},{"@type":"Person","@id":"https:\/\/expresso.estadao.com.br\/sao-paulo\/#\/schema\/person\/f45f9e313ba8cbe5af9424f387ddef42","name":"fabio_bairros","image":{"@type":"ImageObject","inLanguage":"pt-BR","@id":"https:\/\/expresso.estadao.com.br\/sao-paulo\/#\/schema\/person\/image\/","url":"https:\/\/secure.gravatar.com\/avatar\/fbecca90befcfda9505216ce0dc87261326cb6644deb5861e7ab404061c24246?s=96&d=mm&r=g","contentUrl":"https:\/\/secure.gravatar.com\/avatar\/fbecca90befcfda9505216ce0dc87261326cb6644deb5861e7ab404061c24246?s=96&d=mm&r=g","caption":"fabio_bairros"}}]}},"_links":{"self":[{"href":"https:\/\/expresso.estadao.com.br\/sao-paulo\/wp-json\/wp\/v2\/posts\/3841","targetHints":{"allow":["GET"]}}],"collection":[{"href":"https:\/\/expresso.estadao.com.br\/sao-paulo\/wp-json\/wp\/v2\/posts"}],"about":[{"href":"https:\/\/expresso.estadao.com.br\/sao-paulo\/wp-json\/wp\/v2\/types\/post"}],"author":[{"embeddable":true,"href":"https:\/\/expresso.estadao.com.br\/sao-paulo\/wp-json\/wp\/v2\/users\/4"}],"replies":[{"embeddable":true,"href":"https:\/\/expresso.estadao.com.br\/sao-paulo\/wp-json\/wp\/v2\/comments?post=3841"}],"version-history":[{"count":3,"href":"https:\/\/expresso.estadao.com.br\/sao-paulo\/wp-json\/wp\/v2\/posts\/3841\/revisions"}],"predecessor-version":[{"id":3845,"href":"https:\/\/expresso.estadao.com.br\/sao-paulo\/wp-json\/wp\/v2\/posts\/3841\/revisions\/3845"}],"wp:featuredmedia":[{"embeddable":true,"href":"https:\/\/expresso.estadao.com.br\/sao-paulo\/wp-json\/wp\/v2\/media\/3843"}],"wp:attachment":[{"href":"https:\/\/expresso.estadao.com.br\/sao-paulo\/wp-json\/wp\/v2\/media?parent=3841"}],"wp:term":[{"taxonomy":"category","embeddable":true,"href":"https:\/\/expresso.estadao.com.br\/sao-paulo\/wp-json\/wp\/v2\/categories?post=3841"},{"taxonomy":"post_tag","embeddable":true,"href":"https:\/\/expresso.estadao.com.br\/sao-paulo\/wp-json\/wp\/v2\/tags?post=3841"}],"curies":[{"name":"wp","href":"https:\/\/api.w.org\/{rel}","templated":true}]}}