{"id":3937,"date":"2023-04-09T18:55:25","date_gmt":"2023-04-09T21:55:25","guid":{"rendered":"https:\/\/expresso.estadao.com.br\/sao-paulo\/?p=3937"},"modified":"2023-07-06T10:40:11","modified_gmt":"2023-07-06T13:40:11","slug":"projeto-premiado-apresenta-pontos-turisticos-a-criancas","status":"publish","type":"post","link":"https:\/\/expresso.estadao.com.br\/sao-paulo\/2023\/04\/09\/projeto-premiado-apresenta-pontos-turisticos-a-criancas\/","title":{"rendered":"Projeto premiado apresenta pontos tur\u00edsticos a crian\u00e7as"},"content":{"rendered":"<p>No meio do vai-vem da pra\u00e7a Rep\u00fablica, no centro de S\u00e3o Paulo, entre pessoas apressadas para pegar o metr\u00f4 ou o \u00f4nibus, crian\u00e7as passeando montadas em triciclos quebram o ar sisudo e fren\u00e9tico da regi\u00e3o. O passeio faz parte do projeto \u201cMotoca na Pra\u00e7a\u201d, da Escola Municipal de Ensino Infantil Armando Arruda Pereira, localizada na pra\u00e7a da rep\u00fablica, onde estudam cerca de 300 alunos de 4 e 5 anos.<\/p>\n<p>\u201cQuer\u00edamos que as crian\u00e7as tivessem uma maior viv\u00eancia com o entorno do bairro no qual elas estudam\u201d, explica ao <em>Expresso Bairros<\/em> a professora L\u00edvia Arruda, idealizadora do projeto. \u201cLev\u00e1-los para passear com o triciclo foi uma tentativa de criar uma rotina como esses passeios, que teve uma aceita\u00e7\u00e3o logo de cara.\u201d<\/p>\n<p>O projeto come\u00e7ou em 2019, quando a professora, que trabalha na EMEI h\u00e1 12 anos, teve a ideia de usar os triciclos que havia na escola para fazer com as crian\u00e7as um passeio na pra\u00e7a. Antes de sair com os alunos, foi preciso fazer um treino para que eles aprendessem a usar o brinquedo como transporte \u2014 afinal, nem todos sabiam pedalar, mas \u00e9 liberado usar os p\u00e9s para dar impulso para quem n\u00e3o alcan\u00e7a ou n\u00e3o tem for\u00e7a para empurrar o pedal. Depois, com os alunos, estipularam as regras: n\u00e3o pode passar na frente do colega nem correr.<\/p>\n<p>Os primeiros passeios aconteceram na pr\u00f3pria pra\u00e7a. Guiando as motocas, eles saem em fila da escola e seguem a professora. Mais dois funcion\u00e1rios da escola acompanham o passeio para tomar conta do grupo.<\/p>\n<p>Para identifica\u00e7\u00e3o visual, as crian\u00e7as usam coletes da escola e os adultos, coletes de travessia cedidos pela Companhia de Engenharia de Tr\u00e1fego (CET). L\u00edvia ressalta que a obriga\u00e7\u00e3o das crian\u00e7as de cuidarem do brinquedo durante o trajeto faz com elas fiquem mais cuidadosas e atentas, al\u00e9m de chamar a aten\u00e7\u00e3o de quem cruza o caminho do comboio.<\/p>\n<p><strong>Novos caminhos <\/strong><\/p>\n<p>A experi\u00eancia de circular com as crian\u00e7as pela pra\u00e7a encorajou L\u00edvia a ampliar o trajeto. A postos em seus triciclos, os alunos visitaram o Copan, o Sesc 24 Maio, a Galeria Olido, a Biblioteca M\u00e1rio de Andrade, o Teatro Municipal e o Viaduto do Ch\u00e1 \u2014 todos os destinos ficam em um raio de 500 metros da escola. Durante os passeios os pequenos fazem desenhos de observa\u00e7\u00e3o e conversam sobre o que viram.<\/p>\n<p>\u201cAs crian\u00e7as \u00e0s vezes n\u00e3o t\u00eam acesso a esses lugares pelo desconhecimento da fam\u00edlia. Depois que visitam, elas pedem aos pais para voltar aos lugares. A experi\u00eancia cria nelas um senso de pertencimento \u00e0 cidade e dessas atra\u00e7\u00f5es culturais bacanas\u201d, explica L\u00edvia. \u201cA motoca tem o seu lado l\u00fadico, da brincadeira, mas \u00e9 o nosso transporte, porque elas usam o brinquedo para chegar at\u00e9 o destino.\u201d<\/p>\n<p>Hoje, o projeto criado por L\u00edvia \u00e9 replicado em todas as turmas da escola, que saem com os alunos pelo menos uma vez na semana. \u201cEu sempre enfatizei muito a import\u00e2ncia de n\u00e3o ser algo espor\u00e1dico e ter uma const\u00e2ncia para que entrasse para a rotina dos alunos e assim eles estabelecessem uma rela\u00e7\u00e3o com a cidade\u201d, ressalta.<\/p>\n<p>Passear rotineiramente com as crian\u00e7as montadas no triciclo tamb\u00e9m despertou o olhar da comunidade para a EMEI. Os espa\u00e7os culturais do entorno passaram a convidar as crian\u00e7as para atividades; volunt\u00e1rios pediram para participar da escola, realizando oficinas com os alunos; e o projeto foi premiado. Em 2022, o \u201cMotoca na Pra\u00e7a\u201d recebeu os pr\u00eamios \u201cTerrit\u00f3rios\u201d, do Instituto Tomie Ohtake, e \u201cPaulo Freire\u201d, da Prefeitura de S\u00e3o Paulo.<\/p>\n<p>\u201cOs pr\u00eamios municipal e nacional valorizam o projeto e nos d\u00e3o respaldo. N\u00e3o \u00e9 mais apenas uma atividade de uma professora em uma escola isolada. Espero que o Motoca na Pra\u00e7a inspire outras escolas a pensar em alternativas poss\u00edveis de atividades educativas para os seus alunos\u201d, conclui.<\/p>\n<p><strong>Karina S\u00e9rgio Gomes<\/strong><\/p>\n","protected":false},"excerpt":{"rendered":"<p>No meio do vai-vem da pra\u00e7a Rep\u00fablica, no centro de S\u00e3o Paulo, entre pessoas apressadas para pegar o metr\u00f4 ou o \u00f4nibus, crian\u00e7as passeando montadas em triciclos quebram o ar sisudo e fren\u00e9tico da regi\u00e3o. O passeio faz parte do projeto \u201cMotoca na Pra\u00e7a\u201d, da Escola Municipal de Ensino Infantil Armando Arruda Pereira, localizada na [&hellip;]<\/p>\n","protected":false},"author":4,"featured_media":3991,"comment_status":"open","ping_status":"closed","sticky":false,"template":"","format":"standard","meta":{"_acf_changed":false,"_monsterinsights_skip_tracking":false,"_monsterinsights_sitenote_active":false,"_monsterinsights_sitenote_note":"","_monsterinsights_sitenote_category":0,"footnotes":""},"categories":[744],"tags":[473,52],"class_list":["post-3937","post","type-post","status-publish","format-standard","has-post-thumbnail","hentry","category-turismo","tag-motoca-na-praca","tag-prefeitura-de-sao-paulo"],"acf":[],"yoast_head":"<!-- This site is optimized with the Yoast SEO plugin v24.1 - https:\/\/yoast.com\/wordpress\/plugins\/seo\/ -->\n<title>Motoca na Pra\u00e7a - Estad\u00e3o Expresso Bairros<\/title>\n<meta name=\"description\" content=\"EMEI Armando Arruda Pereira promove passeios de triciclo com os pequenos pela Rep\u00fablica\" \/>\n<meta name=\"robots\" content=\"index, follow, max-snippet:-1, max-image-preview:large, max-video-preview:-1\" \/>\n<link rel=\"canonical\" href=\"https:\/\/expresso.estadao.com.br\/sao-paulo\/2023\/04\/09\/projeto-premiado-apresenta-pontos-turisticos-a-criancas\/\" \/>\n<meta property=\"og:locale\" content=\"pt_BR\" \/>\n<meta property=\"og:type\" content=\"article\" \/>\n<meta property=\"og:title\" content=\"Motoca na Pra\u00e7a - Estad\u00e3o Expresso Bairros\" \/>\n<meta property=\"og:description\" content=\"EMEI Armando Arruda Pereira promove passeios de triciclo com os pequenos pela Rep\u00fablica\" \/>\n<meta property=\"og:url\" content=\"https:\/\/expresso.estadao.com.br\/sao-paulo\/2023\/04\/09\/projeto-premiado-apresenta-pontos-turisticos-a-criancas\/\" \/>\n<meta property=\"og:site_name\" content=\"Estad\u00e3o Expresso S\u00e3o Paulo\" \/>\n<meta property=\"article:published_time\" content=\"2023-04-09T21:55:25+00:00\" \/>\n<meta property=\"article:modified_time\" content=\"2023-07-06T13:40:11+00:00\" \/>\n<meta property=\"og:image\" content=\"https:\/\/expresso.estadao.com.br\/sao-paulo\/wp-content\/uploads\/2023\/04\/WhatsApp-Image-2023-04-05-at-16.52.59.jpeg\" \/>\n\t<meta property=\"og:image:type\" content=\"image\/jpeg\" \/>\n<meta name=\"author\" content=\"fabio_bairros\" \/>\n<meta name=\"twitter:card\" content=\"summary_large_image\" \/>\n<meta name=\"twitter:label1\" content=\"Escrito por\" \/>\n\t<meta name=\"twitter:data1\" content=\"fabio_bairros\" \/>\n\t<meta name=\"twitter:label2\" content=\"Est. tempo de leitura\" \/>\n\t<meta name=\"twitter:data2\" content=\"4 minutos\" \/>\n<script type=\"application\/ld+json\" class=\"yoast-schema-graph\">{\"@context\":\"https:\/\/schema.org\",\"@graph\":[{\"@type\":\"WebPage\",\"@id\":\"https:\/\/expresso.estadao.com.br\/sao-paulo\/2023\/04\/09\/projeto-premiado-apresenta-pontos-turisticos-a-criancas\/\",\"url\":\"https:\/\/expresso.estadao.com.br\/sao-paulo\/2023\/04\/09\/projeto-premiado-apresenta-pontos-turisticos-a-criancas\/\",\"name\":\"Motoca na Pra\u00e7a - Estad\u00e3o Expresso Bairros\",\"isPartOf\":{\"@id\":\"https:\/\/expresso.estadao.com.br\/sao-paulo\/#website\"},\"primaryImageOfPage\":{\"@id\":\"https:\/\/expresso.estadao.com.br\/sao-paulo\/2023\/04\/09\/projeto-premiado-apresenta-pontos-turisticos-a-criancas\/#primaryimage\"},\"image\":{\"@id\":\"https:\/\/expresso.estadao.com.br\/sao-paulo\/2023\/04\/09\/projeto-premiado-apresenta-pontos-turisticos-a-criancas\/#primaryimage\"},\"thumbnailUrl\":\"https:\/\/expresso.estadao.com.br\/sao-paulo\/wp-content\/uploads\/2023\/04\/WhatsApp-Image-2023-04-05-at-16.52.59.jpeg\",\"datePublished\":\"2023-04-09T21:55:25+00:00\",\"dateModified\":\"2023-07-06T13:40:11+00:00\",\"author\":{\"@id\":\"https:\/\/expresso.estadao.com.br\/sao-paulo\/#\/schema\/person\/f45f9e313ba8cbe5af9424f387ddef42\"},\"description\":\"EMEI Armando Arruda Pereira promove passeios de triciclo com os pequenos pela Rep\u00fablica\",\"breadcrumb\":{\"@id\":\"https:\/\/expresso.estadao.com.br\/sao-paulo\/2023\/04\/09\/projeto-premiado-apresenta-pontos-turisticos-a-criancas\/#breadcrumb\"},\"inLanguage\":\"pt-BR\",\"potentialAction\":[{\"@type\":\"ReadAction\",\"target\":[\"https:\/\/expresso.estadao.com.br\/sao-paulo\/2023\/04\/09\/projeto-premiado-apresenta-pontos-turisticos-a-criancas\/\"]}]},{\"@type\":\"ImageObject\",\"inLanguage\":\"pt-BR\",\"@id\":\"https:\/\/expresso.estadao.com.br\/sao-paulo\/2023\/04\/09\/projeto-premiado-apresenta-pontos-turisticos-a-criancas\/#primaryimage\",\"url\":\"https:\/\/expresso.estadao.com.br\/sao-paulo\/wp-content\/uploads\/2023\/04\/WhatsApp-Image-2023-04-05-at-16.52.59.jpeg\",\"contentUrl\":\"https:\/\/expresso.estadao.com.br\/sao-paulo\/wp-content\/uploads\/2023\/04\/WhatsApp-Image-2023-04-05-at-16.52.59.jpeg\",\"width\":1600,\"height\":1200,\"caption\":\"Crian\u00e7as durante passeio durante passeio no in\u00edcio de abril - Cr\u00e9dito: Karina S\u00e9rgio Gomes\/Estad\u00e3o Expresso Bairros\"},{\"@type\":\"BreadcrumbList\",\"@id\":\"https:\/\/expresso.estadao.com.br\/sao-paulo\/2023\/04\/09\/projeto-premiado-apresenta-pontos-turisticos-a-criancas\/#breadcrumb\",\"itemListElement\":[{\"@type\":\"ListItem\",\"position\":1,\"name\":\"In\u00edcio\",\"item\":\"https:\/\/expresso.estadao.com.br\/sao-paulo\/\"},{\"@type\":\"ListItem\",\"position\":2,\"name\":\"Projeto premiado apresenta pontos tur\u00edsticos a crian\u00e7as\"}]},{\"@type\":\"WebSite\",\"@id\":\"https:\/\/expresso.estadao.com.br\/sao-paulo\/#website\",\"url\":\"https:\/\/expresso.estadao.com.br\/sao-paulo\/\",\"name\":\"Estad\u00e3o Expresso S\u00e3o Paulo\",\"description\":\"Conte\u00fado de presta\u00e7\u00e3o de servi\u00e7o para que os moradores da cidade de S\u00e3o Paulo possam se informar melhor e usar de maneira mais eficaz os servi\u00e7os p\u00fablicos municipais.\",\"potentialAction\":[{\"@type\":\"SearchAction\",\"target\":{\"@type\":\"EntryPoint\",\"urlTemplate\":\"https:\/\/expresso.estadao.com.br\/sao-paulo\/?s={search_term_string}\"},\"query-input\":{\"@type\":\"PropertyValueSpecification\",\"valueRequired\":true,\"valueName\":\"search_term_string\"}}],\"inLanguage\":\"pt-BR\"},{\"@type\":\"Person\",\"@id\":\"https:\/\/expresso.estadao.com.br\/sao-paulo\/#\/schema\/person\/f45f9e313ba8cbe5af9424f387ddef42\",\"name\":\"fabio_bairros\",\"image\":{\"@type\":\"ImageObject\",\"inLanguage\":\"pt-BR\",\"@id\":\"https:\/\/expresso.estadao.com.br\/sao-paulo\/#\/schema\/person\/image\/\",\"url\":\"https:\/\/secure.gravatar.com\/avatar\/fbecca90befcfda9505216ce0dc87261326cb6644deb5861e7ab404061c24246?s=96&d=mm&r=g\",\"contentUrl\":\"https:\/\/secure.gravatar.com\/avatar\/fbecca90befcfda9505216ce0dc87261326cb6644deb5861e7ab404061c24246?s=96&d=mm&r=g\",\"caption\":\"fabio_bairros\"}}]}<\/script>\n<!-- \/ Yoast SEO plugin. -->","yoast_head_json":{"title":"Motoca na Pra\u00e7a - Estad\u00e3o Expresso Bairros","description":"EMEI Armando Arruda Pereira promove passeios de triciclo com os pequenos pela Rep\u00fablica","robots":{"index":"index","follow":"follow","max-snippet":"max-snippet:-1","max-image-preview":"max-image-preview:large","max-video-preview":"max-video-preview:-1"},"canonical":"https:\/\/expresso.estadao.com.br\/sao-paulo\/2023\/04\/09\/projeto-premiado-apresenta-pontos-turisticos-a-criancas\/","og_locale":"pt_BR","og_type":"article","og_title":"Motoca na Pra\u00e7a - Estad\u00e3o Expresso Bairros","og_description":"EMEI Armando Arruda Pereira promove passeios de triciclo com os pequenos pela Rep\u00fablica","og_url":"https:\/\/expresso.estadao.com.br\/sao-paulo\/2023\/04\/09\/projeto-premiado-apresenta-pontos-turisticos-a-criancas\/","og_site_name":"Estad\u00e3o Expresso S\u00e3o Paulo","article_published_time":"2023-04-09T21:55:25+00:00","article_modified_time":"2023-07-06T13:40:11+00:00","og_image":[{"width":"","height":"","url":"https:\/\/expresso.estadao.com.br\/sao-paulo\/wp-content\/uploads\/2023\/04\/WhatsApp-Image-2023-04-05-at-16.52.59.jpeg","type":"image\/jpeg"}],"author":"fabio_bairros","twitter_card":"summary_large_image","twitter_misc":{"Escrito por":"fabio_bairros","Est. tempo de leitura":"4 minutos"},"schema":{"@context":"https:\/\/schema.org","@graph":[{"@type":"WebPage","@id":"https:\/\/expresso.estadao.com.br\/sao-paulo\/2023\/04\/09\/projeto-premiado-apresenta-pontos-turisticos-a-criancas\/","url":"https:\/\/expresso.estadao.com.br\/sao-paulo\/2023\/04\/09\/projeto-premiado-apresenta-pontos-turisticos-a-criancas\/","name":"Motoca na Pra\u00e7a - Estad\u00e3o Expresso Bairros","isPartOf":{"@id":"https:\/\/expresso.estadao.com.br\/sao-paulo\/#website"},"primaryImageOfPage":{"@id":"https:\/\/expresso.estadao.com.br\/sao-paulo\/2023\/04\/09\/projeto-premiado-apresenta-pontos-turisticos-a-criancas\/#primaryimage"},"image":{"@id":"https:\/\/expresso.estadao.com.br\/sao-paulo\/2023\/04\/09\/projeto-premiado-apresenta-pontos-turisticos-a-criancas\/#primaryimage"},"thumbnailUrl":"https:\/\/expresso.estadao.com.br\/sao-paulo\/wp-content\/uploads\/2023\/04\/WhatsApp-Image-2023-04-05-at-16.52.59.jpeg","datePublished":"2023-04-09T21:55:25+00:00","dateModified":"2023-07-06T13:40:11+00:00","author":{"@id":"https:\/\/expresso.estadao.com.br\/sao-paulo\/#\/schema\/person\/f45f9e313ba8cbe5af9424f387ddef42"},"description":"EMEI Armando Arruda Pereira promove passeios de triciclo com os pequenos pela Rep\u00fablica","breadcrumb":{"@id":"https:\/\/expresso.estadao.com.br\/sao-paulo\/2023\/04\/09\/projeto-premiado-apresenta-pontos-turisticos-a-criancas\/#breadcrumb"},"inLanguage":"pt-BR","potentialAction":[{"@type":"ReadAction","target":["https:\/\/expresso.estadao.com.br\/sao-paulo\/2023\/04\/09\/projeto-premiado-apresenta-pontos-turisticos-a-criancas\/"]}]},{"@type":"ImageObject","inLanguage":"pt-BR","@id":"https:\/\/expresso.estadao.com.br\/sao-paulo\/2023\/04\/09\/projeto-premiado-apresenta-pontos-turisticos-a-criancas\/#primaryimage","url":"https:\/\/expresso.estadao.com.br\/sao-paulo\/wp-content\/uploads\/2023\/04\/WhatsApp-Image-2023-04-05-at-16.52.59.jpeg","contentUrl":"https:\/\/expresso.estadao.com.br\/sao-paulo\/wp-content\/uploads\/2023\/04\/WhatsApp-Image-2023-04-05-at-16.52.59.jpeg","width":1600,"height":1200,"caption":"Crian\u00e7as durante passeio durante passeio no in\u00edcio de abril - Cr\u00e9dito: Karina S\u00e9rgio Gomes\/Estad\u00e3o Expresso Bairros"},{"@type":"BreadcrumbList","@id":"https:\/\/expresso.estadao.com.br\/sao-paulo\/2023\/04\/09\/projeto-premiado-apresenta-pontos-turisticos-a-criancas\/#breadcrumb","itemListElement":[{"@type":"ListItem","position":1,"name":"In\u00edcio","item":"https:\/\/expresso.estadao.com.br\/sao-paulo\/"},{"@type":"ListItem","position":2,"name":"Projeto premiado apresenta pontos tur\u00edsticos a crian\u00e7as"}]},{"@type":"WebSite","@id":"https:\/\/expresso.estadao.com.br\/sao-paulo\/#website","url":"https:\/\/expresso.estadao.com.br\/sao-paulo\/","name":"Estad\u00e3o Expresso S\u00e3o Paulo","description":"Conte\u00fado de presta\u00e7\u00e3o de servi\u00e7o para que os moradores da cidade de S\u00e3o Paulo possam se informar melhor e usar de maneira mais eficaz os servi\u00e7os p\u00fablicos municipais.","potentialAction":[{"@type":"SearchAction","target":{"@type":"EntryPoint","urlTemplate":"https:\/\/expresso.estadao.com.br\/sao-paulo\/?s={search_term_string}"},"query-input":{"@type":"PropertyValueSpecification","valueRequired":true,"valueName":"search_term_string"}}],"inLanguage":"pt-BR"},{"@type":"Person","@id":"https:\/\/expresso.estadao.com.br\/sao-paulo\/#\/schema\/person\/f45f9e313ba8cbe5af9424f387ddef42","name":"fabio_bairros","image":{"@type":"ImageObject","inLanguage":"pt-BR","@id":"https:\/\/expresso.estadao.com.br\/sao-paulo\/#\/schema\/person\/image\/","url":"https:\/\/secure.gravatar.com\/avatar\/fbecca90befcfda9505216ce0dc87261326cb6644deb5861e7ab404061c24246?s=96&d=mm&r=g","contentUrl":"https:\/\/secure.gravatar.com\/avatar\/fbecca90befcfda9505216ce0dc87261326cb6644deb5861e7ab404061c24246?s=96&d=mm&r=g","caption":"fabio_bairros"}}]}},"_links":{"self":[{"href":"https:\/\/expresso.estadao.com.br\/sao-paulo\/wp-json\/wp\/v2\/posts\/3937","targetHints":{"allow":["GET"]}}],"collection":[{"href":"https:\/\/expresso.estadao.com.br\/sao-paulo\/wp-json\/wp\/v2\/posts"}],"about":[{"href":"https:\/\/expresso.estadao.com.br\/sao-paulo\/wp-json\/wp\/v2\/types\/post"}],"author":[{"embeddable":true,"href":"https:\/\/expresso.estadao.com.br\/sao-paulo\/wp-json\/wp\/v2\/users\/4"}],"replies":[{"embeddable":true,"href":"https:\/\/expresso.estadao.com.br\/sao-paulo\/wp-json\/wp\/v2\/comments?post=3937"}],"version-history":[{"count":3,"href":"https:\/\/expresso.estadao.com.br\/sao-paulo\/wp-json\/wp\/v2\/posts\/3937\/revisions"}],"predecessor-version":[{"id":3994,"href":"https:\/\/expresso.estadao.com.br\/sao-paulo\/wp-json\/wp\/v2\/posts\/3937\/revisions\/3994"}],"wp:featuredmedia":[{"embeddable":true,"href":"https:\/\/expresso.estadao.com.br\/sao-paulo\/wp-json\/wp\/v2\/media\/3991"}],"wp:attachment":[{"href":"https:\/\/expresso.estadao.com.br\/sao-paulo\/wp-json\/wp\/v2\/media?parent=3937"}],"wp:term":[{"taxonomy":"category","embeddable":true,"href":"https:\/\/expresso.estadao.com.br\/sao-paulo\/wp-json\/wp\/v2\/categories?post=3937"},{"taxonomy":"post_tag","embeddable":true,"href":"https:\/\/expresso.estadao.com.br\/sao-paulo\/wp-json\/wp\/v2\/tags?post=3937"}],"curies":[{"name":"wp","href":"https:\/\/api.w.org\/{rel}","templated":true}]}}