{"id":398,"date":"2022-10-10T13:39:42","date_gmt":"2022-10-10T16:39:42","guid":{"rendered":"https:\/\/expresso.estadao.com.br\/sao-paulo\/?p=398"},"modified":"2023-07-06T15:25:27","modified_gmt":"2023-07-06T18:25:27","slug":"mocoto-paraiso-de-comidas-sertanejas-na-zona-norte","status":"publish","type":"post","link":"https:\/\/expresso.estadao.com.br\/sao-paulo\/2022\/10\/10\/mocoto-paraiso-de-comidas-sertanejas-na-zona-norte\/","title":{"rendered":"Mocot\u00f3: del\u00edcias sertanejas na Vila Medeiros"},"content":{"rendered":"<p>Pode apostar, se \u00e9 fim de semana, tem fila na porta do restaurante Mocot\u00f3 na Vila Medeiros.<\/p>\n<p>Por volta das 11h, enquanto muita gente ainda pede um pingado e um p\u00e3o na chapa nas padarias desse bairro da zona norte, clientes vindos de todas as regi\u00f5es da cidade j\u00e1 est\u00e3o enfileirados na cal\u00e7ada do restaurante que funciona no n\u00famero 1.100 da Avenida Nossa Senhora do Loreto.<\/p>\n<p>\u00c0s 11h30 a casa abre e a cozinha come\u00e7a a despachar para o sal\u00e3o bai\u00e3o de dois, mocofava (mistura de mocot\u00f3 com favada), escondidinho de carne-seca, torresmo e outros pratos da culin\u00e1ria sertaneja que fazem a fama do local. Os clientes v\u00e3o mudando ao longo do dia, mas o sal\u00e3o permanece cheio at\u00e9 o fechar das portas. A cada m\u00eas, 18 mil pessoas passam por ali.<\/p>\n<p>Um orgulho do bairro, a hist\u00f3ria desse restaurante come\u00e7ou em 1973, como uma Casa do Norte aberta pelo pernambucano Jos\u00e9 Almeida e mais dois irm\u00e3os.<\/p>\n<p>Anos depois, j\u00e1 em carreira solo, seu Z\u00e9 transformou-a em bar, colocou umas mesinhas e passou a servir alguns comes, como o caldinho de mocot\u00f3, que est\u00e1 no card\u00e1pio at\u00e9 hoje. Mas foi s\u00f3 a partir dos anos 2000, com a chegada de Rodrigo de Oliveira \u00e0 cozinha, que o Mocot\u00f3 come\u00e7ou a trilhar o caminho que o colocaria no time dos melhores restaurantes do pa\u00eds.<\/p>\n<p><img loading=\"lazy\" decoding=\"async\" class=\"alignnone wp-image-399 size-full\" src=\"https:\/\/expresso.estadao.com.br\/sao-paulo\/wp-content\/uploads\/2022\/10\/Mocoto.jpeg\" alt=\"Ricardo D'Angelo\/Divulga\u00e7\u00e3o\" width=\"450\" height=\"300\" \/><\/p>\n<p><em>Restaurante Mocot\u00f3, na Vila Medeiros<\/em><\/p>\n<p>Depois de formar-se em gastronomia na Universidade Anhembi Morumbi e muito viajar de norte a sul do pa\u00eds, Rodrigo come\u00e7ou a deixar a sua marca unindo a tradi\u00e7\u00e3o a t\u00e9cnica e doses de criatividade.<\/p>\n<p>Exemplo desse novo momento \u00e9 o consagrado dadinho de tapioca servido com molho de pimenta agridoce, que virou um hit do lugar e se popularizou por todo o pa\u00eds. Ou, ainda, o cr\u00e8me brul\u00e9e de doce de leite e umburana, inspirado na famosa sobremesa francesa.<\/p>\n<h3><strong>Made in quebrada\u00a0<\/strong><\/h3>\n<p>A conex\u00e3o do Mocot\u00f3 com o bairro vai al\u00e9m da localiza\u00e7\u00e3o: mais de 60% dos funcion\u00e1rios s\u00e3o moradores da Vila Medeiros e o chef e sua mulher, a historiadora Adriana Salay, mant\u00eam o projeto Quebrada Alimentada, que j\u00e1 distribuiu mais de 100 mil marmitas e 70 toneladas de alimentos de cesta b\u00e1sica desde que foi criado, em mar\u00e7o de 2020.<\/p>\n<p>&nbsp;<\/p>\n<h3><strong>Servi\u00e7o<\/strong><\/h3>\n<p><strong>Endere\u00e7o:<\/strong><\/p>\n<p>Av. Nossa Senhora do Loreto, 1.100, Vila Medeiros,<\/p>\n<p><strong>Telefone:<\/strong><\/p>\n<p>2951-3058<\/p>\n<p><strong>Hor\u00e1rios:<\/strong><\/p>\n<p>Segunda a sexta, 12h\/23h; s\u00e1bado, 11h30\/23h; domingo e feriados, 11h30\/17h.<\/p>\n<p>&nbsp;<\/p>\n<p><strong>M\u00f4nica Santos<\/strong><\/p>\n","protected":false},"excerpt":{"rendered":"<p>Pode apostar, se \u00e9 fim de semana, tem fila na porta do restaurante Mocot\u00f3 na Vila Medeiros. Por volta das 11h, enquanto muita gente ainda pede um pingado e um p\u00e3o na chapa nas padarias desse bairro da zona norte, clientes vindos de todas as regi\u00f5es da cidade j\u00e1 est\u00e3o enfileirados na cal\u00e7ada do restaurante [&hellip;]<\/p>\n","protected":false},"author":2,"featured_media":400,"comment_status":"open","ping_status":"closed","sticky":false,"template":"","format":"standard","meta":{"_acf_changed":false,"_monsterinsights_skip_tracking":false,"_monsterinsights_sitenote_active":false,"_monsterinsights_sitenote_note":"","_monsterinsights_sitenote_category":0,"footnotes":""},"categories":[744],"tags":[84],"class_list":["post-398","post","type-post","status-publish","format-standard","has-post-thumbnail","hentry","category-turismo","tag-mocoto"],"acf":[],"yoast_head":"<!-- This site is optimized with the Yoast SEO plugin v24.1 - https:\/\/yoast.com\/wordpress\/plugins\/seo\/ -->\n<title>Mocot\u00f3: del\u00edcias sertanejas na Vila Medeiros - Estad\u00e3o Expresso S\u00e3o Paulo<\/title>\n<meta name=\"robots\" content=\"index, follow, max-snippet:-1, max-image-preview:large, max-video-preview:-1\" \/>\n<link rel=\"canonical\" href=\"https:\/\/expresso.estadao.com.br\/sao-paulo\/2022\/10\/10\/mocoto-paraiso-de-comidas-sertanejas-na-zona-norte\/\" \/>\n<meta property=\"og:locale\" content=\"pt_BR\" \/>\n<meta property=\"og:type\" content=\"article\" \/>\n<meta property=\"og:title\" content=\"Mocot\u00f3: del\u00edcias sertanejas na Vila Medeiros - Estad\u00e3o Expresso S\u00e3o Paulo\" \/>\n<meta property=\"og:description\" content=\"Pode apostar, se \u00e9 fim de semana, tem fila na porta do restaurante Mocot\u00f3 na Vila Medeiros. Por volta das 11h, enquanto muita gente ainda pede um pingado e um p\u00e3o na chapa nas padarias desse bairro da zona norte, clientes vindos de todas as regi\u00f5es da cidade j\u00e1 est\u00e3o enfileirados na cal\u00e7ada do restaurante [&hellip;]\" \/>\n<meta property=\"og:url\" content=\"https:\/\/expresso.estadao.com.br\/sao-paulo\/2022\/10\/10\/mocoto-paraiso-de-comidas-sertanejas-na-zona-norte\/\" \/>\n<meta property=\"og:site_name\" content=\"Estad\u00e3o Expresso S\u00e3o Paulo\" \/>\n<meta property=\"article:published_time\" content=\"2022-10-10T16:39:42+00:00\" \/>\n<meta property=\"article:modified_time\" content=\"2023-07-06T18:25:27+00:00\" \/>\n<meta property=\"og:image\" content=\"https:\/\/expresso.estadao.com.br\/sao-paulo\/wp-content\/uploads\/2022\/10\/Mocoto2.jpeg\" \/>\n\t<meta property=\"og:image:type\" content=\"image\/jpeg\" \/>\n<meta name=\"author\" content=\"luciana\" \/>\n<meta name=\"twitter:card\" content=\"summary_large_image\" \/>\n<meta name=\"twitter:label1\" content=\"Escrito por\" \/>\n\t<meta name=\"twitter:data1\" content=\"luciana\" \/>\n\t<meta name=\"twitter:label2\" content=\"Est. tempo de leitura\" \/>\n\t<meta name=\"twitter:data2\" content=\"3 minutos\" \/>\n<script type=\"application\/ld+json\" class=\"yoast-schema-graph\">{\"@context\":\"https:\/\/schema.org\",\"@graph\":[{\"@type\":\"WebPage\",\"@id\":\"https:\/\/expresso.estadao.com.br\/sao-paulo\/2022\/10\/10\/mocoto-paraiso-de-comidas-sertanejas-na-zona-norte\/\",\"url\":\"https:\/\/expresso.estadao.com.br\/sao-paulo\/2022\/10\/10\/mocoto-paraiso-de-comidas-sertanejas-na-zona-norte\/\",\"name\":\"Mocot\u00f3: del\u00edcias sertanejas na Vila Medeiros - Estad\u00e3o Expresso S\u00e3o Paulo\",\"isPartOf\":{\"@id\":\"https:\/\/expresso.estadao.com.br\/sao-paulo\/#website\"},\"primaryImageOfPage\":{\"@id\":\"https:\/\/expresso.estadao.com.br\/sao-paulo\/2022\/10\/10\/mocoto-paraiso-de-comidas-sertanejas-na-zona-norte\/#primaryimage\"},\"image\":{\"@id\":\"https:\/\/expresso.estadao.com.br\/sao-paulo\/2022\/10\/10\/mocoto-paraiso-de-comidas-sertanejas-na-zona-norte\/#primaryimage\"},\"thumbnailUrl\":\"https:\/\/expresso.estadao.com.br\/sao-paulo\/wp-content\/uploads\/2022\/10\/Mocoto2.jpeg\",\"datePublished\":\"2022-10-10T16:39:42+00:00\",\"dateModified\":\"2023-07-06T18:25:27+00:00\",\"author\":{\"@id\":\"https:\/\/expresso.estadao.com.br\/sao-paulo\/#\/schema\/person\/47b84894e212b1881c429cab6dead100\"},\"breadcrumb\":{\"@id\":\"https:\/\/expresso.estadao.com.br\/sao-paulo\/2022\/10\/10\/mocoto-paraiso-de-comidas-sertanejas-na-zona-norte\/#breadcrumb\"},\"inLanguage\":\"pt-BR\",\"potentialAction\":[{\"@type\":\"ReadAction\",\"target\":[\"https:\/\/expresso.estadao.com.br\/sao-paulo\/2022\/10\/10\/mocoto-paraiso-de-comidas-sertanejas-na-zona-norte\/\"]}]},{\"@type\":\"ImageObject\",\"inLanguage\":\"pt-BR\",\"@id\":\"https:\/\/expresso.estadao.com.br\/sao-paulo\/2022\/10\/10\/mocoto-paraiso-de-comidas-sertanejas-na-zona-norte\/#primaryimage\",\"url\":\"https:\/\/expresso.estadao.com.br\/sao-paulo\/wp-content\/uploads\/2022\/10\/Mocoto2.jpeg\",\"contentUrl\":\"https:\/\/expresso.estadao.com.br\/sao-paulo\/wp-content\/uploads\/2022\/10\/Mocoto2.jpeg\",\"width\":2187,\"height\":2560},{\"@type\":\"BreadcrumbList\",\"@id\":\"https:\/\/expresso.estadao.com.br\/sao-paulo\/2022\/10\/10\/mocoto-paraiso-de-comidas-sertanejas-na-zona-norte\/#breadcrumb\",\"itemListElement\":[{\"@type\":\"ListItem\",\"position\":1,\"name\":\"In\u00edcio\",\"item\":\"https:\/\/expresso.estadao.com.br\/sao-paulo\/\"},{\"@type\":\"ListItem\",\"position\":2,\"name\":\"Mocot\u00f3: del\u00edcias sertanejas na Vila Medeiros\"}]},{\"@type\":\"WebSite\",\"@id\":\"https:\/\/expresso.estadao.com.br\/sao-paulo\/#website\",\"url\":\"https:\/\/expresso.estadao.com.br\/sao-paulo\/\",\"name\":\"Estad\u00e3o Expresso S\u00e3o Paulo\",\"description\":\"Conte\u00fado de presta\u00e7\u00e3o de servi\u00e7o para que os moradores da cidade de S\u00e3o Paulo possam se informar melhor e usar de maneira mais eficaz os servi\u00e7os p\u00fablicos municipais.\",\"potentialAction\":[{\"@type\":\"SearchAction\",\"target\":{\"@type\":\"EntryPoint\",\"urlTemplate\":\"https:\/\/expresso.estadao.com.br\/sao-paulo\/?s={search_term_string}\"},\"query-input\":{\"@type\":\"PropertyValueSpecification\",\"valueRequired\":true,\"valueName\":\"search_term_string\"}}],\"inLanguage\":\"pt-BR\"},{\"@type\":\"Person\",\"@id\":\"https:\/\/expresso.estadao.com.br\/sao-paulo\/#\/schema\/person\/47b84894e212b1881c429cab6dead100\",\"name\":\"luciana\",\"image\":{\"@type\":\"ImageObject\",\"inLanguage\":\"pt-BR\",\"@id\":\"https:\/\/expresso.estadao.com.br\/sao-paulo\/#\/schema\/person\/image\/\",\"url\":\"https:\/\/secure.gravatar.com\/avatar\/fc5a726c05f27c5120ce729620703ac482e897395f1eef7b0d6affbe9eaae923?s=96&d=mm&r=g\",\"contentUrl\":\"https:\/\/secure.gravatar.com\/avatar\/fc5a726c05f27c5120ce729620703ac482e897395f1eef7b0d6affbe9eaae923?s=96&d=mm&r=g\",\"caption\":\"luciana\"}}]}<\/script>\n<!-- \/ Yoast SEO plugin. -->","yoast_head_json":{"title":"Mocot\u00f3: del\u00edcias sertanejas na Vila Medeiros - Estad\u00e3o Expresso S\u00e3o Paulo","robots":{"index":"index","follow":"follow","max-snippet":"max-snippet:-1","max-image-preview":"max-image-preview:large","max-video-preview":"max-video-preview:-1"},"canonical":"https:\/\/expresso.estadao.com.br\/sao-paulo\/2022\/10\/10\/mocoto-paraiso-de-comidas-sertanejas-na-zona-norte\/","og_locale":"pt_BR","og_type":"article","og_title":"Mocot\u00f3: del\u00edcias sertanejas na Vila Medeiros - Estad\u00e3o Expresso S\u00e3o Paulo","og_description":"Pode apostar, se \u00e9 fim de semana, tem fila na porta do restaurante Mocot\u00f3 na Vila Medeiros. Por volta das 11h, enquanto muita gente ainda pede um pingado e um p\u00e3o na chapa nas padarias desse bairro da zona norte, clientes vindos de todas as regi\u00f5es da cidade j\u00e1 est\u00e3o enfileirados na cal\u00e7ada do restaurante [&hellip;]","og_url":"https:\/\/expresso.estadao.com.br\/sao-paulo\/2022\/10\/10\/mocoto-paraiso-de-comidas-sertanejas-na-zona-norte\/","og_site_name":"Estad\u00e3o Expresso S\u00e3o Paulo","article_published_time":"2022-10-10T16:39:42+00:00","article_modified_time":"2023-07-06T18:25:27+00:00","og_image":[{"width":"","height":"","url":"https:\/\/expresso.estadao.com.br\/sao-paulo\/wp-content\/uploads\/2022\/10\/Mocoto2.jpeg","type":"image\/jpeg"}],"author":"luciana","twitter_card":"summary_large_image","twitter_misc":{"Escrito por":"luciana","Est. tempo de leitura":"3 minutos"},"schema":{"@context":"https:\/\/schema.org","@graph":[{"@type":"WebPage","@id":"https:\/\/expresso.estadao.com.br\/sao-paulo\/2022\/10\/10\/mocoto-paraiso-de-comidas-sertanejas-na-zona-norte\/","url":"https:\/\/expresso.estadao.com.br\/sao-paulo\/2022\/10\/10\/mocoto-paraiso-de-comidas-sertanejas-na-zona-norte\/","name":"Mocot\u00f3: del\u00edcias sertanejas na Vila Medeiros - Estad\u00e3o Expresso S\u00e3o Paulo","isPartOf":{"@id":"https:\/\/expresso.estadao.com.br\/sao-paulo\/#website"},"primaryImageOfPage":{"@id":"https:\/\/expresso.estadao.com.br\/sao-paulo\/2022\/10\/10\/mocoto-paraiso-de-comidas-sertanejas-na-zona-norte\/#primaryimage"},"image":{"@id":"https:\/\/expresso.estadao.com.br\/sao-paulo\/2022\/10\/10\/mocoto-paraiso-de-comidas-sertanejas-na-zona-norte\/#primaryimage"},"thumbnailUrl":"https:\/\/expresso.estadao.com.br\/sao-paulo\/wp-content\/uploads\/2022\/10\/Mocoto2.jpeg","datePublished":"2022-10-10T16:39:42+00:00","dateModified":"2023-07-06T18:25:27+00:00","author":{"@id":"https:\/\/expresso.estadao.com.br\/sao-paulo\/#\/schema\/person\/47b84894e212b1881c429cab6dead100"},"breadcrumb":{"@id":"https:\/\/expresso.estadao.com.br\/sao-paulo\/2022\/10\/10\/mocoto-paraiso-de-comidas-sertanejas-na-zona-norte\/#breadcrumb"},"inLanguage":"pt-BR","potentialAction":[{"@type":"ReadAction","target":["https:\/\/expresso.estadao.com.br\/sao-paulo\/2022\/10\/10\/mocoto-paraiso-de-comidas-sertanejas-na-zona-norte\/"]}]},{"@type":"ImageObject","inLanguage":"pt-BR","@id":"https:\/\/expresso.estadao.com.br\/sao-paulo\/2022\/10\/10\/mocoto-paraiso-de-comidas-sertanejas-na-zona-norte\/#primaryimage","url":"https:\/\/expresso.estadao.com.br\/sao-paulo\/wp-content\/uploads\/2022\/10\/Mocoto2.jpeg","contentUrl":"https:\/\/expresso.estadao.com.br\/sao-paulo\/wp-content\/uploads\/2022\/10\/Mocoto2.jpeg","width":2187,"height":2560},{"@type":"BreadcrumbList","@id":"https:\/\/expresso.estadao.com.br\/sao-paulo\/2022\/10\/10\/mocoto-paraiso-de-comidas-sertanejas-na-zona-norte\/#breadcrumb","itemListElement":[{"@type":"ListItem","position":1,"name":"In\u00edcio","item":"https:\/\/expresso.estadao.com.br\/sao-paulo\/"},{"@type":"ListItem","position":2,"name":"Mocot\u00f3: del\u00edcias sertanejas na Vila Medeiros"}]},{"@type":"WebSite","@id":"https:\/\/expresso.estadao.com.br\/sao-paulo\/#website","url":"https:\/\/expresso.estadao.com.br\/sao-paulo\/","name":"Estad\u00e3o Expresso S\u00e3o Paulo","description":"Conte\u00fado de presta\u00e7\u00e3o de servi\u00e7o para que os moradores da cidade de S\u00e3o Paulo possam se informar melhor e usar de maneira mais eficaz os servi\u00e7os p\u00fablicos municipais.","potentialAction":[{"@type":"SearchAction","target":{"@type":"EntryPoint","urlTemplate":"https:\/\/expresso.estadao.com.br\/sao-paulo\/?s={search_term_string}"},"query-input":{"@type":"PropertyValueSpecification","valueRequired":true,"valueName":"search_term_string"}}],"inLanguage":"pt-BR"},{"@type":"Person","@id":"https:\/\/expresso.estadao.com.br\/sao-paulo\/#\/schema\/person\/47b84894e212b1881c429cab6dead100","name":"luciana","image":{"@type":"ImageObject","inLanguage":"pt-BR","@id":"https:\/\/expresso.estadao.com.br\/sao-paulo\/#\/schema\/person\/image\/","url":"https:\/\/secure.gravatar.com\/avatar\/fc5a726c05f27c5120ce729620703ac482e897395f1eef7b0d6affbe9eaae923?s=96&d=mm&r=g","contentUrl":"https:\/\/secure.gravatar.com\/avatar\/fc5a726c05f27c5120ce729620703ac482e897395f1eef7b0d6affbe9eaae923?s=96&d=mm&r=g","caption":"luciana"}}]}},"_links":{"self":[{"href":"https:\/\/expresso.estadao.com.br\/sao-paulo\/wp-json\/wp\/v2\/posts\/398","targetHints":{"allow":["GET"]}}],"collection":[{"href":"https:\/\/expresso.estadao.com.br\/sao-paulo\/wp-json\/wp\/v2\/posts"}],"about":[{"href":"https:\/\/expresso.estadao.com.br\/sao-paulo\/wp-json\/wp\/v2\/types\/post"}],"author":[{"embeddable":true,"href":"https:\/\/expresso.estadao.com.br\/sao-paulo\/wp-json\/wp\/v2\/users\/2"}],"replies":[{"embeddable":true,"href":"https:\/\/expresso.estadao.com.br\/sao-paulo\/wp-json\/wp\/v2\/comments?post=398"}],"version-history":[{"count":4,"href":"https:\/\/expresso.estadao.com.br\/sao-paulo\/wp-json\/wp\/v2\/posts\/398\/revisions"}],"predecessor-version":[{"id":466,"href":"https:\/\/expresso.estadao.com.br\/sao-paulo\/wp-json\/wp\/v2\/posts\/398\/revisions\/466"}],"wp:featuredmedia":[{"embeddable":true,"href":"https:\/\/expresso.estadao.com.br\/sao-paulo\/wp-json\/wp\/v2\/media\/400"}],"wp:attachment":[{"href":"https:\/\/expresso.estadao.com.br\/sao-paulo\/wp-json\/wp\/v2\/media?parent=398"}],"wp:term":[{"taxonomy":"category","embeddable":true,"href":"https:\/\/expresso.estadao.com.br\/sao-paulo\/wp-json\/wp\/v2\/categories?post=398"},{"taxonomy":"post_tag","embeddable":true,"href":"https:\/\/expresso.estadao.com.br\/sao-paulo\/wp-json\/wp\/v2\/tags?post=398"}],"curies":[{"name":"wp","href":"https:\/\/api.w.org\/{rel}","templated":true}]}}