{"id":4628,"date":"2023-05-06T12:34:56","date_gmt":"2023-05-06T15:34:56","guid":{"rendered":"https:\/\/expresso.estadao.com.br\/sao-paulo\/?p=4628"},"modified":"2023-07-06T09:59:44","modified_gmt":"2023-07-06T12:59:44","slug":"instituicao-resgata-tradicao-circense-do-largo-do-paissandu","status":"publish","type":"post","link":"https:\/\/expresso.estadao.com.br\/sao-paulo\/2023\/05\/06\/instituicao-resgata-tradicao-circense-do-largo-do-paissandu\/","title":{"rendered":"Institui\u00e7\u00e3o resgata tradi\u00e7\u00e3o circense do Largo do Paissandu"},"content":{"rendered":"<p>Quem frequenta o Largo do Paissandu, hoje, talvez tenha dificuldade de imaginar que o local j\u00e1 foi um ponto efervescente da cultura circense. Mas os ind\u00edcios est\u00e3o por ali. A atual rua Abelardo Pinto, nome de batismo do ic\u00f4nico palha\u00e7o Piolin (1897\u20131973), era chamada de Beco do Paissandu, onde os circos eram instalados.<\/p>\n<p>\u201cO Paissandu \u00e9 um dos s\u00edtios hist\u00f3ricos mais importantes para o circo brasileiro\u201d, ressalta Veronica Tamaoki, coordenadora do Centro de Mem\u00f3ria do Circo (CMC). Ou seja, seria dif\u00edcil encontrar um lugar melhor para receber a institui\u00e7\u00e3o, que funciona dentro da Galeria Olido, na avenida S\u00e3o Jo\u00e3o, 473.<\/p>\n<p>O CMC foi fundado em 2009, quando a prefeitura adquiriu os acervos de duas importantes fam\u00edlias circenses: o do Circo Nerino (1913 \u2013 1964), um dos mais antigos, e o do Circo Garcia (1928 \u2013 2003), um dos mais longevos. A cole\u00e7\u00e3o tem, entre documentos, fotos, figurinos e objetos, cerca de 80 mil itens. \u201cO cora\u00e7\u00e3o do nosso Centro de Mem\u00f3ria \u00e9 o acervo\u201d, afirma Veronica.<\/p>\n<p>Parte dele est\u00e1 exposto na mostra permanente \u201cHoje tem espet\u00e1culo\u201d. A exposi\u00e7\u00e3o traz uma linha do tempo contando a hist\u00f3ria do desenvolvimento do circo no Brasil, al\u00e9m de itens de apresenta\u00e7\u00f5es. Est\u00e3o expostas as espadas de Yorga, um dos \u00faltimos engolidores de espadas brasileiro; \u00e1udios de apresenta\u00e7\u00f5es de palha\u00e7os, como o do Carequinha, e uma imensa maquete, elaborada pelo mestre Maranh\u00e3o, que retrata as etapas de montagem da tenda de\u00a0 circo e v\u00e1rias cenas que faziam parte do cotidiano dos artistas.<\/p>\n<p><strong>Hoje tem palha\u00e7ada? Tem, sim, senhor! <\/strong><\/p>\n<p>A institui\u00e7\u00e3o tamb\u00e9m tem uma programa\u00e7\u00e3o din\u00e2mica, realizando exposi\u00e7\u00f5es tempor\u00e1rias, apresenta\u00e7\u00f5es de rua com artistas circenses, al\u00e9m de pesquisas documentadas em publica\u00e7\u00f5es. \u201cReunir a documenta\u00e7\u00e3o \u00e9 importante, mas temos tamb\u00e9m de gerar conhecimento a partir do nosso acervo\u201d, diz Ver\u00f4nica.<\/p>\n<p>Nesta sexta-feira, 5 de maio, o CMC abriu a exposi\u00e7\u00e3o \u201cPerucas do Circo Teatro Nerino\u201d, que mostra a import\u00e2ncia do circo teatro, que trazia, al\u00e9m dos n\u00fameros circenses, apresenta\u00e7\u00f5es de pe\u00e7as dramat\u00fargicas. O site da institui\u00e7\u00e3o, cujo endere\u00e7o \u00e9: \u00a0<a href=\"http:\/\/www.memoriadocirco.org.br\/\">www.memoriadocirco.org.br<\/a>, come\u00e7a a funcionar nesta segunda-feira (8), \u00e0s 19h.<\/p>\n<p>Em 11 de maio, acontece a exibi\u00e7\u00e3o do filme \u201cFragmentos Sobre a Saudade\u201d, \u00e0s 13h; e, dia 29, o Picadeiro aberto, onde artistas podem se apresentar. Entre os dias 8 e 29, est\u00e3o programados os Encontros de Estudos da Palha\u00e7aria, das 14 \u00e0s 17h. Todas as atividades s\u00e3o gratuitas e n\u00e3o necessitam de inscri\u00e7\u00e3o pr\u00e9via. Para marcar uma visita monitorada ao espa\u00e7o, basta agendar pelo e-mail\u00a0 <a href=\"mailto:memoriadocirco@gmail.com\">memoriadocirco@gmail.com<\/a>.<\/p>\n<p>&nbsp;<\/p>\n<h3><strong>Servi\u00e7o<\/strong><\/h3>\n<p>Centro de Mem\u00f3ria do Circo (dentro da Galeria Olido)<br \/>\nAv. S\u00e3o Jo\u00e3o, 473<br \/>\nSeg.: 10h\/18h; Qua.\/sex 10h\/18h. S\u00e1b.\/dom.: 13h\/18h<br \/>\nSite: \u00a0<a href=\"http:\/\/www.memoriadocirco.org.br\/\">www.memoriadocirco.org.br<\/a> .<\/p>\n<p>&nbsp;<\/p>\n<p><strong>Karina S\u00e9rgio Gomes<\/strong><\/p>\n<p>&nbsp;<\/p>\n","protected":false},"excerpt":{"rendered":"<p>Quem frequenta o Largo do Paissandu, hoje, talvez tenha dificuldade de imaginar que o local j\u00e1 foi um ponto efervescente da cultura circense. Mas os ind\u00edcios est\u00e3o por ali. A atual rua Abelardo Pinto, nome de batismo do ic\u00f4nico palha\u00e7o Piolin (1897\u20131973), era chamada de Beco do Paissandu, onde os circos eram instalados. \u201cO Paissandu [&hellip;]<\/p>\n","protected":false},"author":4,"featured_media":4645,"comment_status":"open","ping_status":"closed","sticky":false,"template":"","format":"standard","meta":{"_acf_changed":false,"_monsterinsights_skip_tracking":false,"_monsterinsights_sitenote_active":false,"_monsterinsights_sitenote_note":"","_monsterinsights_sitenote_category":0,"footnotes":""},"categories":[741],"tags":[561],"class_list":["post-4628","post","type-post","status-publish","format-standard","has-post-thumbnail","hentry","category-cultura","tag-centro-de-memoria-do-circo"],"acf":[],"yoast_head":"<!-- This site is optimized with the Yoast SEO plugin v24.1 - https:\/\/yoast.com\/wordpress\/plugins\/seo\/ -->\n<title>Centro de Mem\u00f3ria do Circo - Estad\u00e3o Expresso Bairros<\/title>\n<meta name=\"description\" content=\"Centro de Mem\u00f3ria do Circo, na regi\u00e3o central de S\u00e3o Paulo, re\u00fane cerca de 80 mil pe\u00e7as e oferece programa\u00e7\u00e3o gratuita\" \/>\n<meta name=\"robots\" content=\"index, follow, max-snippet:-1, max-image-preview:large, max-video-preview:-1\" \/>\n<link rel=\"canonical\" href=\"https:\/\/expresso.estadao.com.br\/sao-paulo\/2023\/05\/06\/instituicao-resgata-tradicao-circense-do-largo-do-paissandu\/\" \/>\n<meta property=\"og:locale\" content=\"pt_BR\" \/>\n<meta property=\"og:type\" content=\"article\" \/>\n<meta property=\"og:title\" content=\"Centro de Mem\u00f3ria do Circo - Estad\u00e3o Expresso Bairros\" \/>\n<meta property=\"og:description\" content=\"Centro de Mem\u00f3ria do Circo, na regi\u00e3o central de S\u00e3o Paulo, re\u00fane cerca de 80 mil pe\u00e7as e oferece programa\u00e7\u00e3o gratuita\" \/>\n<meta property=\"og:url\" content=\"https:\/\/expresso.estadao.com.br\/sao-paulo\/2023\/05\/06\/instituicao-resgata-tradicao-circense-do-largo-do-paissandu\/\" \/>\n<meta property=\"og:site_name\" content=\"Estad\u00e3o Expresso S\u00e3o Paulo\" \/>\n<meta property=\"article:published_time\" content=\"2023-05-06T15:34:56+00:00\" \/>\n<meta property=\"article:modified_time\" content=\"2023-07-06T12:59:44+00:00\" \/>\n<meta property=\"og:image\" content=\"https:\/\/expresso.estadao.com.br\/sao-paulo\/wp-content\/uploads\/2023\/05\/circo.jpg\" \/>\n\t<meta property=\"og:image:type\" content=\"image\/jpeg\" \/>\n<meta name=\"author\" content=\"fabio_bairros\" \/>\n<meta name=\"twitter:card\" content=\"summary_large_image\" \/>\n<meta name=\"twitter:label1\" content=\"Escrito por\" \/>\n\t<meta name=\"twitter:data1\" content=\"fabio_bairros\" \/>\n\t<meta name=\"twitter:label2\" content=\"Est. tempo de leitura\" \/>\n\t<meta name=\"twitter:data2\" content=\"3 minutos\" \/>\n<script type=\"application\/ld+json\" class=\"yoast-schema-graph\">{\"@context\":\"https:\/\/schema.org\",\"@graph\":[{\"@type\":\"WebPage\",\"@id\":\"https:\/\/expresso.estadao.com.br\/sao-paulo\/2023\/05\/06\/instituicao-resgata-tradicao-circense-do-largo-do-paissandu\/\",\"url\":\"https:\/\/expresso.estadao.com.br\/sao-paulo\/2023\/05\/06\/instituicao-resgata-tradicao-circense-do-largo-do-paissandu\/\",\"name\":\"Centro de Mem\u00f3ria do Circo - Estad\u00e3o Expresso Bairros\",\"isPartOf\":{\"@id\":\"https:\/\/expresso.estadao.com.br\/sao-paulo\/#website\"},\"primaryImageOfPage\":{\"@id\":\"https:\/\/expresso.estadao.com.br\/sao-paulo\/2023\/05\/06\/instituicao-resgata-tradicao-circense-do-largo-do-paissandu\/#primaryimage\"},\"image\":{\"@id\":\"https:\/\/expresso.estadao.com.br\/sao-paulo\/2023\/05\/06\/instituicao-resgata-tradicao-circense-do-largo-do-paissandu\/#primaryimage\"},\"thumbnailUrl\":\"https:\/\/expresso.estadao.com.br\/sao-paulo\/wp-content\/uploads\/2023\/05\/circo.jpg\",\"datePublished\":\"2023-05-06T15:34:56+00:00\",\"dateModified\":\"2023-07-06T12:59:44+00:00\",\"author\":{\"@id\":\"https:\/\/expresso.estadao.com.br\/sao-paulo\/#\/schema\/person\/f45f9e313ba8cbe5af9424f387ddef42\"},\"description\":\"Centro de Mem\u00f3ria do Circo, na regi\u00e3o central de S\u00e3o Paulo, re\u00fane cerca de 80 mil pe\u00e7as e oferece programa\u00e7\u00e3o gratuita\",\"breadcrumb\":{\"@id\":\"https:\/\/expresso.estadao.com.br\/sao-paulo\/2023\/05\/06\/instituicao-resgata-tradicao-circense-do-largo-do-paissandu\/#breadcrumb\"},\"inLanguage\":\"pt-BR\",\"potentialAction\":[{\"@type\":\"ReadAction\",\"target\":[\"https:\/\/expresso.estadao.com.br\/sao-paulo\/2023\/05\/06\/instituicao-resgata-tradicao-circense-do-largo-do-paissandu\/\"]}]},{\"@type\":\"ImageObject\",\"inLanguage\":\"pt-BR\",\"@id\":\"https:\/\/expresso.estadao.com.br\/sao-paulo\/2023\/05\/06\/instituicao-resgata-tradicao-circense-do-largo-do-paissandu\/#primaryimage\",\"url\":\"https:\/\/expresso.estadao.com.br\/sao-paulo\/wp-content\/uploads\/2023\/05\/circo.jpg\",\"contentUrl\":\"https:\/\/expresso.estadao.com.br\/sao-paulo\/wp-content\/uploads\/2023\/05\/circo.jpg\",\"width\":1190,\"height\":793,\"caption\":\"Mostra no Centro de Mem\u00f3ria do Circo - Cr\u00e9dito: Divulga\u00e7\u00e3o\/Bruno Danielius Passos\"},{\"@type\":\"BreadcrumbList\",\"@id\":\"https:\/\/expresso.estadao.com.br\/sao-paulo\/2023\/05\/06\/instituicao-resgata-tradicao-circense-do-largo-do-paissandu\/#breadcrumb\",\"itemListElement\":[{\"@type\":\"ListItem\",\"position\":1,\"name\":\"In\u00edcio\",\"item\":\"https:\/\/expresso.estadao.com.br\/sao-paulo\/\"},{\"@type\":\"ListItem\",\"position\":2,\"name\":\"Institui\u00e7\u00e3o resgata tradi\u00e7\u00e3o circense do Largo do Paissandu\"}]},{\"@type\":\"WebSite\",\"@id\":\"https:\/\/expresso.estadao.com.br\/sao-paulo\/#website\",\"url\":\"https:\/\/expresso.estadao.com.br\/sao-paulo\/\",\"name\":\"Estad\u00e3o Expresso S\u00e3o Paulo\",\"description\":\"Conte\u00fado de presta\u00e7\u00e3o de servi\u00e7o para que os moradores da cidade de S\u00e3o Paulo possam se informar melhor e usar de maneira mais eficaz os servi\u00e7os p\u00fablicos municipais.\",\"potentialAction\":[{\"@type\":\"SearchAction\",\"target\":{\"@type\":\"EntryPoint\",\"urlTemplate\":\"https:\/\/expresso.estadao.com.br\/sao-paulo\/?s={search_term_string}\"},\"query-input\":{\"@type\":\"PropertyValueSpecification\",\"valueRequired\":true,\"valueName\":\"search_term_string\"}}],\"inLanguage\":\"pt-BR\"},{\"@type\":\"Person\",\"@id\":\"https:\/\/expresso.estadao.com.br\/sao-paulo\/#\/schema\/person\/f45f9e313ba8cbe5af9424f387ddef42\",\"name\":\"fabio_bairros\",\"image\":{\"@type\":\"ImageObject\",\"inLanguage\":\"pt-BR\",\"@id\":\"https:\/\/expresso.estadao.com.br\/sao-paulo\/#\/schema\/person\/image\/\",\"url\":\"https:\/\/secure.gravatar.com\/avatar\/fbecca90befcfda9505216ce0dc87261326cb6644deb5861e7ab404061c24246?s=96&d=mm&r=g\",\"contentUrl\":\"https:\/\/secure.gravatar.com\/avatar\/fbecca90befcfda9505216ce0dc87261326cb6644deb5861e7ab404061c24246?s=96&d=mm&r=g\",\"caption\":\"fabio_bairros\"}}]}<\/script>\n<!-- \/ Yoast SEO plugin. -->","yoast_head_json":{"title":"Centro de Mem\u00f3ria do Circo - Estad\u00e3o Expresso Bairros","description":"Centro de Mem\u00f3ria do Circo, na regi\u00e3o central de S\u00e3o Paulo, re\u00fane cerca de 80 mil pe\u00e7as e oferece programa\u00e7\u00e3o gratuita","robots":{"index":"index","follow":"follow","max-snippet":"max-snippet:-1","max-image-preview":"max-image-preview:large","max-video-preview":"max-video-preview:-1"},"canonical":"https:\/\/expresso.estadao.com.br\/sao-paulo\/2023\/05\/06\/instituicao-resgata-tradicao-circense-do-largo-do-paissandu\/","og_locale":"pt_BR","og_type":"article","og_title":"Centro de Mem\u00f3ria do Circo - Estad\u00e3o Expresso Bairros","og_description":"Centro de Mem\u00f3ria do Circo, na regi\u00e3o central de S\u00e3o Paulo, re\u00fane cerca de 80 mil pe\u00e7as e oferece programa\u00e7\u00e3o gratuita","og_url":"https:\/\/expresso.estadao.com.br\/sao-paulo\/2023\/05\/06\/instituicao-resgata-tradicao-circense-do-largo-do-paissandu\/","og_site_name":"Estad\u00e3o Expresso S\u00e3o Paulo","article_published_time":"2023-05-06T15:34:56+00:00","article_modified_time":"2023-07-06T12:59:44+00:00","og_image":[{"width":"","height":"","url":"https:\/\/expresso.estadao.com.br\/sao-paulo\/wp-content\/uploads\/2023\/05\/circo.jpg","type":"image\/jpeg"}],"author":"fabio_bairros","twitter_card":"summary_large_image","twitter_misc":{"Escrito por":"fabio_bairros","Est. tempo de leitura":"3 minutos"},"schema":{"@context":"https:\/\/schema.org","@graph":[{"@type":"WebPage","@id":"https:\/\/expresso.estadao.com.br\/sao-paulo\/2023\/05\/06\/instituicao-resgata-tradicao-circense-do-largo-do-paissandu\/","url":"https:\/\/expresso.estadao.com.br\/sao-paulo\/2023\/05\/06\/instituicao-resgata-tradicao-circense-do-largo-do-paissandu\/","name":"Centro de Mem\u00f3ria do Circo - Estad\u00e3o Expresso Bairros","isPartOf":{"@id":"https:\/\/expresso.estadao.com.br\/sao-paulo\/#website"},"primaryImageOfPage":{"@id":"https:\/\/expresso.estadao.com.br\/sao-paulo\/2023\/05\/06\/instituicao-resgata-tradicao-circense-do-largo-do-paissandu\/#primaryimage"},"image":{"@id":"https:\/\/expresso.estadao.com.br\/sao-paulo\/2023\/05\/06\/instituicao-resgata-tradicao-circense-do-largo-do-paissandu\/#primaryimage"},"thumbnailUrl":"https:\/\/expresso.estadao.com.br\/sao-paulo\/wp-content\/uploads\/2023\/05\/circo.jpg","datePublished":"2023-05-06T15:34:56+00:00","dateModified":"2023-07-06T12:59:44+00:00","author":{"@id":"https:\/\/expresso.estadao.com.br\/sao-paulo\/#\/schema\/person\/f45f9e313ba8cbe5af9424f387ddef42"},"description":"Centro de Mem\u00f3ria do Circo, na regi\u00e3o central de S\u00e3o Paulo, re\u00fane cerca de 80 mil pe\u00e7as e oferece programa\u00e7\u00e3o gratuita","breadcrumb":{"@id":"https:\/\/expresso.estadao.com.br\/sao-paulo\/2023\/05\/06\/instituicao-resgata-tradicao-circense-do-largo-do-paissandu\/#breadcrumb"},"inLanguage":"pt-BR","potentialAction":[{"@type":"ReadAction","target":["https:\/\/expresso.estadao.com.br\/sao-paulo\/2023\/05\/06\/instituicao-resgata-tradicao-circense-do-largo-do-paissandu\/"]}]},{"@type":"ImageObject","inLanguage":"pt-BR","@id":"https:\/\/expresso.estadao.com.br\/sao-paulo\/2023\/05\/06\/instituicao-resgata-tradicao-circense-do-largo-do-paissandu\/#primaryimage","url":"https:\/\/expresso.estadao.com.br\/sao-paulo\/wp-content\/uploads\/2023\/05\/circo.jpg","contentUrl":"https:\/\/expresso.estadao.com.br\/sao-paulo\/wp-content\/uploads\/2023\/05\/circo.jpg","width":1190,"height":793,"caption":"Mostra no Centro de Mem\u00f3ria do Circo - Cr\u00e9dito: Divulga\u00e7\u00e3o\/Bruno Danielius Passos"},{"@type":"BreadcrumbList","@id":"https:\/\/expresso.estadao.com.br\/sao-paulo\/2023\/05\/06\/instituicao-resgata-tradicao-circense-do-largo-do-paissandu\/#breadcrumb","itemListElement":[{"@type":"ListItem","position":1,"name":"In\u00edcio","item":"https:\/\/expresso.estadao.com.br\/sao-paulo\/"},{"@type":"ListItem","position":2,"name":"Institui\u00e7\u00e3o resgata tradi\u00e7\u00e3o circense do Largo do Paissandu"}]},{"@type":"WebSite","@id":"https:\/\/expresso.estadao.com.br\/sao-paulo\/#website","url":"https:\/\/expresso.estadao.com.br\/sao-paulo\/","name":"Estad\u00e3o Expresso S\u00e3o Paulo","description":"Conte\u00fado de presta\u00e7\u00e3o de servi\u00e7o para que os moradores da cidade de S\u00e3o Paulo possam se informar melhor e usar de maneira mais eficaz os servi\u00e7os p\u00fablicos municipais.","potentialAction":[{"@type":"SearchAction","target":{"@type":"EntryPoint","urlTemplate":"https:\/\/expresso.estadao.com.br\/sao-paulo\/?s={search_term_string}"},"query-input":{"@type":"PropertyValueSpecification","valueRequired":true,"valueName":"search_term_string"}}],"inLanguage":"pt-BR"},{"@type":"Person","@id":"https:\/\/expresso.estadao.com.br\/sao-paulo\/#\/schema\/person\/f45f9e313ba8cbe5af9424f387ddef42","name":"fabio_bairros","image":{"@type":"ImageObject","inLanguage":"pt-BR","@id":"https:\/\/expresso.estadao.com.br\/sao-paulo\/#\/schema\/person\/image\/","url":"https:\/\/secure.gravatar.com\/avatar\/fbecca90befcfda9505216ce0dc87261326cb6644deb5861e7ab404061c24246?s=96&d=mm&r=g","contentUrl":"https:\/\/secure.gravatar.com\/avatar\/fbecca90befcfda9505216ce0dc87261326cb6644deb5861e7ab404061c24246?s=96&d=mm&r=g","caption":"fabio_bairros"}}]}},"_links":{"self":[{"href":"https:\/\/expresso.estadao.com.br\/sao-paulo\/wp-json\/wp\/v2\/posts\/4628","targetHints":{"allow":["GET"]}}],"collection":[{"href":"https:\/\/expresso.estadao.com.br\/sao-paulo\/wp-json\/wp\/v2\/posts"}],"about":[{"href":"https:\/\/expresso.estadao.com.br\/sao-paulo\/wp-json\/wp\/v2\/types\/post"}],"author":[{"embeddable":true,"href":"https:\/\/expresso.estadao.com.br\/sao-paulo\/wp-json\/wp\/v2\/users\/4"}],"replies":[{"embeddable":true,"href":"https:\/\/expresso.estadao.com.br\/sao-paulo\/wp-json\/wp\/v2\/comments?post=4628"}],"version-history":[{"count":4,"href":"https:\/\/expresso.estadao.com.br\/sao-paulo\/wp-json\/wp\/v2\/posts\/4628\/revisions"}],"predecessor-version":[{"id":4646,"href":"https:\/\/expresso.estadao.com.br\/sao-paulo\/wp-json\/wp\/v2\/posts\/4628\/revisions\/4646"}],"wp:featuredmedia":[{"embeddable":true,"href":"https:\/\/expresso.estadao.com.br\/sao-paulo\/wp-json\/wp\/v2\/media\/4645"}],"wp:attachment":[{"href":"https:\/\/expresso.estadao.com.br\/sao-paulo\/wp-json\/wp\/v2\/media?parent=4628"}],"wp:term":[{"taxonomy":"category","embeddable":true,"href":"https:\/\/expresso.estadao.com.br\/sao-paulo\/wp-json\/wp\/v2\/categories?post=4628"},{"taxonomy":"post_tag","embeddable":true,"href":"https:\/\/expresso.estadao.com.br\/sao-paulo\/wp-json\/wp\/v2\/tags?post=4628"}],"curies":[{"name":"wp","href":"https:\/\/api.w.org\/{rel}","templated":true}]}}