{"id":5392,"date":"2023-06-15T09:23:11","date_gmt":"2023-06-15T12:23:11","guid":{"rendered":"https:\/\/expresso.estadao.com.br\/sao-paulo\/?p=5392"},"modified":"2023-07-05T19:27:07","modified_gmt":"2023-07-05T22:27:07","slug":"como-obter-cartao-de-vaga-para-idoso-sem-sair-de-casa","status":"publish","type":"post","link":"https:\/\/expresso.estadao.com.br\/sao-paulo\/2023\/06\/15\/como-obter-cartao-de-vaga-para-idoso-sem-sair-de-casa\/","title":{"rendered":"Como obter cart\u00e3o de vaga para idoso sem sair de casa"},"content":{"rendered":"<p>O cart\u00e3o de estacionamento para idoso \u00e9 uma autoriza\u00e7\u00e3o especial que permite estacionar ve\u00edculos em vagas reservadas, sinalizadas com a inscri\u00e7\u00e3o &#8220;Idoso&#8221;. Al\u00e9m de ser obrigat\u00f3rio para usufruir dessas vagas em vias p\u00fablicas, tamb\u00e9m \u00e9 necess\u00e1rio para as de estacionamentos privados de uso coletivo, como shoppings, supermercados, hospitais e bancos.<\/p>\n<p>A Prefeitura de S\u00e3o Paulo, por meio da Companhia de Engenharia de Tr\u00e1fego (CET\/SP), emite o documento de forma online, sem custo. T\u00eam direito ao cart\u00e3o as pessoas com 60 anos ou mais, residentes na Capital e que conduzam ou sejam transportadas em ve\u00edculo automotor.<\/p>\n<p>O pedido deve ser feito pelo Portal 156. \u00c9 preciso digitalizar e enviar um documento de identifica\u00e7\u00e3o com foto e n\u00famero do CPF, que pode ser a CNH ou o RG, e um comprovante de resid\u00eancia emitido, no m\u00e1ximo, h\u00e1 tr\u00eas meses. S\u00e3o aceitas correspond\u00eancias de bancos, cart\u00f5es de cr\u00e9dito, planos de sa\u00fade, condom\u00ednio, multas de tr\u00e2nsito, al\u00e9m de contas de luz, \u00e1gua, telefone ou g\u00e1s.<\/p>\n<p>Caso o requerente n\u00e3o tenha correspond\u00eancias em seu nome, \u00e9 poss\u00edvel apresentar um comprovante de resid\u00eancia em nome do c\u00f4njuge ou terceiro, acompanhado de uma declara\u00e7\u00e3o de que moram juntos.<\/p>\n<p><strong>Confira abaixo o passo a passo para fazer o requerimento on-line:<\/strong><\/p>\n<p>-Acesse o <a href=\"https:\/\/sp156.prefeitura.sp.gov.br\/portal\/servicos\/informacao?servico=3316\">Portal 156<\/a> e fa\u00e7a fa\u00e7a login;<\/p>\n<p>-Selecione o servi\u00e7o &#8220;Cart\u00e3o de estacionamento idoso &#8211; Solicita\u00e7\u00e3o&#8221; e informe os dados necess\u00e1rios (nome completo, endere\u00e7o, RG, g\u00eanero e data de nascimento);<\/p>\n<p>-Leia e concorde com o termo de aceite eletr\u00f4nico;<\/p>\n<p>-Anexe o comprovante de resid\u00eancia (a declara\u00e7\u00e3o, quando for o caso, deve ser enviada no mesmo arquivo);<\/p>\n<p>-Anexe o documento de identifica\u00e7\u00e3o;<\/p>\n<p>-Clique em enviar e, na sequ\u00eancia, em &#8220;Finalizar&#8221;.<\/p>\n<p>Ser\u00e1 enviado um e-mail com o protocolo para acompanhamento, que poder\u00e1 ser realizado pelo pr\u00f3prio Portal 156. O prazo para ficar pronto \u00e9 de 15 dias. Ap\u00f3s a solicita\u00e7\u00e3o ser deferida, basta imprimir o cart\u00e3o em uma folha sulfite A4 comum. Para isso, acesse &#8220;Minhas Solicita\u00e7\u00f5es&#8221;, localize o protocolo do servi\u00e7o, clique em &#8220;Imprimir o seu cart\u00e3o&#8221; e, por fim, confirme o CPF.<\/p>\n<p><img loading=\"lazy\" decoding=\"async\" class=\"alignnone size-medium wp-image-5395\" src=\"https:\/\/expresso.estadao.com.br\/sao-paulo\/wp-content\/uploads\/2023\/06\/album-idoso-1-436x300.jpg\" alt=\"\" width=\"436\" height=\"300\" srcset=\"https:\/\/expresso.estadao.com.br\/sao-paulo\/wp-content\/uploads\/2023\/06\/album-idoso-1-436x300.jpg 436w, https:\/\/expresso.estadao.com.br\/sao-paulo\/wp-content\/uploads\/2023\/06\/album-idoso-1-1110x763.jpg 1110w, https:\/\/expresso.estadao.com.br\/sao-paulo\/wp-content\/uploads\/2023\/06\/album-idoso-1-768x528.jpg 768w, https:\/\/expresso.estadao.com.br\/sao-paulo\/wp-content\/uploads\/2023\/06\/album-idoso-1-1536x1056.jpg 1536w, https:\/\/expresso.estadao.com.br\/sao-paulo\/wp-content\/uploads\/2023\/06\/album-idoso-1-2048x1408.jpg 2048w\" sizes=\"auto, (max-width: 436px) 100vw, 436px\" \/><\/p>\n<p><strong>Como usar o cart\u00e3o de estacionamento para idoso?<\/strong><\/p>\n<p>Com o cart\u00e3o impresso em m\u00e3os, sempre que for estacionar em vaga reservada para idoso, \u00e9 preciso deixar o documento de forma vis\u00edvel no painel, com a frente voltada para cima para evitar multa. O documento n\u00e3o d\u00e1 direito a estacionar de gra\u00e7a, sendo necess\u00e1rio utilizar tamb\u00e9m o Cart\u00e3o Azul Digital-CAD em \u00e1rea de estacionamento rotativo pago Zona Azul.<\/p>\n<p>Conforme prev\u00ea o C\u00f3digo de Tr\u00e2nsito Brasileiro (CTB), estacionar sem credencial que comprove a condi\u00e7\u00e3o de idoso \u00e9 infra\u00e7\u00e3o grav\u00edssima, punida com multa de quase R$ 300, sete pontos na CNH e remo\u00e7\u00e3o do ve\u00edculo, que implicar\u00e1 em gastos com guincho e di\u00e1ria de p\u00e1tio. \u00c9 proibido o empr\u00e9stimo para terceiros.<\/p>\n<p>N\u00e3o esque\u00e7a: mesmo em vagas de est\u00e1dio, supermercado, shoppings ou qualquer outro estabelecimento privado o uso do cart\u00e3o \u00e9 obrigat\u00f3rio. A credencial tem prazo de validade de cinco anos, devendo ser renovada ap\u00f3s esse per\u00edodo.<\/p>\n<p>A segunda via, se necess\u00e1ria, pode ser obtida pelo Portal 156. Tamb\u00e9m \u00e9 poss\u00edvel requerer presencialmente em uma unidade do Descomplica SP, mediante agendamento pr\u00e9vio &#8211; que pode ser feito via telefone 156 ou pelo site <a href=\"https:\/\/agendadesc.prefeitura.sp.gov.br\/agendamento\/\">agendadesc.prefeitura.sp.gov.br<\/a>.<\/p>\n<p>O cart\u00e3o \u00e9 v\u00e1lido em todo o territ\u00f3rio nacional. Da mesma forma, quem reside em outra cidade e obteve o documento com a prefeitura local pode us\u00e1-lo para estacionar nas vagas para idosos de S\u00e3o Paulo. Quando o munic\u00edpio n\u00e3o \u00e9 integrado ao Sistema Nacional de Tr\u00e2nsito (SNT), a emiss\u00e3o \u00e9 feita pelo Detran.SP.<\/p>\n<p>&nbsp;<\/p>\n<p><strong>Mylena Lira<\/strong><\/p>\n","protected":false},"excerpt":{"rendered":"<p>O cart\u00e3o de estacionamento para idoso \u00e9 uma autoriza\u00e7\u00e3o especial que permite estacionar ve\u00edculos em vagas reservadas, sinalizadas com a inscri\u00e7\u00e3o &#8220;Idoso&#8221;. Al\u00e9m de ser obrigat\u00f3rio para usufruir dessas vagas em vias p\u00fablicas, tamb\u00e9m \u00e9 necess\u00e1rio para as de estacionamentos privados de uso coletivo, como shoppings, supermercados, hospitais e bancos. A Prefeitura de S\u00e3o Paulo, [&hellip;]<\/p>\n","protected":false},"author":4,"featured_media":5394,"comment_status":"open","ping_status":"closed","sticky":false,"template":"","format":"standard","meta":{"_acf_changed":false,"_monsterinsights_skip_tracking":false,"_monsterinsights_sitenote_active":false,"_monsterinsights_sitenote_note":"","_monsterinsights_sitenote_category":0,"footnotes":""},"categories":[755],"tags":[666,235,665,52],"class_list":["post-5392","post","type-post","status-publish","format-standard","has-post-thumbnail","hentry","category-mobilidade-urbana","tag-cartao-do-idoso","tag-cet","tag-estacionamento-para-idosos","tag-prefeitura-de-sao-paulo"],"acf":[],"yoast_head":"<!-- This site is optimized with the Yoast SEO plugin v24.1 - https:\/\/yoast.com\/wordpress\/plugins\/seo\/ -->\n<title>Cart\u00e3o de estacionamento do idoso - Estad\u00e3o Expresso Bairros<\/title>\n<meta name=\"description\" content=\"CET emite o documento de forma on-line, sem custo, para pessoas com 60 anos ou mais\" \/>\n<meta name=\"robots\" content=\"index, follow, max-snippet:-1, max-image-preview:large, max-video-preview:-1\" \/>\n<link rel=\"canonical\" href=\"https:\/\/expresso.estadao.com.br\/sao-paulo\/2023\/06\/15\/como-obter-cartao-de-vaga-para-idoso-sem-sair-de-casa\/\" \/>\n<meta property=\"og:locale\" content=\"pt_BR\" \/>\n<meta property=\"og:type\" content=\"article\" \/>\n<meta property=\"og:title\" content=\"Cart\u00e3o de estacionamento do idoso - Estad\u00e3o Expresso Bairros\" \/>\n<meta property=\"og:description\" content=\"CET emite o documento de forma on-line, sem custo, para pessoas com 60 anos ou mais\" \/>\n<meta property=\"og:url\" content=\"https:\/\/expresso.estadao.com.br\/sao-paulo\/2023\/06\/15\/como-obter-cartao-de-vaga-para-idoso-sem-sair-de-casa\/\" \/>\n<meta property=\"og:site_name\" content=\"Estad\u00e3o Expresso S\u00e3o Paulo\" \/>\n<meta property=\"article:published_time\" content=\"2023-06-15T12:23:11+00:00\" \/>\n<meta property=\"article:modified_time\" content=\"2023-07-05T22:27:07+00:00\" \/>\n<meta property=\"og:image\" content=\"https:\/\/expresso.estadao.com.br\/sao-paulo\/wp-content\/uploads\/2023\/06\/EIG4FOUNUZKFLCU7JQMDR7ZKYY.jpg\" \/>\n\t<meta property=\"og:image:type\" content=\"image\/jpeg\" \/>\n<meta name=\"author\" content=\"fabio_bairros\" \/>\n<meta name=\"twitter:card\" content=\"summary_large_image\" \/>\n<meta name=\"twitter:label1\" content=\"Escrito por\" \/>\n\t<meta name=\"twitter:data1\" content=\"fabio_bairros\" \/>\n\t<meta name=\"twitter:label2\" content=\"Est. tempo de leitura\" \/>\n\t<meta name=\"twitter:data2\" content=\"4 minutos\" \/>\n<script type=\"application\/ld+json\" class=\"yoast-schema-graph\">{\"@context\":\"https:\/\/schema.org\",\"@graph\":[{\"@type\":\"WebPage\",\"@id\":\"https:\/\/expresso.estadao.com.br\/sao-paulo\/2023\/06\/15\/como-obter-cartao-de-vaga-para-idoso-sem-sair-de-casa\/\",\"url\":\"https:\/\/expresso.estadao.com.br\/sao-paulo\/2023\/06\/15\/como-obter-cartao-de-vaga-para-idoso-sem-sair-de-casa\/\",\"name\":\"Cart\u00e3o de estacionamento do idoso - Estad\u00e3o Expresso Bairros\",\"isPartOf\":{\"@id\":\"https:\/\/expresso.estadao.com.br\/sao-paulo\/#website\"},\"primaryImageOfPage\":{\"@id\":\"https:\/\/expresso.estadao.com.br\/sao-paulo\/2023\/06\/15\/como-obter-cartao-de-vaga-para-idoso-sem-sair-de-casa\/#primaryimage\"},\"image\":{\"@id\":\"https:\/\/expresso.estadao.com.br\/sao-paulo\/2023\/06\/15\/como-obter-cartao-de-vaga-para-idoso-sem-sair-de-casa\/#primaryimage\"},\"thumbnailUrl\":\"https:\/\/expresso.estadao.com.br\/sao-paulo\/wp-content\/uploads\/2023\/06\/EIG4FOUNUZKFLCU7JQMDR7ZKYY.jpg\",\"datePublished\":\"2023-06-15T12:23:11+00:00\",\"dateModified\":\"2023-07-05T22:27:07+00:00\",\"author\":{\"@id\":\"https:\/\/expresso.estadao.com.br\/sao-paulo\/#\/schema\/person\/f45f9e313ba8cbe5af9424f387ddef42\"},\"description\":\"CET emite o documento de forma on-line, sem custo, para pessoas com 60 anos ou mais\",\"breadcrumb\":{\"@id\":\"https:\/\/expresso.estadao.com.br\/sao-paulo\/2023\/06\/15\/como-obter-cartao-de-vaga-para-idoso-sem-sair-de-casa\/#breadcrumb\"},\"inLanguage\":\"pt-BR\",\"potentialAction\":[{\"@type\":\"ReadAction\",\"target\":[\"https:\/\/expresso.estadao.com.br\/sao-paulo\/2023\/06\/15\/como-obter-cartao-de-vaga-para-idoso-sem-sair-de-casa\/\"]}]},{\"@type\":\"ImageObject\",\"inLanguage\":\"pt-BR\",\"@id\":\"https:\/\/expresso.estadao.com.br\/sao-paulo\/2023\/06\/15\/como-obter-cartao-de-vaga-para-idoso-sem-sair-de-casa\/#primaryimage\",\"url\":\"https:\/\/expresso.estadao.com.br\/sao-paulo\/wp-content\/uploads\/2023\/06\/EIG4FOUNUZKFLCU7JQMDR7ZKYY.jpg\",\"contentUrl\":\"https:\/\/expresso.estadao.com.br\/sao-paulo\/wp-content\/uploads\/2023\/06\/EIG4FOUNUZKFLCU7JQMDR7ZKYY.jpg\",\"width\":936,\"height\":624,\"caption\":\"Cr\u00e9dito: Werther Santana\/Estad\u00e3o\"},{\"@type\":\"BreadcrumbList\",\"@id\":\"https:\/\/expresso.estadao.com.br\/sao-paulo\/2023\/06\/15\/como-obter-cartao-de-vaga-para-idoso-sem-sair-de-casa\/#breadcrumb\",\"itemListElement\":[{\"@type\":\"ListItem\",\"position\":1,\"name\":\"In\u00edcio\",\"item\":\"https:\/\/expresso.estadao.com.br\/sao-paulo\/\"},{\"@type\":\"ListItem\",\"position\":2,\"name\":\"Como obter cart\u00e3o de vaga para idoso sem sair de casa\"}]},{\"@type\":\"WebSite\",\"@id\":\"https:\/\/expresso.estadao.com.br\/sao-paulo\/#website\",\"url\":\"https:\/\/expresso.estadao.com.br\/sao-paulo\/\",\"name\":\"Estad\u00e3o Expresso S\u00e3o Paulo\",\"description\":\"Conte\u00fado de presta\u00e7\u00e3o de servi\u00e7o para que os moradores da cidade de S\u00e3o Paulo possam se informar melhor e usar de maneira mais eficaz os servi\u00e7os p\u00fablicos municipais.\",\"potentialAction\":[{\"@type\":\"SearchAction\",\"target\":{\"@type\":\"EntryPoint\",\"urlTemplate\":\"https:\/\/expresso.estadao.com.br\/sao-paulo\/?s={search_term_string}\"},\"query-input\":{\"@type\":\"PropertyValueSpecification\",\"valueRequired\":true,\"valueName\":\"search_term_string\"}}],\"inLanguage\":\"pt-BR\"},{\"@type\":\"Person\",\"@id\":\"https:\/\/expresso.estadao.com.br\/sao-paulo\/#\/schema\/person\/f45f9e313ba8cbe5af9424f387ddef42\",\"name\":\"fabio_bairros\",\"image\":{\"@type\":\"ImageObject\",\"inLanguage\":\"pt-BR\",\"@id\":\"https:\/\/expresso.estadao.com.br\/sao-paulo\/#\/schema\/person\/image\/\",\"url\":\"https:\/\/secure.gravatar.com\/avatar\/fbecca90befcfda9505216ce0dc87261326cb6644deb5861e7ab404061c24246?s=96&d=mm&r=g\",\"contentUrl\":\"https:\/\/secure.gravatar.com\/avatar\/fbecca90befcfda9505216ce0dc87261326cb6644deb5861e7ab404061c24246?s=96&d=mm&r=g\",\"caption\":\"fabio_bairros\"}}]}<\/script>\n<!-- \/ Yoast SEO plugin. -->","yoast_head_json":{"title":"Cart\u00e3o de estacionamento do idoso - Estad\u00e3o Expresso Bairros","description":"CET emite o documento de forma on-line, sem custo, para pessoas com 60 anos ou mais","robots":{"index":"index","follow":"follow","max-snippet":"max-snippet:-1","max-image-preview":"max-image-preview:large","max-video-preview":"max-video-preview:-1"},"canonical":"https:\/\/expresso.estadao.com.br\/sao-paulo\/2023\/06\/15\/como-obter-cartao-de-vaga-para-idoso-sem-sair-de-casa\/","og_locale":"pt_BR","og_type":"article","og_title":"Cart\u00e3o de estacionamento do idoso - Estad\u00e3o Expresso Bairros","og_description":"CET emite o documento de forma on-line, sem custo, para pessoas com 60 anos ou mais","og_url":"https:\/\/expresso.estadao.com.br\/sao-paulo\/2023\/06\/15\/como-obter-cartao-de-vaga-para-idoso-sem-sair-de-casa\/","og_site_name":"Estad\u00e3o Expresso S\u00e3o Paulo","article_published_time":"2023-06-15T12:23:11+00:00","article_modified_time":"2023-07-05T22:27:07+00:00","og_image":[{"width":"","height":"","url":"https:\/\/expresso.estadao.com.br\/sao-paulo\/wp-content\/uploads\/2023\/06\/EIG4FOUNUZKFLCU7JQMDR7ZKYY.jpg","type":"image\/jpeg"}],"author":"fabio_bairros","twitter_card":"summary_large_image","twitter_misc":{"Escrito por":"fabio_bairros","Est. tempo de leitura":"4 minutos"},"schema":{"@context":"https:\/\/schema.org","@graph":[{"@type":"WebPage","@id":"https:\/\/expresso.estadao.com.br\/sao-paulo\/2023\/06\/15\/como-obter-cartao-de-vaga-para-idoso-sem-sair-de-casa\/","url":"https:\/\/expresso.estadao.com.br\/sao-paulo\/2023\/06\/15\/como-obter-cartao-de-vaga-para-idoso-sem-sair-de-casa\/","name":"Cart\u00e3o de estacionamento do idoso - Estad\u00e3o Expresso Bairros","isPartOf":{"@id":"https:\/\/expresso.estadao.com.br\/sao-paulo\/#website"},"primaryImageOfPage":{"@id":"https:\/\/expresso.estadao.com.br\/sao-paulo\/2023\/06\/15\/como-obter-cartao-de-vaga-para-idoso-sem-sair-de-casa\/#primaryimage"},"image":{"@id":"https:\/\/expresso.estadao.com.br\/sao-paulo\/2023\/06\/15\/como-obter-cartao-de-vaga-para-idoso-sem-sair-de-casa\/#primaryimage"},"thumbnailUrl":"https:\/\/expresso.estadao.com.br\/sao-paulo\/wp-content\/uploads\/2023\/06\/EIG4FOUNUZKFLCU7JQMDR7ZKYY.jpg","datePublished":"2023-06-15T12:23:11+00:00","dateModified":"2023-07-05T22:27:07+00:00","author":{"@id":"https:\/\/expresso.estadao.com.br\/sao-paulo\/#\/schema\/person\/f45f9e313ba8cbe5af9424f387ddef42"},"description":"CET emite o documento de forma on-line, sem custo, para pessoas com 60 anos ou mais","breadcrumb":{"@id":"https:\/\/expresso.estadao.com.br\/sao-paulo\/2023\/06\/15\/como-obter-cartao-de-vaga-para-idoso-sem-sair-de-casa\/#breadcrumb"},"inLanguage":"pt-BR","potentialAction":[{"@type":"ReadAction","target":["https:\/\/expresso.estadao.com.br\/sao-paulo\/2023\/06\/15\/como-obter-cartao-de-vaga-para-idoso-sem-sair-de-casa\/"]}]},{"@type":"ImageObject","inLanguage":"pt-BR","@id":"https:\/\/expresso.estadao.com.br\/sao-paulo\/2023\/06\/15\/como-obter-cartao-de-vaga-para-idoso-sem-sair-de-casa\/#primaryimage","url":"https:\/\/expresso.estadao.com.br\/sao-paulo\/wp-content\/uploads\/2023\/06\/EIG4FOUNUZKFLCU7JQMDR7ZKYY.jpg","contentUrl":"https:\/\/expresso.estadao.com.br\/sao-paulo\/wp-content\/uploads\/2023\/06\/EIG4FOUNUZKFLCU7JQMDR7ZKYY.jpg","width":936,"height":624,"caption":"Cr\u00e9dito: Werther Santana\/Estad\u00e3o"},{"@type":"BreadcrumbList","@id":"https:\/\/expresso.estadao.com.br\/sao-paulo\/2023\/06\/15\/como-obter-cartao-de-vaga-para-idoso-sem-sair-de-casa\/#breadcrumb","itemListElement":[{"@type":"ListItem","position":1,"name":"In\u00edcio","item":"https:\/\/expresso.estadao.com.br\/sao-paulo\/"},{"@type":"ListItem","position":2,"name":"Como obter cart\u00e3o de vaga para idoso sem sair de casa"}]},{"@type":"WebSite","@id":"https:\/\/expresso.estadao.com.br\/sao-paulo\/#website","url":"https:\/\/expresso.estadao.com.br\/sao-paulo\/","name":"Estad\u00e3o Expresso S\u00e3o Paulo","description":"Conte\u00fado de presta\u00e7\u00e3o de servi\u00e7o para que os moradores da cidade de S\u00e3o Paulo possam se informar melhor e usar de maneira mais eficaz os servi\u00e7os p\u00fablicos municipais.","potentialAction":[{"@type":"SearchAction","target":{"@type":"EntryPoint","urlTemplate":"https:\/\/expresso.estadao.com.br\/sao-paulo\/?s={search_term_string}"},"query-input":{"@type":"PropertyValueSpecification","valueRequired":true,"valueName":"search_term_string"}}],"inLanguage":"pt-BR"},{"@type":"Person","@id":"https:\/\/expresso.estadao.com.br\/sao-paulo\/#\/schema\/person\/f45f9e313ba8cbe5af9424f387ddef42","name":"fabio_bairros","image":{"@type":"ImageObject","inLanguage":"pt-BR","@id":"https:\/\/expresso.estadao.com.br\/sao-paulo\/#\/schema\/person\/image\/","url":"https:\/\/secure.gravatar.com\/avatar\/fbecca90befcfda9505216ce0dc87261326cb6644deb5861e7ab404061c24246?s=96&d=mm&r=g","contentUrl":"https:\/\/secure.gravatar.com\/avatar\/fbecca90befcfda9505216ce0dc87261326cb6644deb5861e7ab404061c24246?s=96&d=mm&r=g","caption":"fabio_bairros"}}]}},"_links":{"self":[{"href":"https:\/\/expresso.estadao.com.br\/sao-paulo\/wp-json\/wp\/v2\/posts\/5392","targetHints":{"allow":["GET"]}}],"collection":[{"href":"https:\/\/expresso.estadao.com.br\/sao-paulo\/wp-json\/wp\/v2\/posts"}],"about":[{"href":"https:\/\/expresso.estadao.com.br\/sao-paulo\/wp-json\/wp\/v2\/types\/post"}],"author":[{"embeddable":true,"href":"https:\/\/expresso.estadao.com.br\/sao-paulo\/wp-json\/wp\/v2\/users\/4"}],"replies":[{"embeddable":true,"href":"https:\/\/expresso.estadao.com.br\/sao-paulo\/wp-json\/wp\/v2\/comments?post=5392"}],"version-history":[{"count":5,"href":"https:\/\/expresso.estadao.com.br\/sao-paulo\/wp-json\/wp\/v2\/posts\/5392\/revisions"}],"predecessor-version":[{"id":5432,"href":"https:\/\/expresso.estadao.com.br\/sao-paulo\/wp-json\/wp\/v2\/posts\/5392\/revisions\/5432"}],"wp:featuredmedia":[{"embeddable":true,"href":"https:\/\/expresso.estadao.com.br\/sao-paulo\/wp-json\/wp\/v2\/media\/5394"}],"wp:attachment":[{"href":"https:\/\/expresso.estadao.com.br\/sao-paulo\/wp-json\/wp\/v2\/media?parent=5392"}],"wp:term":[{"taxonomy":"category","embeddable":true,"href":"https:\/\/expresso.estadao.com.br\/sao-paulo\/wp-json\/wp\/v2\/categories?post=5392"},{"taxonomy":"post_tag","embeddable":true,"href":"https:\/\/expresso.estadao.com.br\/sao-paulo\/wp-json\/wp\/v2\/tags?post=5392"}],"curies":[{"name":"wp","href":"https:\/\/api.w.org\/{rel}","templated":true}]}}