{"id":6133,"date":"2023-07-21T14:14:53","date_gmt":"2023-07-21T17:14:53","guid":{"rendered":"https:\/\/expresso.estadao.com.br\/sao-paulo\/?p=6133"},"modified":"2023-08-13T11:13:37","modified_gmt":"2023-08-13T14:13:37","slug":"empreendedor-impulsionado-pelo-green-sampa-cria-app-de-combate-a-fome","status":"publish","type":"post","link":"https:\/\/expresso.estadao.com.br\/sao-paulo\/2023\/07\/21\/empreendedor-impulsionado-pelo-green-sampa-cria-app-de-combate-a-fome\/","title":{"rendered":"Empreendedor impulsionado pelo Green Sampa cria app de combate \u00e0 fome"},"content":{"rendered":"<p><span style=\"font-weight: 400;\">O programa Green Sampa, uma iniciativa da Prefeitura de S\u00e3o Paulo, est\u00e1 impulsionando o desenvolvimento de startups com solu\u00e7\u00f5es voltadas para tecnologias verdes e socioambientais. Desde sua cria\u00e7\u00e3o em 2019, a iniciativa oferece suporte financeiro, mentorias especializadas e um ambiente de trabalho colaborativo para as empresas participantes.<\/span><\/p>\n<p><span style=\"font-weight: 400;\">Um dos empreendedores que se beneficiou do programa \u00e9 Marcelo Toledo, de 35 anos, que participou em 2022 com o projeto do aplicativo Bom App, focado em solu\u00e7\u00f5es para combater o desperd\u00edcio de alimentos e mitigar a fome.<\/span><\/p>\n<p><span style=\"font-weight: 400;\"> Pelo Green Sampa, Toledo teve a oportunidade de participar do Web Summit Portugal, uma das principais confer\u00eancias de tecnologia da Europa. \u201cO programa nos proporcionou uma vitrine. Tivemos visibilidade no evento, o que nos permitiu fazer contatos&#8221;, comenta Toledo.<\/span><\/p>\n<p><span style=\"font-weight: 400;\">Durante as sess\u00f5es de mentoria, Toledo diz ter percebido a necessidade de mudar completamente seu projeto. &#8220;Compreendemos que o projeto inicial n\u00e3o seria rent\u00e1vel no curto prazo, pois exigia uma mudan\u00e7a de comportamento do consumidor&#8221;, explica.<\/span><\/p>\n<p><span style=\"font-weight: 400;\"> No Green Sampa, o empres\u00e1rio criou a Ecolog, uma nova empresa que aproveita a tecnologia desenvolvida no projeto inicial para ajudar grandes eventos a reduzir seu impacto ambiental, conectando-os a iniciativas sustent\u00e1veis. &#8220;Passar pelo Green Sampa confere legitimidade ao empreendedor para buscar recursos para o seu neg\u00f3cio&#8221;, ressalta.<\/span><\/p>\n<p><b>Espa\u00e7o, mentorias e investimento<\/b><\/p>\n<p><span style=\"font-weight: 400;\">Nas edi\u00e7\u00f5es 3 e 4, realizadas em 2021\/2022 e 2022\/2023, foram selecionadas 30 startups em cada turma por meio de chamamento p\u00fablico. Na quarta edi\u00e7\u00e3o, duas solu\u00e7\u00f5es criadas durante os Hackathons Virada ODS 2022 e Ade Sampa &#8211; Cidades Inteligentes conquistaram vagas extras.<\/span><\/p>\n<p><span style=\"font-weight: 400;\"> Para a pr\u00f3xima edi\u00e7\u00e3o, prevista para abrir as inscri\u00e7\u00f5es em agosto, ser\u00e3o disponibilizadas oportunidades para at\u00e9 24 iniciativas que desenvolvam solu\u00e7\u00f5es sustent\u00e1veis.<\/span><\/p>\n<p><span style=\"font-weight: 400;\">Ao ingressarem no Hub Green Sampa, as empresas t\u00eam acesso a conte\u00fado de capacita\u00e7\u00e3o, incluindo oficinas qualificativas, masterclasses e mentorias especializadas. Al\u00e9m disso, h\u00e1 a oportunidade de estabelecer contatos com o poder p\u00fablico e o setor privado, participar de eventos nacionais e internacionais, e realizar rodadas de neg\u00f3cios com grandes empresas do setor.<\/span><\/p>\n<div id=\"attachment_6136\" style=\"width: 950px\" class=\"wp-caption alignnone\"><img loading=\"lazy\" decoding=\"async\" aria-describedby=\"caption-attachment-6136\" class=\"size-full wp-image-6136\" src=\"https:\/\/expresso.estadao.com.br\/sao-paulo\/wp-content\/uploads\/2023\/07\/HUBCENTROVERDE_DIVULGACAO.jpeg\" alt=\"\" width=\"940\" height=\"450\" srcset=\"https:\/\/expresso.estadao.com.br\/sao-paulo\/wp-content\/uploads\/2023\/07\/HUBCENTROVERDE_DIVULGACAO.jpeg 940w, https:\/\/expresso.estadao.com.br\/sao-paulo\/wp-content\/uploads\/2023\/07\/HUBCENTROVERDE_DIVULGACAO-627x300.jpeg 627w, https:\/\/expresso.estadao.com.br\/sao-paulo\/wp-content\/uploads\/2023\/07\/HUBCENTROVERDE_DIVULGACAO-768x368.jpeg 768w\" sizes=\"auto, (max-width: 940px) 100vw, 940px\" \/><p id=\"caption-attachment-6136\" class=\"wp-caption-text\">Sala do Green Sampa &#8211; Cr\u00e9dito: Divulga\u00e7\u00e3o\/Prefeitura SP<\/p><\/div>\n<p>&nbsp;<\/p>\n<p><span style=\"font-weight: 400;\">Uma das novidades da quinta edi\u00e7\u00e3o do programa \u00e9 o aporte financeiro de R$ 42.500 para cada iniciativa selecionada. Esse valor ser\u00e1 utilizado conforme as orienta\u00e7\u00f5es recebidas durante as mentorias.<\/span><\/p>\n<p><span style=\"font-weight: 400;\">Localizado na Pra\u00e7a Victor Civita, em Pinheiros, zona oeste de S\u00e3o Paulo, o Hub Green Sampa \u00e9 uma iniciativa da Secretaria de Desenvolvimento Econ\u00f4mico, Trabalho e Turismo (SMDET), operado pela ag\u00eancia Ade Sampa. O espa\u00e7o foi reformado e conta com tr\u00eas pavimentos, oferecendo infraestrutura para trabalho, eventos e produ\u00e7\u00e3o de materiais de \u00e1udio.<\/span><\/p>\n<p>&nbsp;<\/p>\n","protected":false},"excerpt":{"rendered":"<p>O programa Green Sampa, uma iniciativa da Prefeitura de S\u00e3o Paulo, est\u00e1 impulsionando o desenvolvimento de startups com solu\u00e7\u00f5es voltadas para tecnologias verdes e socioambientais. Desde sua cria\u00e7\u00e3o em 2019, a iniciativa oferece suporte financeiro, mentorias especializadas e um ambiente de trabalho colaborativo para as empresas participantes. Um dos empreendedores que se beneficiou do programa [&hellip;]<\/p>\n","protected":false},"author":4,"featured_media":6429,"comment_status":"open","ping_status":"closed","sticky":false,"template":"","format":"standard","meta":{"_acf_changed":false,"_monsterinsights_skip_tracking":false,"_monsterinsights_sitenote_active":false,"_monsterinsights_sitenote_note":"","_monsterinsights_sitenote_category":0,"footnotes":""},"categories":[742],"tags":[180,794,52],"class_list":["post-6133","post","type-post","status-publish","format-standard","has-post-thumbnail","hentry","category-desenvolvimento-economico","tag-empreendedorismo","tag-green-sampa","tag-prefeitura-de-sao-paulo"],"acf":[],"yoast_head":"<!-- This site is optimized with the Yoast SEO plugin v24.1 - https:\/\/yoast.com\/wordpress\/plugins\/seo\/ -->\n<title>Conhe\u00e7a o Green Sampa - Estad\u00e3o Expresso S\u00e3o Paulo<\/title>\n<meta name=\"description\" content=\"Programa da Prefeitura de S\u00e3o Paulo acelera startups e promove inova\u00e7\u00e3o sustent\u00e1vel\" \/>\n<meta name=\"robots\" content=\"index, follow, max-snippet:-1, max-image-preview:large, max-video-preview:-1\" \/>\n<link rel=\"canonical\" href=\"https:\/\/expresso.estadao.com.br\/sao-paulo\/2023\/07\/21\/empreendedor-impulsionado-pelo-green-sampa-cria-app-de-combate-a-fome\/\" \/>\n<meta property=\"og:locale\" content=\"pt_BR\" \/>\n<meta property=\"og:type\" content=\"article\" \/>\n<meta property=\"og:title\" content=\"Conhe\u00e7a o Green Sampa - Estad\u00e3o Expresso S\u00e3o Paulo\" \/>\n<meta property=\"og:description\" content=\"Programa da Prefeitura de S\u00e3o Paulo acelera startups e promove inova\u00e7\u00e3o sustent\u00e1vel\" \/>\n<meta property=\"og:url\" content=\"https:\/\/expresso.estadao.com.br\/sao-paulo\/2023\/07\/21\/empreendedor-impulsionado-pelo-green-sampa-cria-app-de-combate-a-fome\/\" \/>\n<meta property=\"og:site_name\" content=\"Estad\u00e3o Expresso S\u00e3o Paulo\" \/>\n<meta property=\"article:published_time\" content=\"2023-07-21T17:14:53+00:00\" \/>\n<meta property=\"article:modified_time\" content=\"2023-08-13T14:13:37+00:00\" \/>\n<meta property=\"og:image\" content=\"https:\/\/expresso.estadao.com.br\/sao-paulo\/wp-content\/uploads\/2023\/07\/IMG_0440.jpg\" \/>\n\t<meta property=\"og:image:type\" content=\"image\/jpeg\" \/>\n<meta name=\"author\" content=\"fabio_bairros\" \/>\n<meta name=\"twitter:card\" content=\"summary_large_image\" \/>\n<meta name=\"twitter:label1\" content=\"Escrito por\" \/>\n\t<meta name=\"twitter:data1\" content=\"fabio_bairros\" \/>\n\t<meta name=\"twitter:label2\" content=\"Est. tempo de leitura\" \/>\n\t<meta name=\"twitter:data2\" content=\"3 minutos\" \/>\n<script type=\"application\/ld+json\" class=\"yoast-schema-graph\">{\"@context\":\"https:\/\/schema.org\",\"@graph\":[{\"@type\":\"WebPage\",\"@id\":\"https:\/\/expresso.estadao.com.br\/sao-paulo\/2023\/07\/21\/empreendedor-impulsionado-pelo-green-sampa-cria-app-de-combate-a-fome\/\",\"url\":\"https:\/\/expresso.estadao.com.br\/sao-paulo\/2023\/07\/21\/empreendedor-impulsionado-pelo-green-sampa-cria-app-de-combate-a-fome\/\",\"name\":\"Conhe\u00e7a o Green Sampa - Estad\u00e3o Expresso S\u00e3o Paulo\",\"isPartOf\":{\"@id\":\"https:\/\/expresso.estadao.com.br\/sao-paulo\/#website\"},\"primaryImageOfPage\":{\"@id\":\"https:\/\/expresso.estadao.com.br\/sao-paulo\/2023\/07\/21\/empreendedor-impulsionado-pelo-green-sampa-cria-app-de-combate-a-fome\/#primaryimage\"},\"image\":{\"@id\":\"https:\/\/expresso.estadao.com.br\/sao-paulo\/2023\/07\/21\/empreendedor-impulsionado-pelo-green-sampa-cria-app-de-combate-a-fome\/#primaryimage\"},\"thumbnailUrl\":\"https:\/\/expresso.estadao.com.br\/sao-paulo\/wp-content\/uploads\/2023\/07\/IMG_0440.jpg\",\"datePublished\":\"2023-07-21T17:14:53+00:00\",\"dateModified\":\"2023-08-13T14:13:37+00:00\",\"author\":{\"@id\":\"https:\/\/expresso.estadao.com.br\/sao-paulo\/#\/schema\/person\/f45f9e313ba8cbe5af9424f387ddef42\"},\"description\":\"Programa da Prefeitura de S\u00e3o Paulo acelera startups e promove inova\u00e7\u00e3o sustent\u00e1vel\",\"breadcrumb\":{\"@id\":\"https:\/\/expresso.estadao.com.br\/sao-paulo\/2023\/07\/21\/empreendedor-impulsionado-pelo-green-sampa-cria-app-de-combate-a-fome\/#breadcrumb\"},\"inLanguage\":\"pt-BR\",\"potentialAction\":[{\"@type\":\"ReadAction\",\"target\":[\"https:\/\/expresso.estadao.com.br\/sao-paulo\/2023\/07\/21\/empreendedor-impulsionado-pelo-green-sampa-cria-app-de-combate-a-fome\/\"]}]},{\"@type\":\"ImageObject\",\"inLanguage\":\"pt-BR\",\"@id\":\"https:\/\/expresso.estadao.com.br\/sao-paulo\/2023\/07\/21\/empreendedor-impulsionado-pelo-green-sampa-cria-app-de-combate-a-fome\/#primaryimage\",\"url\":\"https:\/\/expresso.estadao.com.br\/sao-paulo\/wp-content\/uploads\/2023\/07\/IMG_0440.jpg\",\"contentUrl\":\"https:\/\/expresso.estadao.com.br\/sao-paulo\/wp-content\/uploads\/2023\/07\/IMG_0440.jpg\",\"width\":2048,\"height\":1217,\"caption\":\"Marcelo Toledo durante entrevista ao Estad\u00e3o Expresso SP - Cr\u00e9dito: L. Santana\/Estad\u00e3o Expresso SP\"},{\"@type\":\"BreadcrumbList\",\"@id\":\"https:\/\/expresso.estadao.com.br\/sao-paulo\/2023\/07\/21\/empreendedor-impulsionado-pelo-green-sampa-cria-app-de-combate-a-fome\/#breadcrumb\",\"itemListElement\":[{\"@type\":\"ListItem\",\"position\":1,\"name\":\"In\u00edcio\",\"item\":\"https:\/\/expresso.estadao.com.br\/sao-paulo\/\"},{\"@type\":\"ListItem\",\"position\":2,\"name\":\"Empreendedor impulsionado pelo Green Sampa cria app de combate \u00e0 fome\"}]},{\"@type\":\"WebSite\",\"@id\":\"https:\/\/expresso.estadao.com.br\/sao-paulo\/#website\",\"url\":\"https:\/\/expresso.estadao.com.br\/sao-paulo\/\",\"name\":\"Estad\u00e3o Expresso S\u00e3o Paulo\",\"description\":\"Conte\u00fado de presta\u00e7\u00e3o de servi\u00e7o para que os moradores da cidade de S\u00e3o Paulo possam se informar melhor e usar de maneira mais eficaz os servi\u00e7os p\u00fablicos municipais.\",\"potentialAction\":[{\"@type\":\"SearchAction\",\"target\":{\"@type\":\"EntryPoint\",\"urlTemplate\":\"https:\/\/expresso.estadao.com.br\/sao-paulo\/?s={search_term_string}\"},\"query-input\":{\"@type\":\"PropertyValueSpecification\",\"valueRequired\":true,\"valueName\":\"search_term_string\"}}],\"inLanguage\":\"pt-BR\"},{\"@type\":\"Person\",\"@id\":\"https:\/\/expresso.estadao.com.br\/sao-paulo\/#\/schema\/person\/f45f9e313ba8cbe5af9424f387ddef42\",\"name\":\"fabio_bairros\",\"image\":{\"@type\":\"ImageObject\",\"inLanguage\":\"pt-BR\",\"@id\":\"https:\/\/expresso.estadao.com.br\/sao-paulo\/#\/schema\/person\/image\/\",\"url\":\"https:\/\/secure.gravatar.com\/avatar\/fbecca90befcfda9505216ce0dc87261326cb6644deb5861e7ab404061c24246?s=96&d=mm&r=g\",\"contentUrl\":\"https:\/\/secure.gravatar.com\/avatar\/fbecca90befcfda9505216ce0dc87261326cb6644deb5861e7ab404061c24246?s=96&d=mm&r=g\",\"caption\":\"fabio_bairros\"}}]}<\/script>\n<!-- \/ Yoast SEO plugin. -->","yoast_head_json":{"title":"Conhe\u00e7a o Green Sampa - Estad\u00e3o Expresso S\u00e3o Paulo","description":"Programa da Prefeitura de S\u00e3o Paulo acelera startups e promove inova\u00e7\u00e3o sustent\u00e1vel","robots":{"index":"index","follow":"follow","max-snippet":"max-snippet:-1","max-image-preview":"max-image-preview:large","max-video-preview":"max-video-preview:-1"},"canonical":"https:\/\/expresso.estadao.com.br\/sao-paulo\/2023\/07\/21\/empreendedor-impulsionado-pelo-green-sampa-cria-app-de-combate-a-fome\/","og_locale":"pt_BR","og_type":"article","og_title":"Conhe\u00e7a o Green Sampa - Estad\u00e3o Expresso S\u00e3o Paulo","og_description":"Programa da Prefeitura de S\u00e3o Paulo acelera startups e promove inova\u00e7\u00e3o sustent\u00e1vel","og_url":"https:\/\/expresso.estadao.com.br\/sao-paulo\/2023\/07\/21\/empreendedor-impulsionado-pelo-green-sampa-cria-app-de-combate-a-fome\/","og_site_name":"Estad\u00e3o Expresso S\u00e3o Paulo","article_published_time":"2023-07-21T17:14:53+00:00","article_modified_time":"2023-08-13T14:13:37+00:00","og_image":[{"width":"","height":"","url":"https:\/\/expresso.estadao.com.br\/sao-paulo\/wp-content\/uploads\/2023\/07\/IMG_0440.jpg","type":"image\/jpeg"}],"author":"fabio_bairros","twitter_card":"summary_large_image","twitter_misc":{"Escrito por":"fabio_bairros","Est. tempo de leitura":"3 minutos"},"schema":{"@context":"https:\/\/schema.org","@graph":[{"@type":"WebPage","@id":"https:\/\/expresso.estadao.com.br\/sao-paulo\/2023\/07\/21\/empreendedor-impulsionado-pelo-green-sampa-cria-app-de-combate-a-fome\/","url":"https:\/\/expresso.estadao.com.br\/sao-paulo\/2023\/07\/21\/empreendedor-impulsionado-pelo-green-sampa-cria-app-de-combate-a-fome\/","name":"Conhe\u00e7a o Green Sampa - Estad\u00e3o Expresso S\u00e3o Paulo","isPartOf":{"@id":"https:\/\/expresso.estadao.com.br\/sao-paulo\/#website"},"primaryImageOfPage":{"@id":"https:\/\/expresso.estadao.com.br\/sao-paulo\/2023\/07\/21\/empreendedor-impulsionado-pelo-green-sampa-cria-app-de-combate-a-fome\/#primaryimage"},"image":{"@id":"https:\/\/expresso.estadao.com.br\/sao-paulo\/2023\/07\/21\/empreendedor-impulsionado-pelo-green-sampa-cria-app-de-combate-a-fome\/#primaryimage"},"thumbnailUrl":"https:\/\/expresso.estadao.com.br\/sao-paulo\/wp-content\/uploads\/2023\/07\/IMG_0440.jpg","datePublished":"2023-07-21T17:14:53+00:00","dateModified":"2023-08-13T14:13:37+00:00","author":{"@id":"https:\/\/expresso.estadao.com.br\/sao-paulo\/#\/schema\/person\/f45f9e313ba8cbe5af9424f387ddef42"},"description":"Programa da Prefeitura de S\u00e3o Paulo acelera startups e promove inova\u00e7\u00e3o sustent\u00e1vel","breadcrumb":{"@id":"https:\/\/expresso.estadao.com.br\/sao-paulo\/2023\/07\/21\/empreendedor-impulsionado-pelo-green-sampa-cria-app-de-combate-a-fome\/#breadcrumb"},"inLanguage":"pt-BR","potentialAction":[{"@type":"ReadAction","target":["https:\/\/expresso.estadao.com.br\/sao-paulo\/2023\/07\/21\/empreendedor-impulsionado-pelo-green-sampa-cria-app-de-combate-a-fome\/"]}]},{"@type":"ImageObject","inLanguage":"pt-BR","@id":"https:\/\/expresso.estadao.com.br\/sao-paulo\/2023\/07\/21\/empreendedor-impulsionado-pelo-green-sampa-cria-app-de-combate-a-fome\/#primaryimage","url":"https:\/\/expresso.estadao.com.br\/sao-paulo\/wp-content\/uploads\/2023\/07\/IMG_0440.jpg","contentUrl":"https:\/\/expresso.estadao.com.br\/sao-paulo\/wp-content\/uploads\/2023\/07\/IMG_0440.jpg","width":2048,"height":1217,"caption":"Marcelo Toledo durante entrevista ao Estad\u00e3o Expresso SP - Cr\u00e9dito: L. Santana\/Estad\u00e3o Expresso SP"},{"@type":"BreadcrumbList","@id":"https:\/\/expresso.estadao.com.br\/sao-paulo\/2023\/07\/21\/empreendedor-impulsionado-pelo-green-sampa-cria-app-de-combate-a-fome\/#breadcrumb","itemListElement":[{"@type":"ListItem","position":1,"name":"In\u00edcio","item":"https:\/\/expresso.estadao.com.br\/sao-paulo\/"},{"@type":"ListItem","position":2,"name":"Empreendedor impulsionado pelo Green Sampa cria app de combate \u00e0 fome"}]},{"@type":"WebSite","@id":"https:\/\/expresso.estadao.com.br\/sao-paulo\/#website","url":"https:\/\/expresso.estadao.com.br\/sao-paulo\/","name":"Estad\u00e3o Expresso S\u00e3o Paulo","description":"Conte\u00fado de presta\u00e7\u00e3o de servi\u00e7o para que os moradores da cidade de S\u00e3o Paulo possam se informar melhor e usar de maneira mais eficaz os servi\u00e7os p\u00fablicos municipais.","potentialAction":[{"@type":"SearchAction","target":{"@type":"EntryPoint","urlTemplate":"https:\/\/expresso.estadao.com.br\/sao-paulo\/?s={search_term_string}"},"query-input":{"@type":"PropertyValueSpecification","valueRequired":true,"valueName":"search_term_string"}}],"inLanguage":"pt-BR"},{"@type":"Person","@id":"https:\/\/expresso.estadao.com.br\/sao-paulo\/#\/schema\/person\/f45f9e313ba8cbe5af9424f387ddef42","name":"fabio_bairros","image":{"@type":"ImageObject","inLanguage":"pt-BR","@id":"https:\/\/expresso.estadao.com.br\/sao-paulo\/#\/schema\/person\/image\/","url":"https:\/\/secure.gravatar.com\/avatar\/fbecca90befcfda9505216ce0dc87261326cb6644deb5861e7ab404061c24246?s=96&d=mm&r=g","contentUrl":"https:\/\/secure.gravatar.com\/avatar\/fbecca90befcfda9505216ce0dc87261326cb6644deb5861e7ab404061c24246?s=96&d=mm&r=g","caption":"fabio_bairros"}}]}},"_links":{"self":[{"href":"https:\/\/expresso.estadao.com.br\/sao-paulo\/wp-json\/wp\/v2\/posts\/6133","targetHints":{"allow":["GET"]}}],"collection":[{"href":"https:\/\/expresso.estadao.com.br\/sao-paulo\/wp-json\/wp\/v2\/posts"}],"about":[{"href":"https:\/\/expresso.estadao.com.br\/sao-paulo\/wp-json\/wp\/v2\/types\/post"}],"author":[{"embeddable":true,"href":"https:\/\/expresso.estadao.com.br\/sao-paulo\/wp-json\/wp\/v2\/users\/4"}],"replies":[{"embeddable":true,"href":"https:\/\/expresso.estadao.com.br\/sao-paulo\/wp-json\/wp\/v2\/comments?post=6133"}],"version-history":[{"count":7,"href":"https:\/\/expresso.estadao.com.br\/sao-paulo\/wp-json\/wp\/v2\/posts\/6133\/revisions"}],"predecessor-version":[{"id":6430,"href":"https:\/\/expresso.estadao.com.br\/sao-paulo\/wp-json\/wp\/v2\/posts\/6133\/revisions\/6430"}],"wp:featuredmedia":[{"embeddable":true,"href":"https:\/\/expresso.estadao.com.br\/sao-paulo\/wp-json\/wp\/v2\/media\/6429"}],"wp:attachment":[{"href":"https:\/\/expresso.estadao.com.br\/sao-paulo\/wp-json\/wp\/v2\/media?parent=6133"}],"wp:term":[{"taxonomy":"category","embeddable":true,"href":"https:\/\/expresso.estadao.com.br\/sao-paulo\/wp-json\/wp\/v2\/categories?post=6133"},{"taxonomy":"post_tag","embeddable":true,"href":"https:\/\/expresso.estadao.com.br\/sao-paulo\/wp-json\/wp\/v2\/tags?post=6133"}],"curies":[{"name":"wp","href":"https:\/\/api.w.org\/{rel}","templated":true}]}}