{"id":6213,"date":"2023-08-16T03:36:26","date_gmt":"2023-08-16T06:36:26","guid":{"rendered":"https:\/\/expresso.estadao.com.br\/sao-paulo\/?p=6213"},"modified":"2023-08-16T17:03:42","modified_gmt":"2023-08-16T20:03:42","slug":"cidade-tiradentes-tem-uti-neonatal-com-tratamento-humanizado","status":"publish","type":"post","link":"https:\/\/expresso.estadao.com.br\/sao-paulo\/2023\/08\/16\/cidade-tiradentes-tem-uti-neonatal-com-tratamento-humanizado\/","title":{"rendered":"Cidade Tiradentes tem UTI neonatal com tratamento humanizado"},"content":{"rendered":"<p>No dia 2 de junho, Gabriellen Ramos Munhoz, 21 anos, gr\u00e1vida de 29 semanas, chegou \u00e0 maternidade do Hospital Municipal Carmem Prudente &#8211; Cidade Tiradentes, na zona leste, com um quadro de pr\u00e9-ecl\u00e2mpsia, uma condi\u00e7\u00e3o de alto risco para m\u00e3e e beb\u00ea.<\/p>\n<p>Em sua barriga, Bryan pesava apenas 970 gramas e ainda n\u00e3o tinha chegado ao oitavo m\u00eas. O parto foi feito \u00e0s pressas, dentro de um ambiente apontado pela Prefeitura de S\u00e3o Paulo como refer\u00eancia em salvar a vida de beb\u00eas prematuros ou que nascem com problemas graves de sa\u00fade.<\/p>\n<blockquote><p>\u201cSe n\u00e3o fosse este hospital, acho que estar\u00edamos mortos\u201d, relata Gabriellen, 40 dias ap\u00f3s o parto e com Bryan j\u00e1 perto de receber alta da UTI neonatal do Hospital Municipal Cidade Tiradentes, servi\u00e7o mantido pela Prefeitura.<\/p><\/blockquote>\n<p>Em toda a cidade, s\u00e3o 142 leitos de UTI neonatal em 15 hospitais p\u00fablicos municipais. A taxa m\u00e9dia de ocupa\u00e7\u00e3o das UTIs neonatal da capital \u00e9 de 67,93%.<\/p>\n<p>Segundo a Prefeitura, o Hospital Cidade Tiradentes realiza cerca de 300 partos mensalmente. A unidade, que funciona desde julho de 2007 e completou 16 anos no \u00faltimo m\u00eas, disp\u00f5e de 16 leitos de cuidados intermedi\u00e1rios neonatal, 11 leitos de UTI pedi\u00e1trica e dez leitos de UTI neonatal.<\/p>\n<p><strong>Parceria<\/strong><\/p>\n<p>O HM Cidade Tiradentes realiza, em m\u00e9dia, 16 mil atendimentos mensais, nas especialidades de cl\u00ednica m\u00e9dica, pediatria, cirurgia geral, psiquiatria, ginecologia e ortopedia. Administrado pela Organiza\u00e7\u00e3o Social de Sa\u00fade (OSS) Santa Marcelina, o hospital disp\u00f5e de 245 leitos e custeio mensal de aproximadamente R$ 17 milh\u00f5es. Al\u00e9m disso, tem 30 leitos de UTI adulto.<\/p>\n<p>A unidade neonatal conta com uma equipe multiprofissional, com \u00eanfase em atendimento humanizado, composta por 58 profissionais, entre m\u00e9dicos plantonistas, fisioterapeutas, enfermeiros e t\u00e9cnicos de enfermagem. Os leitos t\u00eam ilumina\u00e7\u00e3o individualizada, paredes com decora\u00e7\u00e3o tem\u00e1tica, estrutura para posto de coleta do leite humano.<\/p>\n<div id=\"attachment_6467\" style=\"width: 1120px\" class=\"wp-caption alignnone\"><img loading=\"lazy\" decoding=\"async\" aria-describedby=\"caption-attachment-6467\" class=\"size-large wp-image-6467\" src=\"https:\/\/expresso.estadao.com.br\/sao-paulo\/wp-content\/uploads\/2023\/08\/1138008613-1-1-1110x740.jpg\" alt=\"\" width=\"1110\" height=\"740\" srcset=\"https:\/\/expresso.estadao.com.br\/sao-paulo\/wp-content\/uploads\/2023\/08\/1138008613-1-1-1110x740.jpg 1110w, https:\/\/expresso.estadao.com.br\/sao-paulo\/wp-content\/uploads\/2023\/08\/1138008613-1-1-450x300.jpg 450w, https:\/\/expresso.estadao.com.br\/sao-paulo\/wp-content\/uploads\/2023\/08\/1138008613-1-1-768x512.jpg 768w, https:\/\/expresso.estadao.com.br\/sao-paulo\/wp-content\/uploads\/2023\/08\/1138008613-1-1-1536x1024.jpg 1536w, https:\/\/expresso.estadao.com.br\/sao-paulo\/wp-content\/uploads\/2023\/08\/1138008613-1-1.jpg 2048w\" sizes=\"auto, (max-width: 1110px) 100vw, 1110px\" \/><p id=\"caption-attachment-6467\" class=\"wp-caption-text\">Cr\u00e9dito: Divulga\u00e7\u00e3o\/Marcelo Pereira\/Secom<\/p><\/div>\n<p>&nbsp;<\/p>\n<p>Entre seus equipamentos para a recupera\u00e7\u00e3o dos beb\u00eas, oferece os de ventila\u00e7\u00e3o de alta frequ\u00eancia, de fototerapia de alta intensidade, e equipamentos de \u00f3xido n\u00edtrico, utilizado no tratamento da hipertens\u00e3o pulmonar persistente.<\/p>\n<p>A UTI passou por uma reforma recentemente em que foram realizadas troca de mantas vin\u00edlicas (piso) e revitaliza\u00e7\u00e3o das portas e paredes, al\u00e9m de novas instala\u00e7\u00f5es para implanta\u00e7\u00e3o do posto de coleta de leite humano.<\/p>\n<p><strong>Exames<\/strong><\/p>\n<p>Os beb\u00eas internados na UTI neonatal contam tamb\u00e9m com uma estrutura composta por exames, medicamentos e fisioterapia para conseguirem se alimentar com leite materno. Esse suporte garante o monitoramento preciso das situa\u00e7\u00f5es consideradas mais graves.<\/p>\n<p>Tamb\u00e9m \u00e9 garantido, de acordo com a gest\u00e3o municipal, tratamento de prematuros que tenham alguma adversidade ao nascer, em que necessitam de uma aten\u00e7\u00e3o maior da equipe m\u00e9dica para desenvolver as habilidades de respirar, sugar e deglutir. Esses reflexos s\u00f3 s\u00e3o desenvolvidos a partir da 34.\u00aa semana de gesta\u00e7\u00e3o.<\/p>\n<p>&nbsp;<\/p>\n","protected":false},"excerpt":{"rendered":"<p>No dia 2 de junho, Gabriellen Ramos Munhoz, 21 anos, gr\u00e1vida de 29 semanas, chegou \u00e0 maternidade do Hospital Municipal Carmem Prudente &#8211; Cidade Tiradentes, na zona leste, com um quadro de pr\u00e9-ecl\u00e2mpsia, uma condi\u00e7\u00e3o de alto risco para m\u00e3e e beb\u00ea. Em sua barriga, Bryan pesava apenas 970 gramas e ainda n\u00e3o tinha chegado [&hellip;]<\/p>\n","protected":false},"author":4,"featured_media":6379,"comment_status":"open","ping_status":"closed","sticky":false,"template":"","format":"standard","meta":{"_acf_changed":false,"_monsterinsights_skip_tracking":false,"_monsterinsights_sitenote_active":false,"_monsterinsights_sitenote_note":"","_monsterinsights_sitenote_category":0,"footnotes":""},"categories":[758],"tags":[152,52,824],"class_list":["post-6213","post","type-post","status-publish","format-standard","has-post-thumbnail","hentry","category-saude","tag-cidade-tiradentes","tag-prefeitura-de-sao-paulo","tag-uti-neonatal"],"acf":[],"yoast_head":"<!-- This site is optimized with the Yoast SEO plugin v24.1 - https:\/\/yoast.com\/wordpress\/plugins\/seo\/ -->\n<title>UTI neonatal com tratamento humanizado - Estad\u00e3o Expresso SP<\/title>\n<meta name=\"description\" content=\"Reformada, unidade conta com 10 leitos para atender beb\u00eas prematuros ou que nascem com problemas graves\" \/>\n<meta name=\"robots\" content=\"index, follow, max-snippet:-1, max-image-preview:large, max-video-preview:-1\" \/>\n<link rel=\"canonical\" href=\"https:\/\/expresso.estadao.com.br\/sao-paulo\/2023\/08\/16\/cidade-tiradentes-tem-uti-neonatal-com-tratamento-humanizado\/\" \/>\n<meta property=\"og:locale\" content=\"pt_BR\" \/>\n<meta property=\"og:type\" content=\"article\" \/>\n<meta property=\"og:title\" content=\"UTI neonatal com tratamento humanizado - Estad\u00e3o Expresso SP\" \/>\n<meta property=\"og:description\" content=\"Reformada, unidade conta com 10 leitos para atender beb\u00eas prematuros ou que nascem com problemas graves\" \/>\n<meta property=\"og:url\" content=\"https:\/\/expresso.estadao.com.br\/sao-paulo\/2023\/08\/16\/cidade-tiradentes-tem-uti-neonatal-com-tratamento-humanizado\/\" \/>\n<meta property=\"og:site_name\" content=\"Estad\u00e3o Expresso S\u00e3o Paulo\" \/>\n<meta property=\"article:published_time\" content=\"2023-08-16T06:36:26+00:00\" \/>\n<meta property=\"article:modified_time\" content=\"2023-08-16T20:03:42+00:00\" \/>\n<meta property=\"og:image\" content=\"https:\/\/expresso.estadao.com.br\/sao-paulo\/wp-content\/uploads\/2023\/07\/3195077812-scaled.jpg\" \/>\n\t<meta property=\"og:image:type\" content=\"image\/jpeg\" \/>\n<meta name=\"author\" content=\"fabio_bairros\" \/>\n<meta name=\"twitter:card\" content=\"summary_large_image\" \/>\n<meta name=\"twitter:label1\" content=\"Escrito por\" \/>\n\t<meta name=\"twitter:data1\" content=\"fabio_bairros\" \/>\n\t<meta name=\"twitter:label2\" content=\"Est. tempo de leitura\" \/>\n\t<meta name=\"twitter:data2\" content=\"3 minutos\" \/>\n<script type=\"application\/ld+json\" class=\"yoast-schema-graph\">{\"@context\":\"https:\/\/schema.org\",\"@graph\":[{\"@type\":\"WebPage\",\"@id\":\"https:\/\/expresso.estadao.com.br\/sao-paulo\/2023\/08\/16\/cidade-tiradentes-tem-uti-neonatal-com-tratamento-humanizado\/\",\"url\":\"https:\/\/expresso.estadao.com.br\/sao-paulo\/2023\/08\/16\/cidade-tiradentes-tem-uti-neonatal-com-tratamento-humanizado\/\",\"name\":\"UTI neonatal com tratamento humanizado - Estad\u00e3o Expresso SP\",\"isPartOf\":{\"@id\":\"https:\/\/expresso.estadao.com.br\/sao-paulo\/#website\"},\"primaryImageOfPage\":{\"@id\":\"https:\/\/expresso.estadao.com.br\/sao-paulo\/2023\/08\/16\/cidade-tiradentes-tem-uti-neonatal-com-tratamento-humanizado\/#primaryimage\"},\"image\":{\"@id\":\"https:\/\/expresso.estadao.com.br\/sao-paulo\/2023\/08\/16\/cidade-tiradentes-tem-uti-neonatal-com-tratamento-humanizado\/#primaryimage\"},\"thumbnailUrl\":\"https:\/\/expresso.estadao.com.br\/sao-paulo\/wp-content\/uploads\/2023\/07\/3195077812-scaled.jpg\",\"datePublished\":\"2023-08-16T06:36:26+00:00\",\"dateModified\":\"2023-08-16T20:03:42+00:00\",\"author\":{\"@id\":\"https:\/\/expresso.estadao.com.br\/sao-paulo\/#\/schema\/person\/f45f9e313ba8cbe5af9424f387ddef42\"},\"description\":\"Reformada, unidade conta com 10 leitos para atender beb\u00eas prematuros ou que nascem com problemas graves\",\"breadcrumb\":{\"@id\":\"https:\/\/expresso.estadao.com.br\/sao-paulo\/2023\/08\/16\/cidade-tiradentes-tem-uti-neonatal-com-tratamento-humanizado\/#breadcrumb\"},\"inLanguage\":\"pt-BR\",\"potentialAction\":[{\"@type\":\"ReadAction\",\"target\":[\"https:\/\/expresso.estadao.com.br\/sao-paulo\/2023\/08\/16\/cidade-tiradentes-tem-uti-neonatal-com-tratamento-humanizado\/\"]}]},{\"@type\":\"ImageObject\",\"inLanguage\":\"pt-BR\",\"@id\":\"https:\/\/expresso.estadao.com.br\/sao-paulo\/2023\/08\/16\/cidade-tiradentes-tem-uti-neonatal-com-tratamento-humanizado\/#primaryimage\",\"url\":\"https:\/\/expresso.estadao.com.br\/sao-paulo\/wp-content\/uploads\/2023\/07\/3195077812-scaled.jpg\",\"contentUrl\":\"https:\/\/expresso.estadao.com.br\/sao-paulo\/wp-content\/uploads\/2023\/07\/3195077812-scaled.jpg\",\"width\":2560,\"height\":1707,\"caption\":\"UTI Neonatal do Hospital Municipal de Cidade Tiradentes - Cr\u00e9dito: Divulga\u00e7\u00e3o\/Marcelo Pereira\/Secom\"},{\"@type\":\"BreadcrumbList\",\"@id\":\"https:\/\/expresso.estadao.com.br\/sao-paulo\/2023\/08\/16\/cidade-tiradentes-tem-uti-neonatal-com-tratamento-humanizado\/#breadcrumb\",\"itemListElement\":[{\"@type\":\"ListItem\",\"position\":1,\"name\":\"In\u00edcio\",\"item\":\"https:\/\/expresso.estadao.com.br\/sao-paulo\/\"},{\"@type\":\"ListItem\",\"position\":2,\"name\":\"Cidade Tiradentes tem UTI neonatal com tratamento humanizado\"}]},{\"@type\":\"WebSite\",\"@id\":\"https:\/\/expresso.estadao.com.br\/sao-paulo\/#website\",\"url\":\"https:\/\/expresso.estadao.com.br\/sao-paulo\/\",\"name\":\"Estad\u00e3o Expresso S\u00e3o Paulo\",\"description\":\"Conte\u00fado de presta\u00e7\u00e3o de servi\u00e7o para que os moradores da cidade de S\u00e3o Paulo possam se informar melhor e usar de maneira mais eficaz os servi\u00e7os p\u00fablicos municipais.\",\"potentialAction\":[{\"@type\":\"SearchAction\",\"target\":{\"@type\":\"EntryPoint\",\"urlTemplate\":\"https:\/\/expresso.estadao.com.br\/sao-paulo\/?s={search_term_string}\"},\"query-input\":{\"@type\":\"PropertyValueSpecification\",\"valueRequired\":true,\"valueName\":\"search_term_string\"}}],\"inLanguage\":\"pt-BR\"},{\"@type\":\"Person\",\"@id\":\"https:\/\/expresso.estadao.com.br\/sao-paulo\/#\/schema\/person\/f45f9e313ba8cbe5af9424f387ddef42\",\"name\":\"fabio_bairros\",\"image\":{\"@type\":\"ImageObject\",\"inLanguage\":\"pt-BR\",\"@id\":\"https:\/\/expresso.estadao.com.br\/sao-paulo\/#\/schema\/person\/image\/\",\"url\":\"https:\/\/secure.gravatar.com\/avatar\/fbecca90befcfda9505216ce0dc87261326cb6644deb5861e7ab404061c24246?s=96&d=mm&r=g\",\"contentUrl\":\"https:\/\/secure.gravatar.com\/avatar\/fbecca90befcfda9505216ce0dc87261326cb6644deb5861e7ab404061c24246?s=96&d=mm&r=g\",\"caption\":\"fabio_bairros\"}}]}<\/script>\n<!-- \/ Yoast SEO plugin. -->","yoast_head_json":{"title":"UTI neonatal com tratamento humanizado - Estad\u00e3o Expresso SP","description":"Reformada, unidade conta com 10 leitos para atender beb\u00eas prematuros ou que nascem com problemas graves","robots":{"index":"index","follow":"follow","max-snippet":"max-snippet:-1","max-image-preview":"max-image-preview:large","max-video-preview":"max-video-preview:-1"},"canonical":"https:\/\/expresso.estadao.com.br\/sao-paulo\/2023\/08\/16\/cidade-tiradentes-tem-uti-neonatal-com-tratamento-humanizado\/","og_locale":"pt_BR","og_type":"article","og_title":"UTI neonatal com tratamento humanizado - Estad\u00e3o Expresso SP","og_description":"Reformada, unidade conta com 10 leitos para atender beb\u00eas prematuros ou que nascem com problemas graves","og_url":"https:\/\/expresso.estadao.com.br\/sao-paulo\/2023\/08\/16\/cidade-tiradentes-tem-uti-neonatal-com-tratamento-humanizado\/","og_site_name":"Estad\u00e3o Expresso S\u00e3o Paulo","article_published_time":"2023-08-16T06:36:26+00:00","article_modified_time":"2023-08-16T20:03:42+00:00","og_image":[{"width":"","height":"","url":"https:\/\/expresso.estadao.com.br\/sao-paulo\/wp-content\/uploads\/2023\/07\/3195077812-scaled.jpg","type":"image\/jpeg"}],"author":"fabio_bairros","twitter_card":"summary_large_image","twitter_misc":{"Escrito por":"fabio_bairros","Est. tempo de leitura":"3 minutos"},"schema":{"@context":"https:\/\/schema.org","@graph":[{"@type":"WebPage","@id":"https:\/\/expresso.estadao.com.br\/sao-paulo\/2023\/08\/16\/cidade-tiradentes-tem-uti-neonatal-com-tratamento-humanizado\/","url":"https:\/\/expresso.estadao.com.br\/sao-paulo\/2023\/08\/16\/cidade-tiradentes-tem-uti-neonatal-com-tratamento-humanizado\/","name":"UTI neonatal com tratamento humanizado - Estad\u00e3o Expresso SP","isPartOf":{"@id":"https:\/\/expresso.estadao.com.br\/sao-paulo\/#website"},"primaryImageOfPage":{"@id":"https:\/\/expresso.estadao.com.br\/sao-paulo\/2023\/08\/16\/cidade-tiradentes-tem-uti-neonatal-com-tratamento-humanizado\/#primaryimage"},"image":{"@id":"https:\/\/expresso.estadao.com.br\/sao-paulo\/2023\/08\/16\/cidade-tiradentes-tem-uti-neonatal-com-tratamento-humanizado\/#primaryimage"},"thumbnailUrl":"https:\/\/expresso.estadao.com.br\/sao-paulo\/wp-content\/uploads\/2023\/07\/3195077812-scaled.jpg","datePublished":"2023-08-16T06:36:26+00:00","dateModified":"2023-08-16T20:03:42+00:00","author":{"@id":"https:\/\/expresso.estadao.com.br\/sao-paulo\/#\/schema\/person\/f45f9e313ba8cbe5af9424f387ddef42"},"description":"Reformada, unidade conta com 10 leitos para atender beb\u00eas prematuros ou que nascem com problemas graves","breadcrumb":{"@id":"https:\/\/expresso.estadao.com.br\/sao-paulo\/2023\/08\/16\/cidade-tiradentes-tem-uti-neonatal-com-tratamento-humanizado\/#breadcrumb"},"inLanguage":"pt-BR","potentialAction":[{"@type":"ReadAction","target":["https:\/\/expresso.estadao.com.br\/sao-paulo\/2023\/08\/16\/cidade-tiradentes-tem-uti-neonatal-com-tratamento-humanizado\/"]}]},{"@type":"ImageObject","inLanguage":"pt-BR","@id":"https:\/\/expresso.estadao.com.br\/sao-paulo\/2023\/08\/16\/cidade-tiradentes-tem-uti-neonatal-com-tratamento-humanizado\/#primaryimage","url":"https:\/\/expresso.estadao.com.br\/sao-paulo\/wp-content\/uploads\/2023\/07\/3195077812-scaled.jpg","contentUrl":"https:\/\/expresso.estadao.com.br\/sao-paulo\/wp-content\/uploads\/2023\/07\/3195077812-scaled.jpg","width":2560,"height":1707,"caption":"UTI Neonatal do Hospital Municipal de Cidade Tiradentes - Cr\u00e9dito: Divulga\u00e7\u00e3o\/Marcelo Pereira\/Secom"},{"@type":"BreadcrumbList","@id":"https:\/\/expresso.estadao.com.br\/sao-paulo\/2023\/08\/16\/cidade-tiradentes-tem-uti-neonatal-com-tratamento-humanizado\/#breadcrumb","itemListElement":[{"@type":"ListItem","position":1,"name":"In\u00edcio","item":"https:\/\/expresso.estadao.com.br\/sao-paulo\/"},{"@type":"ListItem","position":2,"name":"Cidade Tiradentes tem UTI neonatal com tratamento humanizado"}]},{"@type":"WebSite","@id":"https:\/\/expresso.estadao.com.br\/sao-paulo\/#website","url":"https:\/\/expresso.estadao.com.br\/sao-paulo\/","name":"Estad\u00e3o Expresso S\u00e3o Paulo","description":"Conte\u00fado de presta\u00e7\u00e3o de servi\u00e7o para que os moradores da cidade de S\u00e3o Paulo possam se informar melhor e usar de maneira mais eficaz os servi\u00e7os p\u00fablicos municipais.","potentialAction":[{"@type":"SearchAction","target":{"@type":"EntryPoint","urlTemplate":"https:\/\/expresso.estadao.com.br\/sao-paulo\/?s={search_term_string}"},"query-input":{"@type":"PropertyValueSpecification","valueRequired":true,"valueName":"search_term_string"}}],"inLanguage":"pt-BR"},{"@type":"Person","@id":"https:\/\/expresso.estadao.com.br\/sao-paulo\/#\/schema\/person\/f45f9e313ba8cbe5af9424f387ddef42","name":"fabio_bairros","image":{"@type":"ImageObject","inLanguage":"pt-BR","@id":"https:\/\/expresso.estadao.com.br\/sao-paulo\/#\/schema\/person\/image\/","url":"https:\/\/secure.gravatar.com\/avatar\/fbecca90befcfda9505216ce0dc87261326cb6644deb5861e7ab404061c24246?s=96&d=mm&r=g","contentUrl":"https:\/\/secure.gravatar.com\/avatar\/fbecca90befcfda9505216ce0dc87261326cb6644deb5861e7ab404061c24246?s=96&d=mm&r=g","caption":"fabio_bairros"}}]}},"_links":{"self":[{"href":"https:\/\/expresso.estadao.com.br\/sao-paulo\/wp-json\/wp\/v2\/posts\/6213","targetHints":{"allow":["GET"]}}],"collection":[{"href":"https:\/\/expresso.estadao.com.br\/sao-paulo\/wp-json\/wp\/v2\/posts"}],"about":[{"href":"https:\/\/expresso.estadao.com.br\/sao-paulo\/wp-json\/wp\/v2\/types\/post"}],"author":[{"embeddable":true,"href":"https:\/\/expresso.estadao.com.br\/sao-paulo\/wp-json\/wp\/v2\/users\/4"}],"replies":[{"embeddable":true,"href":"https:\/\/expresso.estadao.com.br\/sao-paulo\/wp-json\/wp\/v2\/comments?post=6213"}],"version-history":[{"count":5,"href":"https:\/\/expresso.estadao.com.br\/sao-paulo\/wp-json\/wp\/v2\/posts\/6213\/revisions"}],"predecessor-version":[{"id":6469,"href":"https:\/\/expresso.estadao.com.br\/sao-paulo\/wp-json\/wp\/v2\/posts\/6213\/revisions\/6469"}],"wp:featuredmedia":[{"embeddable":true,"href":"https:\/\/expresso.estadao.com.br\/sao-paulo\/wp-json\/wp\/v2\/media\/6379"}],"wp:attachment":[{"href":"https:\/\/expresso.estadao.com.br\/sao-paulo\/wp-json\/wp\/v2\/media?parent=6213"}],"wp:term":[{"taxonomy":"category","embeddable":true,"href":"https:\/\/expresso.estadao.com.br\/sao-paulo\/wp-json\/wp\/v2\/categories?post=6213"},{"taxonomy":"post_tag","embeddable":true,"href":"https:\/\/expresso.estadao.com.br\/sao-paulo\/wp-json\/wp\/v2\/tags?post=6213"}],"curies":[{"name":"wp","href":"https:\/\/api.w.org\/{rel}","templated":true}]}}