{"id":6236,"date":"2023-08-01T22:41:31","date_gmt":"2023-08-02T01:41:31","guid":{"rendered":"https:\/\/expresso.estadao.com.br\/sao-paulo\/?p=6236"},"modified":"2023-08-01T22:41:31","modified_gmt":"2023-08-02T01:41:31","slug":"capital-investe-r-14-milhoes-em-novos-parques-lineares","status":"publish","type":"post","link":"https:\/\/expresso.estadao.com.br\/sao-paulo\/2023\/08\/01\/capital-investe-r-14-milhoes-em-novos-parques-lineares\/","title":{"rendered":"Capital investe R$ 14 milh\u00f5es em novos parques lineares"},"content":{"rendered":"<p><span style=\"font-weight: 400;\">A cidade de S\u00e3o Paulo vai ganhar novos espa\u00e7os para entretenimento, lazer e a pr\u00e1tica de esporte com os parques Linear Aristocrata, no Graja\u00fa, e o Linear \u00c1gua Podre, no Jardim Esmeralda. O primeiro est\u00e1 em constru\u00e7\u00e3o na regi\u00e3o de Capela do Socorro, na zona sul, e o segundo no Butant\u00e3, na zona oeste.<\/span><\/p>\n<p><span style=\"font-weight: 400;\">Segundo a Prefeitura de S\u00e3o Paulo, a previs\u00e3o \u00e9 que fiquem prontos em outubro deste ano. O investimento total ultrapassa R$ 14,3 milh\u00f5es e os espa\u00e7os v\u00e3o beneficiar mais de 1 milh\u00e3o de moradores dessas localidades.<\/span><\/p>\n<p><span style=\"font-weight: 400;\">A Secretaria do Verde e Meio Ambiente informou que, al\u00e9m de proporcionar \u00e1reas gratuitas de lazer e sociabilidade para a popula\u00e7\u00e3o, a constru\u00e7\u00e3o dos novos parques vai contribuir para a preserva\u00e7\u00e3o dos recursos h\u00eddricos da cidade, bem como para a conserva\u00e7\u00e3o ambiental. Ainda de acordo com a administra\u00e7\u00e3o municipal, os parques v\u00e3o conter invas\u00f5es nas \u00e1reas e valorizar o entorno, que \u00e9 de grande vulnerabilidade.<\/span><\/p>\n<p><span style=\"font-weight: 400;\">O parque linear \u00e9 diferente dos tradicionais, pois se estende ao longo de um rio, c\u00f3rrego ou outro curso d\u2019\u00e1gua. O Linear Aristocrata est\u00e1 na Bacia do C\u00f3rrego Reimberg Cocaia, enquanto o Linear \u00c1gua Podre se encontra no c\u00f3rrego de mesmo nome.\u00a0<\/span><span style=\"font-weight: 400;\">\u00a0<\/span><\/p>\n<p><strong>Parque Linear Aristocrata<\/strong><\/p>\n<p><span style=\"font-weight: 400;\">Fica onde, at\u00e9 a d\u00e9cada de 90, funcionou o Aristocrata Clube, que foi s\u00edmbolo de resist\u00eancia ao racismo em S\u00e3o Paulo. O parque far\u00e1 alus\u00e3o \u00e0 piscina do antigo clube, reproduzindo o espa\u00e7o com um deck de madeira pl\u00e1stica.<\/span><\/p>\n<p><span style=\"font-weight: 400;\">A quadra poliesportiva foi mantida no mesmo local, com o objetivo de preservar as refer\u00eancias hist\u00f3ricas do espa\u00e7o. Tamb\u00e9m est\u00e1 prevista a exposi\u00e7\u00e3o de um painel em uma das paredes da administra\u00e7\u00e3o com imagens da \u00e9poca do clube e das ocupa\u00e7\u00f5es posteriores.<\/span><\/p>\n<p><span style=\"font-weight: 400;\">A \u00e1rea verde do espa\u00e7o conta com 30 esp\u00e9cies de plantas, entre elas mangueira, bananeira, mamona, cedro, cambuci, jaborandi, emba\u00faba-branca, falsa-seringueira, tapi\u00e1-gua\u00e7u, bot\u00e3o-de-ouro e eucalipto.<\/span><\/p>\n<p><span style=\"font-weight: 400;\">Com investimento total de R$ 7.742.542,39, o Parque Linear Aristocrata est\u00e1 situado na rua Pamela Barton, esquina com a rua Cultura Popular, e sua estrutura completa oferecer\u00e1:<\/span><\/p>\n<ul>\n<li><span style=\"font-weight: 400;\">P<\/span><span style=\"font-weight: 400;\">ista de caminhada;<\/span><\/li>\n<li><span style=\"font-weight: 400;\">Edif\u00edcio administrativo com sanit\u00e1rios, guarita e salas para os servi\u00e7os do parque;<\/span><\/li>\n<li><span style=\"font-weight: 400;\">Edif\u00edcio de vesti\u00e1rio para os times de futebol;<\/span><\/li>\n<li><span style=\"font-weight: 400;\">Campo de futebol com arquibancada;<\/span><\/li>\n<li><span style=\"font-weight: 400;\">Parquinho;<\/span><\/li>\n<li><span style=\"font-weight: 400;\">Red\u00e1rio;<\/span><\/li>\n<li><span style=\"font-weight: 400;\">\u00c1rea de exerc\u00edcios;<\/span><\/li>\n<li><span style=\"font-weight: 400;\">Anfiteatro com edif\u00edcio de apoio;<\/span><\/li>\n<li><span style=\"font-weight: 400;\">Deck e \u00e1rea de sol;<\/span><\/li>\n<li><span style=\"font-weight: 400;\">Quiosque;\u00a0<\/span><\/li>\n<li><span style=\"font-weight: 400;\">\u00c1rea de pomar<\/span><\/li>\n<\/ul>\n<p>&nbsp;<\/p>\n<p><strong>Parque Linear \u00c1gua Podre<\/strong><\/p>\n<p><span style=\"font-weight: 400;\">O Parque Linear \u00c1gua Podre ser\u00e1 implantado por trechos e o primeiro a ser entregue ser\u00e1 o N\u00facleo Nascentes, com investimento de R$ 6,6 milh\u00f5es. Com ele, a Capital ter\u00e1 um novo mirante, que ser\u00e1 instalado no ponto mais alto do parque.<\/span><\/p>\n<p><span style=\"font-weight: 400;\">A infraestrutura inclui \u00e1rea de eventos para feiras de foodtrucks, feiras org\u00e2nicas e exposi\u00e7\u00f5es ao ar livre; arquibancada de madeira pl\u00e1stica para apresenta\u00e7\u00f5es, palestras e shows ao ar livre; mesas para refei\u00e7\u00f5es, bancos e lixeiras; academias para a terceira idade, com equipamentos de gin\u00e1stica e bancos para descanso; pista de caminhada; pra\u00e7a central com o edif\u00edcio-sede; playground e espa\u00e7o para piquenique.<\/span><\/p>\n<p><span style=\"font-weight: 400;\">A vegeta\u00e7\u00e3o do parque tem 184 esp\u00e9cies vasculares presentes. Goiabeira, costela-de-ad\u00e3o, jambeiro, jatob\u00e1, jaqueira, perp\u00e9tua-do-campo, caruru, mangueira, banana-de-macaco, tamareira-an\u00e3, jeriv\u00e1, pau-d&#8217;\u00e1gua, dracena, pic\u00e3o-preto, ararib\u00e1-rosa, ing\u00e1, tipuana e grumixama s\u00e3o alguns exemplos.<\/span><\/p>\n<p>&nbsp;<\/p>\n<p>&nbsp;<\/p>\n","protected":false},"excerpt":{"rendered":"<p>A cidade de S\u00e3o Paulo vai ganhar novos espa\u00e7os para entretenimento, lazer e a pr\u00e1tica de esporte com os parques Linear Aristocrata, no Graja\u00fa, e o Linear \u00c1gua Podre, no Jardim Esmeralda. O primeiro est\u00e1 em constru\u00e7\u00e3o na regi\u00e3o de Capela do Socorro, na zona sul, e o segundo no Butant\u00e3, na zona oeste. Segundo [&hellip;]<\/p>\n","protected":false},"author":4,"featured_media":6243,"comment_status":"open","ping_status":"closed","sticky":false,"template":"","format":"standard","meta":{"_acf_changed":false,"_monsterinsights_skip_tracking":false,"_monsterinsights_sitenote_active":false,"_monsterinsights_sitenote_note":"","_monsterinsights_sitenote_category":0,"footnotes":""},"categories":[756],"tags":[454,676,52],"class_list":["post-6236","post","type-post","status-publish","format-standard","has-post-thumbnail","hentry","category-meio-ambiente","tag-parque-linear","tag-parques-municipais","tag-prefeitura-de-sao-paulo"],"acf":[],"yoast_head":"<!-- This site is optimized with the Yoast SEO plugin v24.1 - https:\/\/yoast.com\/wordpress\/plugins\/seo\/ -->\n<title>Novos parques lineares - Estad\u00e3o Expresso S\u00e3o Paulo<\/title>\n<meta name=\"description\" content=\"\u00c1reas nas regi\u00f5es de Capela do Socorro e Butant\u00e3 devem beneficiar mais de 1 milh\u00e3o de moradores\" \/>\n<meta name=\"robots\" content=\"index, follow, max-snippet:-1, max-image-preview:large, max-video-preview:-1\" \/>\n<link rel=\"canonical\" href=\"https:\/\/expresso.estadao.com.br\/sao-paulo\/2023\/08\/01\/capital-investe-r-14-milhoes-em-novos-parques-lineares\/\" \/>\n<meta property=\"og:locale\" content=\"pt_BR\" \/>\n<meta property=\"og:type\" content=\"article\" \/>\n<meta property=\"og:title\" content=\"Novos parques lineares - Estad\u00e3o Expresso S\u00e3o Paulo\" \/>\n<meta property=\"og:description\" content=\"\u00c1reas nas regi\u00f5es de Capela do Socorro e Butant\u00e3 devem beneficiar mais de 1 milh\u00e3o de moradores\" \/>\n<meta property=\"og:url\" content=\"https:\/\/expresso.estadao.com.br\/sao-paulo\/2023\/08\/01\/capital-investe-r-14-milhoes-em-novos-parques-lineares\/\" \/>\n<meta property=\"og:site_name\" content=\"Estad\u00e3o Expresso S\u00e3o Paulo\" \/>\n<meta property=\"article:published_time\" content=\"2023-08-02T01:41:31+00:00\" \/>\n<meta property=\"og:image\" content=\"https:\/\/expresso.estadao.com.br\/sao-paulo\/wp-content\/uploads\/2023\/07\/WhatsApp-Image-2023-07-27-at-17.48.23.jpeg\" \/>\n\t<meta property=\"og:image:type\" content=\"image\/jpeg\" \/>\n<meta name=\"author\" content=\"fabio_bairros\" \/>\n<meta name=\"twitter:card\" content=\"summary_large_image\" \/>\n<meta name=\"twitter:label1\" content=\"Escrito por\" \/>\n\t<meta name=\"twitter:data1\" content=\"fabio_bairros\" \/>\n\t<meta name=\"twitter:label2\" content=\"Est. tempo de leitura\" \/>\n\t<meta name=\"twitter:data2\" content=\"3 minutos\" \/>\n<script type=\"application\/ld+json\" class=\"yoast-schema-graph\">{\"@context\":\"https:\/\/schema.org\",\"@graph\":[{\"@type\":\"WebPage\",\"@id\":\"https:\/\/expresso.estadao.com.br\/sao-paulo\/2023\/08\/01\/capital-investe-r-14-milhoes-em-novos-parques-lineares\/\",\"url\":\"https:\/\/expresso.estadao.com.br\/sao-paulo\/2023\/08\/01\/capital-investe-r-14-milhoes-em-novos-parques-lineares\/\",\"name\":\"Novos parques lineares - Estad\u00e3o Expresso S\u00e3o Paulo\",\"isPartOf\":{\"@id\":\"https:\/\/expresso.estadao.com.br\/sao-paulo\/#website\"},\"primaryImageOfPage\":{\"@id\":\"https:\/\/expresso.estadao.com.br\/sao-paulo\/2023\/08\/01\/capital-investe-r-14-milhoes-em-novos-parques-lineares\/#primaryimage\"},\"image\":{\"@id\":\"https:\/\/expresso.estadao.com.br\/sao-paulo\/2023\/08\/01\/capital-investe-r-14-milhoes-em-novos-parques-lineares\/#primaryimage\"},\"thumbnailUrl\":\"https:\/\/expresso.estadao.com.br\/sao-paulo\/wp-content\/uploads\/2023\/07\/WhatsApp-Image-2023-07-27-at-17.48.23.jpeg\",\"datePublished\":\"2023-08-02T01:41:31+00:00\",\"dateModified\":\"2023-08-02T01:41:31+00:00\",\"author\":{\"@id\":\"https:\/\/expresso.estadao.com.br\/sao-paulo\/#\/schema\/person\/f45f9e313ba8cbe5af9424f387ddef42\"},\"description\":\"\u00c1reas nas regi\u00f5es de Capela do Socorro e Butant\u00e3 devem beneficiar mais de 1 milh\u00e3o de moradores\",\"breadcrumb\":{\"@id\":\"https:\/\/expresso.estadao.com.br\/sao-paulo\/2023\/08\/01\/capital-investe-r-14-milhoes-em-novos-parques-lineares\/#breadcrumb\"},\"inLanguage\":\"pt-BR\",\"potentialAction\":[{\"@type\":\"ReadAction\",\"target\":[\"https:\/\/expresso.estadao.com.br\/sao-paulo\/2023\/08\/01\/capital-investe-r-14-milhoes-em-novos-parques-lineares\/\"]}]},{\"@type\":\"ImageObject\",\"inLanguage\":\"pt-BR\",\"@id\":\"https:\/\/expresso.estadao.com.br\/sao-paulo\/2023\/08\/01\/capital-investe-r-14-milhoes-em-novos-parques-lineares\/#primaryimage\",\"url\":\"https:\/\/expresso.estadao.com.br\/sao-paulo\/wp-content\/uploads\/2023\/07\/WhatsApp-Image-2023-07-27-at-17.48.23.jpeg\",\"contentUrl\":\"https:\/\/expresso.estadao.com.br\/sao-paulo\/wp-content\/uploads\/2023\/07\/WhatsApp-Image-2023-07-27-at-17.48.23.jpeg\",\"width\":1600,\"height\":1200,\"caption\":\"Parque Linear Aristocrata em constru\u00e7\u00e3o no Graja\u00fa - Cr\u00e9dito: Divulga\u00e7\u00e3o\/Prefeitura SP\"},{\"@type\":\"BreadcrumbList\",\"@id\":\"https:\/\/expresso.estadao.com.br\/sao-paulo\/2023\/08\/01\/capital-investe-r-14-milhoes-em-novos-parques-lineares\/#breadcrumb\",\"itemListElement\":[{\"@type\":\"ListItem\",\"position\":1,\"name\":\"In\u00edcio\",\"item\":\"https:\/\/expresso.estadao.com.br\/sao-paulo\/\"},{\"@type\":\"ListItem\",\"position\":2,\"name\":\"Capital investe R$ 14 milh\u00f5es em novos parques lineares\"}]},{\"@type\":\"WebSite\",\"@id\":\"https:\/\/expresso.estadao.com.br\/sao-paulo\/#website\",\"url\":\"https:\/\/expresso.estadao.com.br\/sao-paulo\/\",\"name\":\"Estad\u00e3o Expresso S\u00e3o Paulo\",\"description\":\"Conte\u00fado de presta\u00e7\u00e3o de servi\u00e7o para que os moradores da cidade de S\u00e3o Paulo possam se informar melhor e usar de maneira mais eficaz os servi\u00e7os p\u00fablicos municipais.\",\"potentialAction\":[{\"@type\":\"SearchAction\",\"target\":{\"@type\":\"EntryPoint\",\"urlTemplate\":\"https:\/\/expresso.estadao.com.br\/sao-paulo\/?s={search_term_string}\"},\"query-input\":{\"@type\":\"PropertyValueSpecification\",\"valueRequired\":true,\"valueName\":\"search_term_string\"}}],\"inLanguage\":\"pt-BR\"},{\"@type\":\"Person\",\"@id\":\"https:\/\/expresso.estadao.com.br\/sao-paulo\/#\/schema\/person\/f45f9e313ba8cbe5af9424f387ddef42\",\"name\":\"fabio_bairros\",\"image\":{\"@type\":\"ImageObject\",\"inLanguage\":\"pt-BR\",\"@id\":\"https:\/\/expresso.estadao.com.br\/sao-paulo\/#\/schema\/person\/image\/\",\"url\":\"https:\/\/secure.gravatar.com\/avatar\/fbecca90befcfda9505216ce0dc87261326cb6644deb5861e7ab404061c24246?s=96&d=mm&r=g\",\"contentUrl\":\"https:\/\/secure.gravatar.com\/avatar\/fbecca90befcfda9505216ce0dc87261326cb6644deb5861e7ab404061c24246?s=96&d=mm&r=g\",\"caption\":\"fabio_bairros\"}}]}<\/script>\n<!-- \/ Yoast SEO plugin. -->","yoast_head_json":{"title":"Novos parques lineares - Estad\u00e3o Expresso S\u00e3o Paulo","description":"\u00c1reas nas regi\u00f5es de Capela do Socorro e Butant\u00e3 devem beneficiar mais de 1 milh\u00e3o de moradores","robots":{"index":"index","follow":"follow","max-snippet":"max-snippet:-1","max-image-preview":"max-image-preview:large","max-video-preview":"max-video-preview:-1"},"canonical":"https:\/\/expresso.estadao.com.br\/sao-paulo\/2023\/08\/01\/capital-investe-r-14-milhoes-em-novos-parques-lineares\/","og_locale":"pt_BR","og_type":"article","og_title":"Novos parques lineares - Estad\u00e3o Expresso S\u00e3o Paulo","og_description":"\u00c1reas nas regi\u00f5es de Capela do Socorro e Butant\u00e3 devem beneficiar mais de 1 milh\u00e3o de moradores","og_url":"https:\/\/expresso.estadao.com.br\/sao-paulo\/2023\/08\/01\/capital-investe-r-14-milhoes-em-novos-parques-lineares\/","og_site_name":"Estad\u00e3o Expresso S\u00e3o Paulo","article_published_time":"2023-08-02T01:41:31+00:00","og_image":[{"width":"","height":"","url":"https:\/\/expresso.estadao.com.br\/sao-paulo\/wp-content\/uploads\/2023\/07\/WhatsApp-Image-2023-07-27-at-17.48.23.jpeg","type":"image\/jpeg"}],"author":"fabio_bairros","twitter_card":"summary_large_image","twitter_misc":{"Escrito por":"fabio_bairros","Est. tempo de leitura":"3 minutos"},"schema":{"@context":"https:\/\/schema.org","@graph":[{"@type":"WebPage","@id":"https:\/\/expresso.estadao.com.br\/sao-paulo\/2023\/08\/01\/capital-investe-r-14-milhoes-em-novos-parques-lineares\/","url":"https:\/\/expresso.estadao.com.br\/sao-paulo\/2023\/08\/01\/capital-investe-r-14-milhoes-em-novos-parques-lineares\/","name":"Novos parques lineares - Estad\u00e3o Expresso S\u00e3o Paulo","isPartOf":{"@id":"https:\/\/expresso.estadao.com.br\/sao-paulo\/#website"},"primaryImageOfPage":{"@id":"https:\/\/expresso.estadao.com.br\/sao-paulo\/2023\/08\/01\/capital-investe-r-14-milhoes-em-novos-parques-lineares\/#primaryimage"},"image":{"@id":"https:\/\/expresso.estadao.com.br\/sao-paulo\/2023\/08\/01\/capital-investe-r-14-milhoes-em-novos-parques-lineares\/#primaryimage"},"thumbnailUrl":"https:\/\/expresso.estadao.com.br\/sao-paulo\/wp-content\/uploads\/2023\/07\/WhatsApp-Image-2023-07-27-at-17.48.23.jpeg","datePublished":"2023-08-02T01:41:31+00:00","dateModified":"2023-08-02T01:41:31+00:00","author":{"@id":"https:\/\/expresso.estadao.com.br\/sao-paulo\/#\/schema\/person\/f45f9e313ba8cbe5af9424f387ddef42"},"description":"\u00c1reas nas regi\u00f5es de Capela do Socorro e Butant\u00e3 devem beneficiar mais de 1 milh\u00e3o de moradores","breadcrumb":{"@id":"https:\/\/expresso.estadao.com.br\/sao-paulo\/2023\/08\/01\/capital-investe-r-14-milhoes-em-novos-parques-lineares\/#breadcrumb"},"inLanguage":"pt-BR","potentialAction":[{"@type":"ReadAction","target":["https:\/\/expresso.estadao.com.br\/sao-paulo\/2023\/08\/01\/capital-investe-r-14-milhoes-em-novos-parques-lineares\/"]}]},{"@type":"ImageObject","inLanguage":"pt-BR","@id":"https:\/\/expresso.estadao.com.br\/sao-paulo\/2023\/08\/01\/capital-investe-r-14-milhoes-em-novos-parques-lineares\/#primaryimage","url":"https:\/\/expresso.estadao.com.br\/sao-paulo\/wp-content\/uploads\/2023\/07\/WhatsApp-Image-2023-07-27-at-17.48.23.jpeg","contentUrl":"https:\/\/expresso.estadao.com.br\/sao-paulo\/wp-content\/uploads\/2023\/07\/WhatsApp-Image-2023-07-27-at-17.48.23.jpeg","width":1600,"height":1200,"caption":"Parque Linear Aristocrata em constru\u00e7\u00e3o no Graja\u00fa - Cr\u00e9dito: Divulga\u00e7\u00e3o\/Prefeitura SP"},{"@type":"BreadcrumbList","@id":"https:\/\/expresso.estadao.com.br\/sao-paulo\/2023\/08\/01\/capital-investe-r-14-milhoes-em-novos-parques-lineares\/#breadcrumb","itemListElement":[{"@type":"ListItem","position":1,"name":"In\u00edcio","item":"https:\/\/expresso.estadao.com.br\/sao-paulo\/"},{"@type":"ListItem","position":2,"name":"Capital investe R$ 14 milh\u00f5es em novos parques lineares"}]},{"@type":"WebSite","@id":"https:\/\/expresso.estadao.com.br\/sao-paulo\/#website","url":"https:\/\/expresso.estadao.com.br\/sao-paulo\/","name":"Estad\u00e3o Expresso S\u00e3o Paulo","description":"Conte\u00fado de presta\u00e7\u00e3o de servi\u00e7o para que os moradores da cidade de S\u00e3o Paulo possam se informar melhor e usar de maneira mais eficaz os servi\u00e7os p\u00fablicos municipais.","potentialAction":[{"@type":"SearchAction","target":{"@type":"EntryPoint","urlTemplate":"https:\/\/expresso.estadao.com.br\/sao-paulo\/?s={search_term_string}"},"query-input":{"@type":"PropertyValueSpecification","valueRequired":true,"valueName":"search_term_string"}}],"inLanguage":"pt-BR"},{"@type":"Person","@id":"https:\/\/expresso.estadao.com.br\/sao-paulo\/#\/schema\/person\/f45f9e313ba8cbe5af9424f387ddef42","name":"fabio_bairros","image":{"@type":"ImageObject","inLanguage":"pt-BR","@id":"https:\/\/expresso.estadao.com.br\/sao-paulo\/#\/schema\/person\/image\/","url":"https:\/\/secure.gravatar.com\/avatar\/fbecca90befcfda9505216ce0dc87261326cb6644deb5861e7ab404061c24246?s=96&d=mm&r=g","contentUrl":"https:\/\/secure.gravatar.com\/avatar\/fbecca90befcfda9505216ce0dc87261326cb6644deb5861e7ab404061c24246?s=96&d=mm&r=g","caption":"fabio_bairros"}}]}},"_links":{"self":[{"href":"https:\/\/expresso.estadao.com.br\/sao-paulo\/wp-json\/wp\/v2\/posts\/6236","targetHints":{"allow":["GET"]}}],"collection":[{"href":"https:\/\/expresso.estadao.com.br\/sao-paulo\/wp-json\/wp\/v2\/posts"}],"about":[{"href":"https:\/\/expresso.estadao.com.br\/sao-paulo\/wp-json\/wp\/v2\/types\/post"}],"author":[{"embeddable":true,"href":"https:\/\/expresso.estadao.com.br\/sao-paulo\/wp-json\/wp\/v2\/users\/4"}],"replies":[{"embeddable":true,"href":"https:\/\/expresso.estadao.com.br\/sao-paulo\/wp-json\/wp\/v2\/comments?post=6236"}],"version-history":[{"count":5,"href":"https:\/\/expresso.estadao.com.br\/sao-paulo\/wp-json\/wp\/v2\/posts\/6236\/revisions"}],"predecessor-version":[{"id":6267,"href":"https:\/\/expresso.estadao.com.br\/sao-paulo\/wp-json\/wp\/v2\/posts\/6236\/revisions\/6267"}],"wp:featuredmedia":[{"embeddable":true,"href":"https:\/\/expresso.estadao.com.br\/sao-paulo\/wp-json\/wp\/v2\/media\/6243"}],"wp:attachment":[{"href":"https:\/\/expresso.estadao.com.br\/sao-paulo\/wp-json\/wp\/v2\/media?parent=6236"}],"wp:term":[{"taxonomy":"category","embeddable":true,"href":"https:\/\/expresso.estadao.com.br\/sao-paulo\/wp-json\/wp\/v2\/categories?post=6236"},{"taxonomy":"post_tag","embeddable":true,"href":"https:\/\/expresso.estadao.com.br\/sao-paulo\/wp-json\/wp\/v2\/tags?post=6236"}],"curies":[{"name":"wp","href":"https:\/\/api.w.org\/{rel}","templated":true}]}}