{"id":6515,"date":"2023-08-24T14:56:19","date_gmt":"2023-08-24T17:56:19","guid":{"rendered":"https:\/\/expresso.estadao.com.br\/sao-paulo\/?p=6515"},"modified":"2023-08-24T15:27:50","modified_gmt":"2023-08-24T18:27:50","slug":"saiba-como-solicitar-carteira-de-pessoa-com-transtorno-do-espectro-autista","status":"publish","type":"post","link":"https:\/\/expresso.estadao.com.br\/sao-paulo\/2023\/08\/24\/saiba-como-solicitar-carteira-de-pessoa-com-transtorno-do-espectro-autista\/","title":{"rendered":"Saiba como solicitar Carteira de Pessoa com Transtorno do Espectro Autista"},"content":{"rendered":"<p><span style=\"font-weight: 400;\">A Prefeitura de S\u00e3o Paulo emitiu mais de 3.870 Carteiras de Identifica\u00e7\u00e3o da Pessoa com Transtorno do Espectro Autista desde o lan\u00e7amento do servi\u00e7o, em 19 de novembro de 2022, segundo a Secretaria Municipal da Pessoa com Defici\u00eancia (Smped).<\/span><\/p>\n<p><span style=\"font-weight: 400;\">A medida busca facilitar a identifica\u00e7\u00e3o para priorizar o atendimento das pessoas diagnosticadas com o transtorno nos servi\u00e7os p\u00fablicos e privados da Capital, principalmente os de sa\u00fade, educa\u00e7\u00e3o e assist\u00eancia social.\u00a0\u00a0<\/span><\/p>\n<p><span style=\"font-weight: 400;\">A solicita\u00e7\u00e3o deve ser feita pelo<\/span><a href=\"https:\/\/sp156.prefeitura.sp.gov.br\/portal\/servicos\/informacao?servico=4176\"><span style=\"font-weight: 400;\">\u00a0portal SP156<\/span><\/a><span style=\"font-weight: 400;\"> ou <\/span><a href=\"https:\/\/sp156.prefeitura.sp.gov.br\/portal\/descomplica\"><span style=\"font-weight: 400;\">nas unidades do Descomplica<\/span><\/a>-SP<span style=\"font-weight: 400;\">. Os requisitos para acessar o servi\u00e7o s\u00e3o: morar na cidade de S\u00e3o Paulo e ter diagn\u00f3stico de transtorno do espectro autista (TEA) comprovado por laudo m\u00e9dico.\u00a0\u00a0<\/span><\/p>\n<p><span style=\"font-weight: 400;\">Para solicitar no portal, a pessoa deve, al\u00e9m de preencher formul\u00e1rio, enviar os seguintes documentos:\u00a0<\/span><\/p>\n<p><span style=\"font-weight: 400;\">&#8211; RG\/RNE e CPF da pessoa com TEA;\u00a0<\/span><\/p>\n<p><span style=\"font-weight: 400;\">&#8211; RG\/RNE e CPF do respons\u00e1vel legal pela pessoa com TEA;\u00a0<\/span><\/p>\n<p><span style=\"font-weight: 400;\">&#8211; Foto 3&#215;4 em formato de documento;\u00a0<\/span><\/p>\n<p><span style=\"font-weight: 400;\">&#8211; Comprovante de endere\u00e7o recente (com prazo de at\u00e9 90 dias ap\u00f3s emiss\u00e3o);\u00a0<\/span><\/p>\n<p><span style=\"font-weight: 400;\">&#8211; Laudo m\u00e9dico que ateste o diagn\u00f3stico de TEA com o n\u00famero do CID, data, assinatura e n\u00famero do registro profissional (CRM) do m\u00e9dico respons\u00e1vel.<\/span><\/p>\n<p><span style=\"font-weight: 400;\">Nas unidades do Descomplica-SP, o procedimento \u00e9 o mesmo adotado no SP156, com a diferen\u00e7a de contar com um atendente para ajudar a anexar os documentos e a inserir as informa\u00e7\u00f5es no formul\u00e1rio. O prazo entre a an\u00e1lise e a emiss\u00e3o dos documentos \u00e9 de 45 dias.\u00a0\u00a0<\/span><\/p>\n<p><span style=\"font-weight: 400;\">Com validade de cinco anos, a carteira \u00e9 expedida em formato digital pela Secretaria Municipal da Pessoa com Defici\u00eancia. Cada carteira recebe um n\u00famero para possibilitar o recenseamento de pessoas com transtorno do espectro autista na cidade.<\/span><\/p>\n<p><b>Transtorno do Espectro Autista\u00a0<\/b><\/p>\n<p><span style=\"font-weight: 400;\">O transtorno do espectro autista \u00e9, na defini\u00e7\u00e3o do Minist\u00e9rio da Sa\u00fade, um dist\u00farbio do neurodesenvolvimento caracterizado por preju\u00edzo na comunica\u00e7\u00e3o e na intera\u00e7\u00e3o social, padr\u00f5es de comportamentos repetitivos (estereotipias) e, muitas vezes, repert\u00f3rio restrito de interesses e atividades \u2014 chamados de hiperfocos.<\/span><\/p>\n<p><span style=\"font-weight: 400;\">Por se tratar de um espectro, o autismo se manifesta de forma diferente de pessoa para pessoa, com comprometimento variado nas \u00e1reas da comunica\u00e7\u00e3o, socializa\u00e7\u00e3o e comportamento. A condi\u00e7\u00e3o \u00e9 classificada em n\u00edvel 1, 2 ou 3 de suporte, que considera o n\u00edvel de necessidade de suporte, apoio e adapta\u00e7\u00f5es para a vida cotidiana de cada uma.<\/span><\/p>\n<p><span style=\"font-weight: 400;\">O diagn\u00f3stico do TEA deve ser realizado por uma equipe interdisciplinar composta por m\u00e9dicos, terapeutas ocupacionais, fonoaudi\u00f3logos, psic\u00f3logos e considerar os diversos n\u00edveis de suporte.<\/span><\/p>\n<p><span style=\"font-weight: 400;\"> Em<\/span><a href=\"https:\/\/expresso.estadao.com.br\/sao-paulo\/2023\/04\/17\/conheca-os-servicos-que-atendem-pessoas-com-autismo\/\"><span style=\"font-weight: 400;\"> S\u00e3o Paulo<\/span><\/a><span style=\"font-weight: 400;\">, a porta de entrada para esse diagn\u00f3stico \u00e9 a Unidade B\u00e1sica de Sa\u00fade (UBS), que por meio da avalia\u00e7\u00e3o m\u00e9dica e da equipe multidisciplinar aciona os servi\u00e7os especializados de refer\u00eancia, como os Centros de Aten\u00e7\u00e3o Psicossocial (Caps) e os Centros Especializados em Reabilita\u00e7\u00e3o (CERs), para o apoio diagn\u00f3stico e acompanhamento compartilhado.<\/span><\/p>\n<p><span style=\"font-weight: 400;\">Segundo a Secretaria Municipal da Sa\u00fade (SMS), nesses servi\u00e7os especializados s\u00e3o elaborados os Planos Terap\u00eauticos Singulares (PTS), que preveem condutas terap\u00eauticas espec\u00edficas para cada paciente, de acordo com as necessidades de cada caso.<\/span><\/p>\n<p>&nbsp;<\/p>\n","protected":false},"excerpt":{"rendered":"<p>A Prefeitura de S\u00e3o Paulo emitiu mais de 3.870 Carteiras de Identifica\u00e7\u00e3o da Pessoa com Transtorno do Espectro Autista desde o lan\u00e7amento do servi\u00e7o, em 19 de novembro de 2022, segundo a Secretaria Municipal da Pessoa com Defici\u00eancia (Smped). A medida busca facilitar a identifica\u00e7\u00e3o para priorizar o atendimento das pessoas diagnosticadas com o transtorno [&hellip;]<\/p>\n","protected":false},"author":4,"featured_media":6528,"comment_status":"open","ping_status":"closed","sticky":false,"template":"","format":"standard","meta":{"_acf_changed":false,"_monsterinsights_skip_tracking":false,"_monsterinsights_sitenote_active":false,"_monsterinsights_sitenote_note":"","_monsterinsights_sitenote_category":0,"footnotes":""},"categories":[757],"tags":[462,52,170],"class_list":["post-6515","post","type-post","status-publish","format-standard","has-post-thumbnail","hentry","category-pessoa-com-deficiencia","tag-autismo","tag-prefeitura-de-sao-paulo","tag-saude"],"acf":[],"yoast_head":"<!-- This site is optimized with the Yoast SEO plugin v24.1 - https:\/\/yoast.com\/wordpress\/plugins\/seo\/ -->\n<title>Transtorno do Espectro Autista - Estad\u00e3o Expresso S\u00e3o Paulo<\/title>\n<meta name=\"description\" content=\"Servi\u00e7o est\u00e1 dispon\u00edvel no portal SP156; mais de 3,8 mil carteiras para identificar o TEA j\u00e1 foram emitidas pela Prefeitura\u00a0de S\u00e3o Paulo\" \/>\n<meta name=\"robots\" content=\"index, follow, max-snippet:-1, max-image-preview:large, max-video-preview:-1\" \/>\n<link rel=\"canonical\" href=\"https:\/\/expresso.estadao.com.br\/sao-paulo\/2023\/08\/24\/saiba-como-solicitar-carteira-de-pessoa-com-transtorno-do-espectro-autista\/\" \/>\n<meta property=\"og:locale\" content=\"pt_BR\" \/>\n<meta property=\"og:type\" content=\"article\" \/>\n<meta property=\"og:title\" content=\"Transtorno do Espectro Autista - Estad\u00e3o Expresso S\u00e3o Paulo\" \/>\n<meta property=\"og:description\" content=\"Servi\u00e7o est\u00e1 dispon\u00edvel no portal SP156; mais de 3,8 mil carteiras para identificar o TEA j\u00e1 foram emitidas pela Prefeitura\u00a0de S\u00e3o Paulo\" \/>\n<meta property=\"og:url\" content=\"https:\/\/expresso.estadao.com.br\/sao-paulo\/2023\/08\/24\/saiba-como-solicitar-carteira-de-pessoa-com-transtorno-do-espectro-autista\/\" \/>\n<meta property=\"og:site_name\" content=\"Estad\u00e3o Expresso S\u00e3o Paulo\" \/>\n<meta property=\"article:published_time\" content=\"2023-08-24T17:56:19+00:00\" \/>\n<meta property=\"article:modified_time\" content=\"2023-08-24T18:27:50+00:00\" \/>\n<meta property=\"og:image\" content=\"https:\/\/expresso.estadao.com.br\/sao-paulo\/wp-content\/uploads\/2023\/08\/Inclui-Sampa-Zona-Leste-167-1-1.jpg\" \/>\n\t<meta property=\"og:image:type\" content=\"image\/jpeg\" \/>\n<meta name=\"author\" content=\"fabio_bairros\" \/>\n<meta name=\"twitter:card\" content=\"summary_large_image\" \/>\n<meta name=\"twitter:label1\" content=\"Escrito por\" \/>\n\t<meta name=\"twitter:data1\" content=\"fabio_bairros\" \/>\n\t<meta name=\"twitter:label2\" content=\"Est. tempo de leitura\" \/>\n\t<meta name=\"twitter:data2\" content=\"3 minutos\" \/>\n<script type=\"application\/ld+json\" class=\"yoast-schema-graph\">{\"@context\":\"https:\/\/schema.org\",\"@graph\":[{\"@type\":\"WebPage\",\"@id\":\"https:\/\/expresso.estadao.com.br\/sao-paulo\/2023\/08\/24\/saiba-como-solicitar-carteira-de-pessoa-com-transtorno-do-espectro-autista\/\",\"url\":\"https:\/\/expresso.estadao.com.br\/sao-paulo\/2023\/08\/24\/saiba-como-solicitar-carteira-de-pessoa-com-transtorno-do-espectro-autista\/\",\"name\":\"Transtorno do Espectro Autista - Estad\u00e3o Expresso S\u00e3o Paulo\",\"isPartOf\":{\"@id\":\"https:\/\/expresso.estadao.com.br\/sao-paulo\/#website\"},\"primaryImageOfPage\":{\"@id\":\"https:\/\/expresso.estadao.com.br\/sao-paulo\/2023\/08\/24\/saiba-como-solicitar-carteira-de-pessoa-com-transtorno-do-espectro-autista\/#primaryimage\"},\"image\":{\"@id\":\"https:\/\/expresso.estadao.com.br\/sao-paulo\/2023\/08\/24\/saiba-como-solicitar-carteira-de-pessoa-com-transtorno-do-espectro-autista\/#primaryimage\"},\"thumbnailUrl\":\"https:\/\/expresso.estadao.com.br\/sao-paulo\/wp-content\/uploads\/2023\/08\/Inclui-Sampa-Zona-Leste-167-1-1.jpg\",\"datePublished\":\"2023-08-24T17:56:19+00:00\",\"dateModified\":\"2023-08-24T18:27:50+00:00\",\"author\":{\"@id\":\"https:\/\/expresso.estadao.com.br\/sao-paulo\/#\/schema\/person\/f45f9e313ba8cbe5af9424f387ddef42\"},\"description\":\"Servi\u00e7o est\u00e1 dispon\u00edvel no portal SP156; mais de 3,8 mil carteiras para identificar o TEA j\u00e1 foram emitidas pela Prefeitura\u00a0de S\u00e3o Paulo\",\"breadcrumb\":{\"@id\":\"https:\/\/expresso.estadao.com.br\/sao-paulo\/2023\/08\/24\/saiba-como-solicitar-carteira-de-pessoa-com-transtorno-do-espectro-autista\/#breadcrumb\"},\"inLanguage\":\"pt-BR\",\"potentialAction\":[{\"@type\":\"ReadAction\",\"target\":[\"https:\/\/expresso.estadao.com.br\/sao-paulo\/2023\/08\/24\/saiba-como-solicitar-carteira-de-pessoa-com-transtorno-do-espectro-autista\/\"]}]},{\"@type\":\"ImageObject\",\"inLanguage\":\"pt-BR\",\"@id\":\"https:\/\/expresso.estadao.com.br\/sao-paulo\/2023\/08\/24\/saiba-como-solicitar-carteira-de-pessoa-com-transtorno-do-espectro-autista\/#primaryimage\",\"url\":\"https:\/\/expresso.estadao.com.br\/sao-paulo\/wp-content\/uploads\/2023\/08\/Inclui-Sampa-Zona-Leste-167-1-1.jpg\",\"contentUrl\":\"https:\/\/expresso.estadao.com.br\/sao-paulo\/wp-content\/uploads\/2023\/08\/Inclui-Sampa-Zona-Leste-167-1-1.jpg\",\"width\":2048,\"height\":1510,\"caption\":\"Lan\u00e7amento da carteira no Inclui Sampa nos Bairros, no CEU Aricanduva - Cr\u00e9dito: Divulga\u00e7\u00e3o\/ Prefeitura SP\"},{\"@type\":\"BreadcrumbList\",\"@id\":\"https:\/\/expresso.estadao.com.br\/sao-paulo\/2023\/08\/24\/saiba-como-solicitar-carteira-de-pessoa-com-transtorno-do-espectro-autista\/#breadcrumb\",\"itemListElement\":[{\"@type\":\"ListItem\",\"position\":1,\"name\":\"In\u00edcio\",\"item\":\"https:\/\/expresso.estadao.com.br\/sao-paulo\/\"},{\"@type\":\"ListItem\",\"position\":2,\"name\":\"Saiba como solicitar Carteira de Pessoa com Transtorno do Espectro Autista\"}]},{\"@type\":\"WebSite\",\"@id\":\"https:\/\/expresso.estadao.com.br\/sao-paulo\/#website\",\"url\":\"https:\/\/expresso.estadao.com.br\/sao-paulo\/\",\"name\":\"Estad\u00e3o Expresso S\u00e3o Paulo\",\"description\":\"Conte\u00fado de presta\u00e7\u00e3o de servi\u00e7o para que os moradores da cidade de S\u00e3o Paulo possam se informar melhor e usar de maneira mais eficaz os servi\u00e7os p\u00fablicos municipais.\",\"potentialAction\":[{\"@type\":\"SearchAction\",\"target\":{\"@type\":\"EntryPoint\",\"urlTemplate\":\"https:\/\/expresso.estadao.com.br\/sao-paulo\/?s={search_term_string}\"},\"query-input\":{\"@type\":\"PropertyValueSpecification\",\"valueRequired\":true,\"valueName\":\"search_term_string\"}}],\"inLanguage\":\"pt-BR\"},{\"@type\":\"Person\",\"@id\":\"https:\/\/expresso.estadao.com.br\/sao-paulo\/#\/schema\/person\/f45f9e313ba8cbe5af9424f387ddef42\",\"name\":\"fabio_bairros\",\"image\":{\"@type\":\"ImageObject\",\"inLanguage\":\"pt-BR\",\"@id\":\"https:\/\/expresso.estadao.com.br\/sao-paulo\/#\/schema\/person\/image\/\",\"url\":\"https:\/\/secure.gravatar.com\/avatar\/fbecca90befcfda9505216ce0dc87261326cb6644deb5861e7ab404061c24246?s=96&d=mm&r=g\",\"contentUrl\":\"https:\/\/secure.gravatar.com\/avatar\/fbecca90befcfda9505216ce0dc87261326cb6644deb5861e7ab404061c24246?s=96&d=mm&r=g\",\"caption\":\"fabio_bairros\"}}]}<\/script>\n<!-- \/ Yoast SEO plugin. -->","yoast_head_json":{"title":"Transtorno do Espectro Autista - Estad\u00e3o Expresso S\u00e3o Paulo","description":"Servi\u00e7o est\u00e1 dispon\u00edvel no portal SP156; mais de 3,8 mil carteiras para identificar o TEA j\u00e1 foram emitidas pela Prefeitura\u00a0de S\u00e3o Paulo","robots":{"index":"index","follow":"follow","max-snippet":"max-snippet:-1","max-image-preview":"max-image-preview:large","max-video-preview":"max-video-preview:-1"},"canonical":"https:\/\/expresso.estadao.com.br\/sao-paulo\/2023\/08\/24\/saiba-como-solicitar-carteira-de-pessoa-com-transtorno-do-espectro-autista\/","og_locale":"pt_BR","og_type":"article","og_title":"Transtorno do Espectro Autista - Estad\u00e3o Expresso S\u00e3o Paulo","og_description":"Servi\u00e7o est\u00e1 dispon\u00edvel no portal SP156; mais de 3,8 mil carteiras para identificar o TEA j\u00e1 foram emitidas pela Prefeitura\u00a0de S\u00e3o Paulo","og_url":"https:\/\/expresso.estadao.com.br\/sao-paulo\/2023\/08\/24\/saiba-como-solicitar-carteira-de-pessoa-com-transtorno-do-espectro-autista\/","og_site_name":"Estad\u00e3o Expresso S\u00e3o Paulo","article_published_time":"2023-08-24T17:56:19+00:00","article_modified_time":"2023-08-24T18:27:50+00:00","og_image":[{"width":"","height":"","url":"https:\/\/expresso.estadao.com.br\/sao-paulo\/wp-content\/uploads\/2023\/08\/Inclui-Sampa-Zona-Leste-167-1-1.jpg","type":"image\/jpeg"}],"author":"fabio_bairros","twitter_card":"summary_large_image","twitter_misc":{"Escrito por":"fabio_bairros","Est. tempo de leitura":"3 minutos"},"schema":{"@context":"https:\/\/schema.org","@graph":[{"@type":"WebPage","@id":"https:\/\/expresso.estadao.com.br\/sao-paulo\/2023\/08\/24\/saiba-como-solicitar-carteira-de-pessoa-com-transtorno-do-espectro-autista\/","url":"https:\/\/expresso.estadao.com.br\/sao-paulo\/2023\/08\/24\/saiba-como-solicitar-carteira-de-pessoa-com-transtorno-do-espectro-autista\/","name":"Transtorno do Espectro Autista - Estad\u00e3o Expresso S\u00e3o Paulo","isPartOf":{"@id":"https:\/\/expresso.estadao.com.br\/sao-paulo\/#website"},"primaryImageOfPage":{"@id":"https:\/\/expresso.estadao.com.br\/sao-paulo\/2023\/08\/24\/saiba-como-solicitar-carteira-de-pessoa-com-transtorno-do-espectro-autista\/#primaryimage"},"image":{"@id":"https:\/\/expresso.estadao.com.br\/sao-paulo\/2023\/08\/24\/saiba-como-solicitar-carteira-de-pessoa-com-transtorno-do-espectro-autista\/#primaryimage"},"thumbnailUrl":"https:\/\/expresso.estadao.com.br\/sao-paulo\/wp-content\/uploads\/2023\/08\/Inclui-Sampa-Zona-Leste-167-1-1.jpg","datePublished":"2023-08-24T17:56:19+00:00","dateModified":"2023-08-24T18:27:50+00:00","author":{"@id":"https:\/\/expresso.estadao.com.br\/sao-paulo\/#\/schema\/person\/f45f9e313ba8cbe5af9424f387ddef42"},"description":"Servi\u00e7o est\u00e1 dispon\u00edvel no portal SP156; mais de 3,8 mil carteiras para identificar o TEA j\u00e1 foram emitidas pela Prefeitura\u00a0de S\u00e3o Paulo","breadcrumb":{"@id":"https:\/\/expresso.estadao.com.br\/sao-paulo\/2023\/08\/24\/saiba-como-solicitar-carteira-de-pessoa-com-transtorno-do-espectro-autista\/#breadcrumb"},"inLanguage":"pt-BR","potentialAction":[{"@type":"ReadAction","target":["https:\/\/expresso.estadao.com.br\/sao-paulo\/2023\/08\/24\/saiba-como-solicitar-carteira-de-pessoa-com-transtorno-do-espectro-autista\/"]}]},{"@type":"ImageObject","inLanguage":"pt-BR","@id":"https:\/\/expresso.estadao.com.br\/sao-paulo\/2023\/08\/24\/saiba-como-solicitar-carteira-de-pessoa-com-transtorno-do-espectro-autista\/#primaryimage","url":"https:\/\/expresso.estadao.com.br\/sao-paulo\/wp-content\/uploads\/2023\/08\/Inclui-Sampa-Zona-Leste-167-1-1.jpg","contentUrl":"https:\/\/expresso.estadao.com.br\/sao-paulo\/wp-content\/uploads\/2023\/08\/Inclui-Sampa-Zona-Leste-167-1-1.jpg","width":2048,"height":1510,"caption":"Lan\u00e7amento da carteira no Inclui Sampa nos Bairros, no CEU Aricanduva - Cr\u00e9dito: Divulga\u00e7\u00e3o\/ Prefeitura SP"},{"@type":"BreadcrumbList","@id":"https:\/\/expresso.estadao.com.br\/sao-paulo\/2023\/08\/24\/saiba-como-solicitar-carteira-de-pessoa-com-transtorno-do-espectro-autista\/#breadcrumb","itemListElement":[{"@type":"ListItem","position":1,"name":"In\u00edcio","item":"https:\/\/expresso.estadao.com.br\/sao-paulo\/"},{"@type":"ListItem","position":2,"name":"Saiba como solicitar Carteira de Pessoa com Transtorno do Espectro Autista"}]},{"@type":"WebSite","@id":"https:\/\/expresso.estadao.com.br\/sao-paulo\/#website","url":"https:\/\/expresso.estadao.com.br\/sao-paulo\/","name":"Estad\u00e3o Expresso S\u00e3o Paulo","description":"Conte\u00fado de presta\u00e7\u00e3o de servi\u00e7o para que os moradores da cidade de S\u00e3o Paulo possam se informar melhor e usar de maneira mais eficaz os servi\u00e7os p\u00fablicos municipais.","potentialAction":[{"@type":"SearchAction","target":{"@type":"EntryPoint","urlTemplate":"https:\/\/expresso.estadao.com.br\/sao-paulo\/?s={search_term_string}"},"query-input":{"@type":"PropertyValueSpecification","valueRequired":true,"valueName":"search_term_string"}}],"inLanguage":"pt-BR"},{"@type":"Person","@id":"https:\/\/expresso.estadao.com.br\/sao-paulo\/#\/schema\/person\/f45f9e313ba8cbe5af9424f387ddef42","name":"fabio_bairros","image":{"@type":"ImageObject","inLanguage":"pt-BR","@id":"https:\/\/expresso.estadao.com.br\/sao-paulo\/#\/schema\/person\/image\/","url":"https:\/\/secure.gravatar.com\/avatar\/fbecca90befcfda9505216ce0dc87261326cb6644deb5861e7ab404061c24246?s=96&d=mm&r=g","contentUrl":"https:\/\/secure.gravatar.com\/avatar\/fbecca90befcfda9505216ce0dc87261326cb6644deb5861e7ab404061c24246?s=96&d=mm&r=g","caption":"fabio_bairros"}}]}},"_links":{"self":[{"href":"https:\/\/expresso.estadao.com.br\/sao-paulo\/wp-json\/wp\/v2\/posts\/6515","targetHints":{"allow":["GET"]}}],"collection":[{"href":"https:\/\/expresso.estadao.com.br\/sao-paulo\/wp-json\/wp\/v2\/posts"}],"about":[{"href":"https:\/\/expresso.estadao.com.br\/sao-paulo\/wp-json\/wp\/v2\/types\/post"}],"author":[{"embeddable":true,"href":"https:\/\/expresso.estadao.com.br\/sao-paulo\/wp-json\/wp\/v2\/users\/4"}],"replies":[{"embeddable":true,"href":"https:\/\/expresso.estadao.com.br\/sao-paulo\/wp-json\/wp\/v2\/comments?post=6515"}],"version-history":[{"count":3,"href":"https:\/\/expresso.estadao.com.br\/sao-paulo\/wp-json\/wp\/v2\/posts\/6515\/revisions"}],"predecessor-version":[{"id":6529,"href":"https:\/\/expresso.estadao.com.br\/sao-paulo\/wp-json\/wp\/v2\/posts\/6515\/revisions\/6529"}],"wp:featuredmedia":[{"embeddable":true,"href":"https:\/\/expresso.estadao.com.br\/sao-paulo\/wp-json\/wp\/v2\/media\/6528"}],"wp:attachment":[{"href":"https:\/\/expresso.estadao.com.br\/sao-paulo\/wp-json\/wp\/v2\/media?parent=6515"}],"wp:term":[{"taxonomy":"category","embeddable":true,"href":"https:\/\/expresso.estadao.com.br\/sao-paulo\/wp-json\/wp\/v2\/categories?post=6515"},{"taxonomy":"post_tag","embeddable":true,"href":"https:\/\/expresso.estadao.com.br\/sao-paulo\/wp-json\/wp\/v2\/tags?post=6515"}],"curies":[{"name":"wp","href":"https:\/\/api.w.org\/{rel}","templated":true}]}}