{"id":6584,"date":"2023-08-31T08:47:53","date_gmt":"2023-08-31T11:47:53","guid":{"rendered":"https:\/\/expresso.estadao.com.br\/sao-paulo\/?p=6584"},"modified":"2023-09-29T09:31:14","modified_gmt":"2023-09-29T12:31:14","slug":"the-town-estreia-em-area-reformada-do-autodromo-de-interlagos","status":"publish","type":"post","link":"https:\/\/expresso.estadao.com.br\/sao-paulo\/2023\/08\/31\/the-town-estreia-em-area-reformada-do-autodromo-de-interlagos\/","title":{"rendered":"The Town estreia em \u00e1rea reformada do Aut\u00f3dromo de Interlagos"},"content":{"rendered":"<p><span style=\"font-weight: 400;\">N\u00e3o \u00e9 de hoje que o Aut\u00f3dromo Jos\u00e9 Carlos Pace, mais conhecido como Aut\u00f3dromo de Interlagos, vem sendo palco de mais eventos do que apenas as famosas corridas de F\u00f3rmula 1.<\/span><\/p>\n<p><span style=\"font-weight: 400;\"> Desde 2014, o local \u00e9 a sede do festival Lollapalooza. Entre os dias 2 e 10 de setembro, receber\u00e1 o The Town, evento criado pelos mesmos organizadores do Rock in Rio. Al\u00e9m disso, ser\u00e1 palco da segunda edi\u00e7\u00e3o do Primavera Sound, em dezembro.<\/span><\/p>\n<p><span style=\"font-weight: 400;\"> De olho na voca\u00e7\u00e3o do espa\u00e7o em sediar grandes eventos musicais, a Prefeitura de S\u00e3o Paulo est\u00e1 realizando uma<a href=\"https:\/\/expresso.estadao.com.br\/sao-paulo\/2023\/02\/28\/obras-vao-melhorar-estrutura-de-interlagos-para-eventos\/\"> s\u00e9rie de reformas<\/a>.\u00a0<\/span><\/p>\n<p><span style=\"font-weight: 400;\">Para acolher o The Town, algumas obras j\u00e1 foram conclu\u00eddas. Na \u00e1rea destinada ao estacionamento, as reformas do circuito central foram finalizadas em junho. Com um investimento de R$ 22,3 milh\u00f5es, servi\u00e7os de terraplenagem, adequa\u00e7\u00e3o e expans\u00e3o do espa\u00e7o est\u00e3o conclu\u00eddas.<\/span><\/p>\n<p><span style=\"font-weight: 400;\"> Tamb\u00e9m foi feita a instala\u00e7\u00e3o de novas redes coletoras de esgoto no Aut\u00f3dromo, interligadas ao sistema de esgotamento da Sabesp. O investimento nessas interven\u00e7\u00f5es foi de R$ 9,1 milh\u00f5es. A nova rede de esgoto reduzir\u00e1 a necessidade de instala\u00e7\u00e3o de sanit\u00e1rios qu\u00edmicos em grandes eventos.<\/span><\/p>\n<p><span style=\"font-weight: 400;\">A imagem de pessoas usando galochas para ir ao Lollapalooza, vistas em edi\u00e7\u00f5es anteriores, pode ficar no passado. Foi implantada uma nova rede de drenagem para evitar o ac\u00famulo de \u00e1gua nas \u00e1reas de circula\u00e7\u00e3o do p\u00fablico, al\u00e9m da constru\u00e7\u00e3o de novas valas t\u00e9cnicas (galerias subterr\u00e2neas por onde passam cabos de energia e dados). Essas interven\u00e7\u00f5es receberam um investimento de R$ 68,4 milh\u00f5es e foram conclu\u00eddas em agosto.<\/span><\/p>\n<p><span style=\"font-weight: 400;\">Entre as atra\u00e7\u00f5es do The Town est\u00e3o Bruno Mars, Maroon 5, Lu\u00edsa Sonza, Ludmilla, Ney Matogrosso e Maria Rita, espera receber um p\u00fablico de meio milh\u00e3o de pessoas. Os shows ocorrem em seis palcos diferentes, que homenageiam marcos arquitet\u00f4nicos da cidade, como a Catedral da S\u00e9, o Copan e a Esta\u00e7\u00e3o da Luz.<\/span><\/p>\n<p><strong>Transporte<\/strong><\/p>\n<p><span style=\"font-weight: 400;\">Durante os dias do evento, o Metr\u00f4 e a CPTM ter\u00e3o opera\u00e7\u00f5es especiais. A esta\u00e7\u00e3o mais pr\u00f3xima do local dos shows \u00e9 a Esta\u00e7\u00e3o Aut\u00f3dromo, na Linha 9-Esmeralda, operada pela Via Mobilidade, situada a 600 metros do port\u00e3o de acesso ao setor G.<\/span><\/p>\n<p><span style=\"font-weight: 400;\">Ap\u00f3s os shows, todas as 57 esta\u00e7\u00f5es da CPTM estar\u00e3o abertas apenas para desembarque de passageiros entre meia-noite e 4h da manh\u00e3, quando se inicia a opera\u00e7\u00e3o comercial da companhia. O intervalo entre os trens ser\u00e1 ajustado para atender \u00e0 demanda de passageiros, tanto na ida quanto no retorno do festival.<\/span><\/p>\n<p><span style=\"font-weight: 400;\">A opera\u00e7\u00e3o do Metr\u00f4 durante os dias do The Town tamb\u00e9m ser\u00e1 refor\u00e7ada, com monitoramento realizado pelo CCO (Centro de Controle Operacional). As esta\u00e7\u00f5es fechar\u00e3o para embarque \u00e0 meia-noite, por\u00e9m o Metr\u00f4 informa, em nota, que garantir\u00e1 o transporte e o desembarque de todos os passageiros que entrarem na esta\u00e7\u00e3o Aut\u00f3dromo durante as 24 horas do dia.<\/span><\/p>\n<p>&nbsp;<\/p>\n","protected":false},"excerpt":{"rendered":"<p>N\u00e3o \u00e9 de hoje que o Aut\u00f3dromo Jos\u00e9 Carlos Pace, mais conhecido como Aut\u00f3dromo de Interlagos, vem sendo palco de mais eventos do que apenas as famosas corridas de F\u00f3rmula 1. Desde 2014, o local \u00e9 a sede do festival Lollapalooza. Entre os dias 2 e 10 de setembro, receber\u00e1 o The Town, evento criado [&hellip;]<\/p>\n","protected":false},"author":4,"featured_media":6588,"comment_status":"open","ping_status":"closed","sticky":false,"template":"","format":"standard","meta":{"_acf_changed":false,"_monsterinsights_skip_tracking":false,"_monsterinsights_sitenote_active":false,"_monsterinsights_sitenote_note":"","_monsterinsights_sitenote_category":0,"footnotes":""},"categories":[741,752],"tags":[416,52,841],"class_list":["post-6584","post","type-post","status-publish","format-standard","has-post-thumbnail","hentry","category-cultura","category-infraestrutura-e-obras","tag-autodromo-de-interlagos","tag-prefeitura-de-sao-paulo","tag-the-town"],"acf":[],"yoast_head":"<!-- This site is optimized with the Yoast SEO plugin v24.1 - https:\/\/yoast.com\/wordpress\/plugins\/seo\/ -->\n<title>Servi\u00e7o sobre o The Town - Estad\u00e3o Expresso S\u00e3o Paulo<\/title>\n<meta name=\"description\" content=\"Festival come\u00e7a neste s\u00e1bado com expectativa de receber 500 mil pessoas; saiba como chegar\" \/>\n<meta name=\"robots\" content=\"index, follow, max-snippet:-1, max-image-preview:large, max-video-preview:-1\" \/>\n<link rel=\"canonical\" href=\"https:\/\/expresso.estadao.com.br\/sao-paulo\/2023\/08\/31\/the-town-estreia-em-area-reformada-do-autodromo-de-interlagos\/\" \/>\n<meta property=\"og:locale\" content=\"pt_BR\" \/>\n<meta property=\"og:type\" content=\"article\" \/>\n<meta property=\"og:title\" content=\"Servi\u00e7o sobre o The Town - Estad\u00e3o Expresso S\u00e3o Paulo\" \/>\n<meta property=\"og:description\" content=\"Festival come\u00e7a neste s\u00e1bado com expectativa de receber 500 mil pessoas; saiba como chegar\" \/>\n<meta property=\"og:url\" content=\"https:\/\/expresso.estadao.com.br\/sao-paulo\/2023\/08\/31\/the-town-estreia-em-area-reformada-do-autodromo-de-interlagos\/\" \/>\n<meta property=\"og:site_name\" content=\"Estad\u00e3o Expresso S\u00e3o Paulo\" \/>\n<meta property=\"article:published_time\" content=\"2023-08-31T11:47:53+00:00\" \/>\n<meta property=\"article:modified_time\" content=\"2023-09-29T12:31:14+00:00\" \/>\n<meta property=\"og:image\" content=\"https:\/\/expresso.estadao.com.br\/sao-paulo\/wp-content\/uploads\/2023\/08\/20230810_coletivaimprensathetown_interlagos_050_lr-1.jpg\" \/>\n\t<meta property=\"og:image:type\" content=\"image\/jpeg\" \/>\n<meta name=\"author\" content=\"fabio_bairros\" \/>\n<meta name=\"twitter:card\" content=\"summary_large_image\" \/>\n<meta name=\"twitter:label1\" content=\"Escrito por\" \/>\n\t<meta name=\"twitter:data1\" content=\"fabio_bairros\" \/>\n\t<meta name=\"twitter:label2\" content=\"Est. tempo de leitura\" \/>\n\t<meta name=\"twitter:data2\" content=\"3 minutos\" \/>\n<script type=\"application\/ld+json\" class=\"yoast-schema-graph\">{\"@context\":\"https:\/\/schema.org\",\"@graph\":[{\"@type\":\"WebPage\",\"@id\":\"https:\/\/expresso.estadao.com.br\/sao-paulo\/2023\/08\/31\/the-town-estreia-em-area-reformada-do-autodromo-de-interlagos\/\",\"url\":\"https:\/\/expresso.estadao.com.br\/sao-paulo\/2023\/08\/31\/the-town-estreia-em-area-reformada-do-autodromo-de-interlagos\/\",\"name\":\"Servi\u00e7o sobre o The Town - Estad\u00e3o Expresso S\u00e3o Paulo\",\"isPartOf\":{\"@id\":\"https:\/\/expresso.estadao.com.br\/sao-paulo\/#website\"},\"primaryImageOfPage\":{\"@id\":\"https:\/\/expresso.estadao.com.br\/sao-paulo\/2023\/08\/31\/the-town-estreia-em-area-reformada-do-autodromo-de-interlagos\/#primaryimage\"},\"image\":{\"@id\":\"https:\/\/expresso.estadao.com.br\/sao-paulo\/2023\/08\/31\/the-town-estreia-em-area-reformada-do-autodromo-de-interlagos\/#primaryimage\"},\"thumbnailUrl\":\"https:\/\/expresso.estadao.com.br\/sao-paulo\/wp-content\/uploads\/2023\/08\/20230810_coletivaimprensathetown_interlagos_050_lr-1.jpg\",\"datePublished\":\"2023-08-31T11:47:53+00:00\",\"dateModified\":\"2023-09-29T12:31:14+00:00\",\"author\":{\"@id\":\"https:\/\/expresso.estadao.com.br\/sao-paulo\/#\/schema\/person\/f45f9e313ba8cbe5af9424f387ddef42\"},\"description\":\"Festival come\u00e7a neste s\u00e1bado com expectativa de receber 500 mil pessoas; saiba como chegar\",\"breadcrumb\":{\"@id\":\"https:\/\/expresso.estadao.com.br\/sao-paulo\/2023\/08\/31\/the-town-estreia-em-area-reformada-do-autodromo-de-interlagos\/#breadcrumb\"},\"inLanguage\":\"pt-BR\",\"potentialAction\":[{\"@type\":\"ReadAction\",\"target\":[\"https:\/\/expresso.estadao.com.br\/sao-paulo\/2023\/08\/31\/the-town-estreia-em-area-reformada-do-autodromo-de-interlagos\/\"]}]},{\"@type\":\"ImageObject\",\"inLanguage\":\"pt-BR\",\"@id\":\"https:\/\/expresso.estadao.com.br\/sao-paulo\/2023\/08\/31\/the-town-estreia-em-area-reformada-do-autodromo-de-interlagos\/#primaryimage\",\"url\":\"https:\/\/expresso.estadao.com.br\/sao-paulo\/wp-content\/uploads\/2023\/08\/20230810_coletivaimprensathetown_interlagos_050_lr-1.jpg\",\"contentUrl\":\"https:\/\/expresso.estadao.com.br\/sao-paulo\/wp-content\/uploads\/2023\/08\/20230810_coletivaimprensathetown_interlagos_050_lr-1.jpg\",\"width\":2000,\"height\":1331,\"caption\":\"Ap\u00f3s reformas, Aut\u00f3dromo recebe a primeira edi\u00e7\u00e3o do festival - Cr\u00e9dito: Divulga\u00e7\u00e3o\/Secom\"},{\"@type\":\"BreadcrumbList\",\"@id\":\"https:\/\/expresso.estadao.com.br\/sao-paulo\/2023\/08\/31\/the-town-estreia-em-area-reformada-do-autodromo-de-interlagos\/#breadcrumb\",\"itemListElement\":[{\"@type\":\"ListItem\",\"position\":1,\"name\":\"In\u00edcio\",\"item\":\"https:\/\/expresso.estadao.com.br\/sao-paulo\/\"},{\"@type\":\"ListItem\",\"position\":2,\"name\":\"The Town estreia em \u00e1rea reformada do Aut\u00f3dromo de Interlagos\"}]},{\"@type\":\"WebSite\",\"@id\":\"https:\/\/expresso.estadao.com.br\/sao-paulo\/#website\",\"url\":\"https:\/\/expresso.estadao.com.br\/sao-paulo\/\",\"name\":\"Estad\u00e3o Expresso S\u00e3o Paulo\",\"description\":\"Conte\u00fado de presta\u00e7\u00e3o de servi\u00e7o para que os moradores da cidade de S\u00e3o Paulo possam se informar melhor e usar de maneira mais eficaz os servi\u00e7os p\u00fablicos municipais.\",\"potentialAction\":[{\"@type\":\"SearchAction\",\"target\":{\"@type\":\"EntryPoint\",\"urlTemplate\":\"https:\/\/expresso.estadao.com.br\/sao-paulo\/?s={search_term_string}\"},\"query-input\":{\"@type\":\"PropertyValueSpecification\",\"valueRequired\":true,\"valueName\":\"search_term_string\"}}],\"inLanguage\":\"pt-BR\"},{\"@type\":\"Person\",\"@id\":\"https:\/\/expresso.estadao.com.br\/sao-paulo\/#\/schema\/person\/f45f9e313ba8cbe5af9424f387ddef42\",\"name\":\"fabio_bairros\",\"image\":{\"@type\":\"ImageObject\",\"inLanguage\":\"pt-BR\",\"@id\":\"https:\/\/expresso.estadao.com.br\/sao-paulo\/#\/schema\/person\/image\/\",\"url\":\"https:\/\/secure.gravatar.com\/avatar\/fbecca90befcfda9505216ce0dc87261326cb6644deb5861e7ab404061c24246?s=96&d=mm&r=g\",\"contentUrl\":\"https:\/\/secure.gravatar.com\/avatar\/fbecca90befcfda9505216ce0dc87261326cb6644deb5861e7ab404061c24246?s=96&d=mm&r=g\",\"caption\":\"fabio_bairros\"}}]}<\/script>\n<!-- \/ Yoast SEO plugin. -->","yoast_head_json":{"title":"Servi\u00e7o sobre o The Town - Estad\u00e3o Expresso S\u00e3o Paulo","description":"Festival come\u00e7a neste s\u00e1bado com expectativa de receber 500 mil pessoas; saiba como chegar","robots":{"index":"index","follow":"follow","max-snippet":"max-snippet:-1","max-image-preview":"max-image-preview:large","max-video-preview":"max-video-preview:-1"},"canonical":"https:\/\/expresso.estadao.com.br\/sao-paulo\/2023\/08\/31\/the-town-estreia-em-area-reformada-do-autodromo-de-interlagos\/","og_locale":"pt_BR","og_type":"article","og_title":"Servi\u00e7o sobre o The Town - Estad\u00e3o Expresso S\u00e3o Paulo","og_description":"Festival come\u00e7a neste s\u00e1bado com expectativa de receber 500 mil pessoas; saiba como chegar","og_url":"https:\/\/expresso.estadao.com.br\/sao-paulo\/2023\/08\/31\/the-town-estreia-em-area-reformada-do-autodromo-de-interlagos\/","og_site_name":"Estad\u00e3o Expresso S\u00e3o Paulo","article_published_time":"2023-08-31T11:47:53+00:00","article_modified_time":"2023-09-29T12:31:14+00:00","og_image":[{"width":"","height":"","url":"https:\/\/expresso.estadao.com.br\/sao-paulo\/wp-content\/uploads\/2023\/08\/20230810_coletivaimprensathetown_interlagos_050_lr-1.jpg","type":"image\/jpeg"}],"author":"fabio_bairros","twitter_card":"summary_large_image","twitter_misc":{"Escrito por":"fabio_bairros","Est. tempo de leitura":"3 minutos"},"schema":{"@context":"https:\/\/schema.org","@graph":[{"@type":"WebPage","@id":"https:\/\/expresso.estadao.com.br\/sao-paulo\/2023\/08\/31\/the-town-estreia-em-area-reformada-do-autodromo-de-interlagos\/","url":"https:\/\/expresso.estadao.com.br\/sao-paulo\/2023\/08\/31\/the-town-estreia-em-area-reformada-do-autodromo-de-interlagos\/","name":"Servi\u00e7o sobre o The Town - Estad\u00e3o Expresso S\u00e3o Paulo","isPartOf":{"@id":"https:\/\/expresso.estadao.com.br\/sao-paulo\/#website"},"primaryImageOfPage":{"@id":"https:\/\/expresso.estadao.com.br\/sao-paulo\/2023\/08\/31\/the-town-estreia-em-area-reformada-do-autodromo-de-interlagos\/#primaryimage"},"image":{"@id":"https:\/\/expresso.estadao.com.br\/sao-paulo\/2023\/08\/31\/the-town-estreia-em-area-reformada-do-autodromo-de-interlagos\/#primaryimage"},"thumbnailUrl":"https:\/\/expresso.estadao.com.br\/sao-paulo\/wp-content\/uploads\/2023\/08\/20230810_coletivaimprensathetown_interlagos_050_lr-1.jpg","datePublished":"2023-08-31T11:47:53+00:00","dateModified":"2023-09-29T12:31:14+00:00","author":{"@id":"https:\/\/expresso.estadao.com.br\/sao-paulo\/#\/schema\/person\/f45f9e313ba8cbe5af9424f387ddef42"},"description":"Festival come\u00e7a neste s\u00e1bado com expectativa de receber 500 mil pessoas; saiba como chegar","breadcrumb":{"@id":"https:\/\/expresso.estadao.com.br\/sao-paulo\/2023\/08\/31\/the-town-estreia-em-area-reformada-do-autodromo-de-interlagos\/#breadcrumb"},"inLanguage":"pt-BR","potentialAction":[{"@type":"ReadAction","target":["https:\/\/expresso.estadao.com.br\/sao-paulo\/2023\/08\/31\/the-town-estreia-em-area-reformada-do-autodromo-de-interlagos\/"]}]},{"@type":"ImageObject","inLanguage":"pt-BR","@id":"https:\/\/expresso.estadao.com.br\/sao-paulo\/2023\/08\/31\/the-town-estreia-em-area-reformada-do-autodromo-de-interlagos\/#primaryimage","url":"https:\/\/expresso.estadao.com.br\/sao-paulo\/wp-content\/uploads\/2023\/08\/20230810_coletivaimprensathetown_interlagos_050_lr-1.jpg","contentUrl":"https:\/\/expresso.estadao.com.br\/sao-paulo\/wp-content\/uploads\/2023\/08\/20230810_coletivaimprensathetown_interlagos_050_lr-1.jpg","width":2000,"height":1331,"caption":"Ap\u00f3s reformas, Aut\u00f3dromo recebe a primeira edi\u00e7\u00e3o do festival - Cr\u00e9dito: Divulga\u00e7\u00e3o\/Secom"},{"@type":"BreadcrumbList","@id":"https:\/\/expresso.estadao.com.br\/sao-paulo\/2023\/08\/31\/the-town-estreia-em-area-reformada-do-autodromo-de-interlagos\/#breadcrumb","itemListElement":[{"@type":"ListItem","position":1,"name":"In\u00edcio","item":"https:\/\/expresso.estadao.com.br\/sao-paulo\/"},{"@type":"ListItem","position":2,"name":"The Town estreia em \u00e1rea reformada do Aut\u00f3dromo de Interlagos"}]},{"@type":"WebSite","@id":"https:\/\/expresso.estadao.com.br\/sao-paulo\/#website","url":"https:\/\/expresso.estadao.com.br\/sao-paulo\/","name":"Estad\u00e3o Expresso S\u00e3o Paulo","description":"Conte\u00fado de presta\u00e7\u00e3o de servi\u00e7o para que os moradores da cidade de S\u00e3o Paulo possam se informar melhor e usar de maneira mais eficaz os servi\u00e7os p\u00fablicos municipais.","potentialAction":[{"@type":"SearchAction","target":{"@type":"EntryPoint","urlTemplate":"https:\/\/expresso.estadao.com.br\/sao-paulo\/?s={search_term_string}"},"query-input":{"@type":"PropertyValueSpecification","valueRequired":true,"valueName":"search_term_string"}}],"inLanguage":"pt-BR"},{"@type":"Person","@id":"https:\/\/expresso.estadao.com.br\/sao-paulo\/#\/schema\/person\/f45f9e313ba8cbe5af9424f387ddef42","name":"fabio_bairros","image":{"@type":"ImageObject","inLanguage":"pt-BR","@id":"https:\/\/expresso.estadao.com.br\/sao-paulo\/#\/schema\/person\/image\/","url":"https:\/\/secure.gravatar.com\/avatar\/fbecca90befcfda9505216ce0dc87261326cb6644deb5861e7ab404061c24246?s=96&d=mm&r=g","contentUrl":"https:\/\/secure.gravatar.com\/avatar\/fbecca90befcfda9505216ce0dc87261326cb6644deb5861e7ab404061c24246?s=96&d=mm&r=g","caption":"fabio_bairros"}}]}},"_links":{"self":[{"href":"https:\/\/expresso.estadao.com.br\/sao-paulo\/wp-json\/wp\/v2\/posts\/6584","targetHints":{"allow":["GET"]}}],"collection":[{"href":"https:\/\/expresso.estadao.com.br\/sao-paulo\/wp-json\/wp\/v2\/posts"}],"about":[{"href":"https:\/\/expresso.estadao.com.br\/sao-paulo\/wp-json\/wp\/v2\/types\/post"}],"author":[{"embeddable":true,"href":"https:\/\/expresso.estadao.com.br\/sao-paulo\/wp-json\/wp\/v2\/users\/4"}],"replies":[{"embeddable":true,"href":"https:\/\/expresso.estadao.com.br\/sao-paulo\/wp-json\/wp\/v2\/comments?post=6584"}],"version-history":[{"count":9,"href":"https:\/\/expresso.estadao.com.br\/sao-paulo\/wp-json\/wp\/v2\/posts\/6584\/revisions"}],"predecessor-version":[{"id":6884,"href":"https:\/\/expresso.estadao.com.br\/sao-paulo\/wp-json\/wp\/v2\/posts\/6584\/revisions\/6884"}],"wp:featuredmedia":[{"embeddable":true,"href":"https:\/\/expresso.estadao.com.br\/sao-paulo\/wp-json\/wp\/v2\/media\/6588"}],"wp:attachment":[{"href":"https:\/\/expresso.estadao.com.br\/sao-paulo\/wp-json\/wp\/v2\/media?parent=6584"}],"wp:term":[{"taxonomy":"category","embeddable":true,"href":"https:\/\/expresso.estadao.com.br\/sao-paulo\/wp-json\/wp\/v2\/categories?post=6584"},{"taxonomy":"post_tag","embeddable":true,"href":"https:\/\/expresso.estadao.com.br\/sao-paulo\/wp-json\/wp\/v2\/tags?post=6584"}],"curies":[{"name":"wp","href":"https:\/\/api.w.org\/{rel}","templated":true}]}}