{"id":6746,"date":"2023-09-17T08:47:05","date_gmt":"2023-09-17T11:47:05","guid":{"rendered":"https:\/\/expresso.estadao.com.br\/sao-paulo\/?p=6746"},"modified":"2023-09-20T09:53:00","modified_gmt":"2023-09-20T12:53:00","slug":"novo-espaco-de-lazer-centro-recebe-belvedere-roosevelt","status":"publish","type":"post","link":"https:\/\/expresso.estadao.com.br\/sao-paulo\/2023\/09\/17\/novo-espaco-de-lazer-centro-recebe-belvedere-roosevelt\/","title":{"rendered":"Novo espa\u00e7o de lazer, centro recebe Belvedere Roosevelt"},"content":{"rendered":"<p>Foi entregue no \u00faltimo dia 13 de setembro o Belvedere Roosevelt, espa\u00e7o p\u00fablico de lazer e conviv\u00eancia instalado em uma \u00e1rea antes subutilizada e isolada da Pra\u00e7a Roosevelt, ap\u00f3s o cruzamento da rua Augusta, no centro da cidade. O investimento da Prefeitura de S\u00e3o Paulo na obra foi de R$ 4,3 milh\u00f5es.<\/p>\n<p>O Belvedere oferece uma arquibancada para descanso, acesso para food truck, ilumina\u00e7\u00e3o, novo piso, biciclet\u00e1rio e jardins para absor\u00e7\u00e3o de chuva.\u00a0<span class=\"xxnormaltextrun\">A Subprefeitura S\u00e9 ser\u00e1 a respons\u00e1vel pela zeladoria do espa\u00e7o.<\/span><\/p>\n<p>Uma escultura em formato de \u00e1rvore que se move de acordo com o fluxo do vento foi instalada no Belvedere. O novo equipamento tamb\u00e9m presta homenagem \u00e0 arte de rua com grafites tem\u00e1ticos do artista Gabriel Nunes nas \u00e1reas com vista para o Viaduto J\u00falio de Mesquita Filho e para a Pra\u00e7a Roosevelt.<\/p>\n<div id=\"attachment_6749\" style=\"width: 1120px\" class=\"wp-caption alignnone\"><img loading=\"lazy\" decoding=\"async\" aria-describedby=\"caption-attachment-6749\" class=\"size-large wp-image-6749\" src=\"https:\/\/expresso.estadao.com.br\/sao-paulo\/wp-content\/uploads\/2023\/09\/20230913_Inauguracao-do-Belvedere-Roosevelt_ELJ-0374-1-1110x833.jpg\" alt=\"\" width=\"1110\" height=\"833\" srcset=\"https:\/\/expresso.estadao.com.br\/sao-paulo\/wp-content\/uploads\/2023\/09\/20230913_Inauguracao-do-Belvedere-Roosevelt_ELJ-0374-1-1110x833.jpg 1110w, https:\/\/expresso.estadao.com.br\/sao-paulo\/wp-content\/uploads\/2023\/09\/20230913_Inauguracao-do-Belvedere-Roosevelt_ELJ-0374-1-400x300.jpg 400w, https:\/\/expresso.estadao.com.br\/sao-paulo\/wp-content\/uploads\/2023\/09\/20230913_Inauguracao-do-Belvedere-Roosevelt_ELJ-0374-1-768x576.jpg 768w, https:\/\/expresso.estadao.com.br\/sao-paulo\/wp-content\/uploads\/2023\/09\/20230913_Inauguracao-do-Belvedere-Roosevelt_ELJ-0374-1-1536x1152.jpg 1536w, https:\/\/expresso.estadao.com.br\/sao-paulo\/wp-content\/uploads\/2023\/09\/20230913_Inauguracao-do-Belvedere-Roosevelt_ELJ-0374-1.jpg 2048w\" sizes=\"auto, (max-width: 1110px) 100vw, 1110px\" \/><p id=\"caption-attachment-6749\" class=\"wp-caption-text\">Cr\u00e9dito: Edson Lopes Jr.\/Prefeitura SP\/Divulga\u00e7\u00e3o<\/p><\/div>\n<p>&nbsp;<\/p>\n<p>Segundo a Prefeitura, parte do entulho do local foi usado na obra para reduzir o descarte de res\u00edduos s\u00f3lidos. O espa\u00e7o ganhou \u00e1rvores nativas para a composi\u00e7\u00e3o de um ecossistema prop\u00edcio para a regi\u00e3o. Um dos muros voltados ao Viaduto J\u00falio de Mesquita Filho recebeu vegeta\u00e7\u00e3o da esp\u00e9cie unha-de-gato.<\/p>\n<p>Para oferecer maior seguran\u00e7a nas travessias, foi pintada uma faixa de pedestre elevada na Rua Augusta em frente ao espa\u00e7o inaugurado hoje.<\/p>\n<p>A escadaria lateral foi requalificada. Ela come\u00e7a na rua Augusta e vai at\u00e9 o Viaduto J\u00falio de Mesquita Filho, servindo como conex\u00e3o para os pedestres acessam o sacol\u00e3o Avanhandava e o corredor de \u00f4nibus da avenida Nove de Julho. Essa \u00e1rea do Belvedere recebeu jardins de chuva capazes n\u00e3o s\u00f3 de absorver a \u00e1gua, mas tamb\u00e9m de filtr\u00e1-la.<\/p>\n<p>&nbsp;<\/p>\n","protected":false},"excerpt":{"rendered":"<p>Foi entregue no \u00faltimo dia 13 de setembro o Belvedere Roosevelt, espa\u00e7o p\u00fablico de lazer e conviv\u00eancia instalado em uma \u00e1rea antes subutilizada e isolada da Pra\u00e7a Roosevelt, ap\u00f3s o cruzamento da rua Augusta, no centro da cidade. O investimento da Prefeitura de S\u00e3o Paulo na obra foi de R$ 4,3 milh\u00f5es. O Belvedere oferece [&hellip;]<\/p>\n","protected":false},"author":4,"featured_media":6748,"comment_status":"open","ping_status":"closed","sticky":false,"template":"","format":"standard","meta":{"_acf_changed":false,"_monsterinsights_skip_tracking":false,"_monsterinsights_sitenote_active":false,"_monsterinsights_sitenote_note":"","_monsterinsights_sitenote_category":0,"footnotes":""},"categories":[760],"tags":[858,52],"class_list":["post-6746","post","type-post","status-publish","format-standard","has-post-thumbnail","hentry","category-urbanismo","tag-belvedere-roosevelt","tag-prefeitura-de-sao-paulo"],"acf":[],"yoast_head":"<!-- This site is optimized with the Yoast SEO plugin v24.1 - https:\/\/yoast.com\/wordpress\/plugins\/seo\/ -->\n<title>Belvedere Roosevelt - Estad\u00e3o Expresso S\u00e3o Paulo<\/title>\n<meta name=\"description\" content=\"Novo espa\u00e7o foi entregue no dia13 de setembro em \u00e1rea antes subutilizada\" \/>\n<meta name=\"robots\" content=\"index, follow, max-snippet:-1, max-image-preview:large, max-video-preview:-1\" \/>\n<link rel=\"canonical\" href=\"https:\/\/expresso.estadao.com.br\/sao-paulo\/2023\/09\/17\/novo-espaco-de-lazer-centro-recebe-belvedere-roosevelt\/\" \/>\n<meta property=\"og:locale\" content=\"pt_BR\" \/>\n<meta property=\"og:type\" content=\"article\" \/>\n<meta property=\"og:title\" content=\"Belvedere Roosevelt - Estad\u00e3o Expresso S\u00e3o Paulo\" \/>\n<meta property=\"og:description\" content=\"Novo espa\u00e7o foi entregue no dia13 de setembro em \u00e1rea antes subutilizada\" \/>\n<meta property=\"og:url\" content=\"https:\/\/expresso.estadao.com.br\/sao-paulo\/2023\/09\/17\/novo-espaco-de-lazer-centro-recebe-belvedere-roosevelt\/\" \/>\n<meta property=\"og:site_name\" content=\"Estad\u00e3o Expresso S\u00e3o Paulo\" \/>\n<meta property=\"article:published_time\" content=\"2023-09-17T11:47:05+00:00\" \/>\n<meta property=\"article:modified_time\" content=\"2023-09-20T12:53:00+00:00\" \/>\n<meta property=\"og:image\" content=\"https:\/\/expresso.estadao.com.br\/sao-paulo\/wp-content\/uploads\/2023\/09\/20230913_Inauguracao-do-Belvedere-Roosevelt_ELJ-0385-1.jpg\" \/>\n\t<meta property=\"og:image:type\" content=\"image\/jpeg\" \/>\n<meta name=\"author\" content=\"fabio_bairros\" \/>\n<meta name=\"twitter:card\" content=\"summary_large_image\" \/>\n<meta name=\"twitter:label1\" content=\"Escrito por\" \/>\n\t<meta name=\"twitter:data1\" content=\"fabio_bairros\" \/>\n\t<meta name=\"twitter:label2\" content=\"Est. tempo de leitura\" \/>\n\t<meta name=\"twitter:data2\" content=\"2 minutos\" \/>\n<script type=\"application\/ld+json\" class=\"yoast-schema-graph\">{\"@context\":\"https:\/\/schema.org\",\"@graph\":[{\"@type\":\"WebPage\",\"@id\":\"https:\/\/expresso.estadao.com.br\/sao-paulo\/2023\/09\/17\/novo-espaco-de-lazer-centro-recebe-belvedere-roosevelt\/\",\"url\":\"https:\/\/expresso.estadao.com.br\/sao-paulo\/2023\/09\/17\/novo-espaco-de-lazer-centro-recebe-belvedere-roosevelt\/\",\"name\":\"Belvedere Roosevelt - Estad\u00e3o Expresso S\u00e3o Paulo\",\"isPartOf\":{\"@id\":\"https:\/\/expresso.estadao.com.br\/sao-paulo\/#website\"},\"primaryImageOfPage\":{\"@id\":\"https:\/\/expresso.estadao.com.br\/sao-paulo\/2023\/09\/17\/novo-espaco-de-lazer-centro-recebe-belvedere-roosevelt\/#primaryimage\"},\"image\":{\"@id\":\"https:\/\/expresso.estadao.com.br\/sao-paulo\/2023\/09\/17\/novo-espaco-de-lazer-centro-recebe-belvedere-roosevelt\/#primaryimage\"},\"thumbnailUrl\":\"https:\/\/expresso.estadao.com.br\/sao-paulo\/wp-content\/uploads\/2023\/09\/20230913_Inauguracao-do-Belvedere-Roosevelt_ELJ-0385-1.jpg\",\"datePublished\":\"2023-09-17T11:47:05+00:00\",\"dateModified\":\"2023-09-20T12:53:00+00:00\",\"author\":{\"@id\":\"https:\/\/expresso.estadao.com.br\/sao-paulo\/#\/schema\/person\/f45f9e313ba8cbe5af9424f387ddef42\"},\"description\":\"Novo espa\u00e7o foi entregue no dia13 de setembro em \u00e1rea antes subutilizada\",\"breadcrumb\":{\"@id\":\"https:\/\/expresso.estadao.com.br\/sao-paulo\/2023\/09\/17\/novo-espaco-de-lazer-centro-recebe-belvedere-roosevelt\/#breadcrumb\"},\"inLanguage\":\"pt-BR\",\"potentialAction\":[{\"@type\":\"ReadAction\",\"target\":[\"https:\/\/expresso.estadao.com.br\/sao-paulo\/2023\/09\/17\/novo-espaco-de-lazer-centro-recebe-belvedere-roosevelt\/\"]}]},{\"@type\":\"ImageObject\",\"inLanguage\":\"pt-BR\",\"@id\":\"https:\/\/expresso.estadao.com.br\/sao-paulo\/2023\/09\/17\/novo-espaco-de-lazer-centro-recebe-belvedere-roosevelt\/#primaryimage\",\"url\":\"https:\/\/expresso.estadao.com.br\/sao-paulo\/wp-content\/uploads\/2023\/09\/20230913_Inauguracao-do-Belvedere-Roosevelt_ELJ-0385-1.jpg\",\"contentUrl\":\"https:\/\/expresso.estadao.com.br\/sao-paulo\/wp-content\/uploads\/2023\/09\/20230913_Inauguracao-do-Belvedere-Roosevelt_ELJ-0385-1.jpg\",\"width\":2048,\"height\":1536,\"caption\":\"Vista a\u00e9rea do novo belvedere da Roosevelt - Cr\u00e9dito: Edson Lopes Jr.\/Prefeitura SP\/Divulga\u00e7\u00e3o\"},{\"@type\":\"BreadcrumbList\",\"@id\":\"https:\/\/expresso.estadao.com.br\/sao-paulo\/2023\/09\/17\/novo-espaco-de-lazer-centro-recebe-belvedere-roosevelt\/#breadcrumb\",\"itemListElement\":[{\"@type\":\"ListItem\",\"position\":1,\"name\":\"In\u00edcio\",\"item\":\"https:\/\/expresso.estadao.com.br\/sao-paulo\/\"},{\"@type\":\"ListItem\",\"position\":2,\"name\":\"Novo espa\u00e7o de lazer, centro recebe Belvedere Roosevelt\"}]},{\"@type\":\"WebSite\",\"@id\":\"https:\/\/expresso.estadao.com.br\/sao-paulo\/#website\",\"url\":\"https:\/\/expresso.estadao.com.br\/sao-paulo\/\",\"name\":\"Estad\u00e3o Expresso S\u00e3o Paulo\",\"description\":\"Conte\u00fado de presta\u00e7\u00e3o de servi\u00e7o para que os moradores da cidade de S\u00e3o Paulo possam se informar melhor e usar de maneira mais eficaz os servi\u00e7os p\u00fablicos municipais.\",\"potentialAction\":[{\"@type\":\"SearchAction\",\"target\":{\"@type\":\"EntryPoint\",\"urlTemplate\":\"https:\/\/expresso.estadao.com.br\/sao-paulo\/?s={search_term_string}\"},\"query-input\":{\"@type\":\"PropertyValueSpecification\",\"valueRequired\":true,\"valueName\":\"search_term_string\"}}],\"inLanguage\":\"pt-BR\"},{\"@type\":\"Person\",\"@id\":\"https:\/\/expresso.estadao.com.br\/sao-paulo\/#\/schema\/person\/f45f9e313ba8cbe5af9424f387ddef42\",\"name\":\"fabio_bairros\",\"image\":{\"@type\":\"ImageObject\",\"inLanguage\":\"pt-BR\",\"@id\":\"https:\/\/expresso.estadao.com.br\/sao-paulo\/#\/schema\/person\/image\/\",\"url\":\"https:\/\/secure.gravatar.com\/avatar\/fbecca90befcfda9505216ce0dc87261326cb6644deb5861e7ab404061c24246?s=96&d=mm&r=g\",\"contentUrl\":\"https:\/\/secure.gravatar.com\/avatar\/fbecca90befcfda9505216ce0dc87261326cb6644deb5861e7ab404061c24246?s=96&d=mm&r=g\",\"caption\":\"fabio_bairros\"}}]}<\/script>\n<!-- \/ Yoast SEO plugin. -->","yoast_head_json":{"title":"Belvedere Roosevelt - Estad\u00e3o Expresso S\u00e3o Paulo","description":"Novo espa\u00e7o foi entregue no dia13 de setembro em \u00e1rea antes subutilizada","robots":{"index":"index","follow":"follow","max-snippet":"max-snippet:-1","max-image-preview":"max-image-preview:large","max-video-preview":"max-video-preview:-1"},"canonical":"https:\/\/expresso.estadao.com.br\/sao-paulo\/2023\/09\/17\/novo-espaco-de-lazer-centro-recebe-belvedere-roosevelt\/","og_locale":"pt_BR","og_type":"article","og_title":"Belvedere Roosevelt - Estad\u00e3o Expresso S\u00e3o Paulo","og_description":"Novo espa\u00e7o foi entregue no dia13 de setembro em \u00e1rea antes subutilizada","og_url":"https:\/\/expresso.estadao.com.br\/sao-paulo\/2023\/09\/17\/novo-espaco-de-lazer-centro-recebe-belvedere-roosevelt\/","og_site_name":"Estad\u00e3o Expresso S\u00e3o Paulo","article_published_time":"2023-09-17T11:47:05+00:00","article_modified_time":"2023-09-20T12:53:00+00:00","og_image":[{"width":"","height":"","url":"https:\/\/expresso.estadao.com.br\/sao-paulo\/wp-content\/uploads\/2023\/09\/20230913_Inauguracao-do-Belvedere-Roosevelt_ELJ-0385-1.jpg","type":"image\/jpeg"}],"author":"fabio_bairros","twitter_card":"summary_large_image","twitter_misc":{"Escrito por":"fabio_bairros","Est. tempo de leitura":"2 minutos"},"schema":{"@context":"https:\/\/schema.org","@graph":[{"@type":"WebPage","@id":"https:\/\/expresso.estadao.com.br\/sao-paulo\/2023\/09\/17\/novo-espaco-de-lazer-centro-recebe-belvedere-roosevelt\/","url":"https:\/\/expresso.estadao.com.br\/sao-paulo\/2023\/09\/17\/novo-espaco-de-lazer-centro-recebe-belvedere-roosevelt\/","name":"Belvedere Roosevelt - Estad\u00e3o Expresso S\u00e3o Paulo","isPartOf":{"@id":"https:\/\/expresso.estadao.com.br\/sao-paulo\/#website"},"primaryImageOfPage":{"@id":"https:\/\/expresso.estadao.com.br\/sao-paulo\/2023\/09\/17\/novo-espaco-de-lazer-centro-recebe-belvedere-roosevelt\/#primaryimage"},"image":{"@id":"https:\/\/expresso.estadao.com.br\/sao-paulo\/2023\/09\/17\/novo-espaco-de-lazer-centro-recebe-belvedere-roosevelt\/#primaryimage"},"thumbnailUrl":"https:\/\/expresso.estadao.com.br\/sao-paulo\/wp-content\/uploads\/2023\/09\/20230913_Inauguracao-do-Belvedere-Roosevelt_ELJ-0385-1.jpg","datePublished":"2023-09-17T11:47:05+00:00","dateModified":"2023-09-20T12:53:00+00:00","author":{"@id":"https:\/\/expresso.estadao.com.br\/sao-paulo\/#\/schema\/person\/f45f9e313ba8cbe5af9424f387ddef42"},"description":"Novo espa\u00e7o foi entregue no dia13 de setembro em \u00e1rea antes subutilizada","breadcrumb":{"@id":"https:\/\/expresso.estadao.com.br\/sao-paulo\/2023\/09\/17\/novo-espaco-de-lazer-centro-recebe-belvedere-roosevelt\/#breadcrumb"},"inLanguage":"pt-BR","potentialAction":[{"@type":"ReadAction","target":["https:\/\/expresso.estadao.com.br\/sao-paulo\/2023\/09\/17\/novo-espaco-de-lazer-centro-recebe-belvedere-roosevelt\/"]}]},{"@type":"ImageObject","inLanguage":"pt-BR","@id":"https:\/\/expresso.estadao.com.br\/sao-paulo\/2023\/09\/17\/novo-espaco-de-lazer-centro-recebe-belvedere-roosevelt\/#primaryimage","url":"https:\/\/expresso.estadao.com.br\/sao-paulo\/wp-content\/uploads\/2023\/09\/20230913_Inauguracao-do-Belvedere-Roosevelt_ELJ-0385-1.jpg","contentUrl":"https:\/\/expresso.estadao.com.br\/sao-paulo\/wp-content\/uploads\/2023\/09\/20230913_Inauguracao-do-Belvedere-Roosevelt_ELJ-0385-1.jpg","width":2048,"height":1536,"caption":"Vista a\u00e9rea do novo belvedere da Roosevelt - Cr\u00e9dito: Edson Lopes Jr.\/Prefeitura SP\/Divulga\u00e7\u00e3o"},{"@type":"BreadcrumbList","@id":"https:\/\/expresso.estadao.com.br\/sao-paulo\/2023\/09\/17\/novo-espaco-de-lazer-centro-recebe-belvedere-roosevelt\/#breadcrumb","itemListElement":[{"@type":"ListItem","position":1,"name":"In\u00edcio","item":"https:\/\/expresso.estadao.com.br\/sao-paulo\/"},{"@type":"ListItem","position":2,"name":"Novo espa\u00e7o de lazer, centro recebe Belvedere Roosevelt"}]},{"@type":"WebSite","@id":"https:\/\/expresso.estadao.com.br\/sao-paulo\/#website","url":"https:\/\/expresso.estadao.com.br\/sao-paulo\/","name":"Estad\u00e3o Expresso S\u00e3o Paulo","description":"Conte\u00fado de presta\u00e7\u00e3o de servi\u00e7o para que os moradores da cidade de S\u00e3o Paulo possam se informar melhor e usar de maneira mais eficaz os servi\u00e7os p\u00fablicos municipais.","potentialAction":[{"@type":"SearchAction","target":{"@type":"EntryPoint","urlTemplate":"https:\/\/expresso.estadao.com.br\/sao-paulo\/?s={search_term_string}"},"query-input":{"@type":"PropertyValueSpecification","valueRequired":true,"valueName":"search_term_string"}}],"inLanguage":"pt-BR"},{"@type":"Person","@id":"https:\/\/expresso.estadao.com.br\/sao-paulo\/#\/schema\/person\/f45f9e313ba8cbe5af9424f387ddef42","name":"fabio_bairros","image":{"@type":"ImageObject","inLanguage":"pt-BR","@id":"https:\/\/expresso.estadao.com.br\/sao-paulo\/#\/schema\/person\/image\/","url":"https:\/\/secure.gravatar.com\/avatar\/fbecca90befcfda9505216ce0dc87261326cb6644deb5861e7ab404061c24246?s=96&d=mm&r=g","contentUrl":"https:\/\/secure.gravatar.com\/avatar\/fbecca90befcfda9505216ce0dc87261326cb6644deb5861e7ab404061c24246?s=96&d=mm&r=g","caption":"fabio_bairros"}}]}},"_links":{"self":[{"href":"https:\/\/expresso.estadao.com.br\/sao-paulo\/wp-json\/wp\/v2\/posts\/6746","targetHints":{"allow":["GET"]}}],"collection":[{"href":"https:\/\/expresso.estadao.com.br\/sao-paulo\/wp-json\/wp\/v2\/posts"}],"about":[{"href":"https:\/\/expresso.estadao.com.br\/sao-paulo\/wp-json\/wp\/v2\/types\/post"}],"author":[{"embeddable":true,"href":"https:\/\/expresso.estadao.com.br\/sao-paulo\/wp-json\/wp\/v2\/users\/4"}],"replies":[{"embeddable":true,"href":"https:\/\/expresso.estadao.com.br\/sao-paulo\/wp-json\/wp\/v2\/comments?post=6746"}],"version-history":[{"count":4,"href":"https:\/\/expresso.estadao.com.br\/sao-paulo\/wp-json\/wp\/v2\/posts\/6746\/revisions"}],"predecessor-version":[{"id":6805,"href":"https:\/\/expresso.estadao.com.br\/sao-paulo\/wp-json\/wp\/v2\/posts\/6746\/revisions\/6805"}],"wp:featuredmedia":[{"embeddable":true,"href":"https:\/\/expresso.estadao.com.br\/sao-paulo\/wp-json\/wp\/v2\/media\/6748"}],"wp:attachment":[{"href":"https:\/\/expresso.estadao.com.br\/sao-paulo\/wp-json\/wp\/v2\/media?parent=6746"}],"wp:term":[{"taxonomy":"category","embeddable":true,"href":"https:\/\/expresso.estadao.com.br\/sao-paulo\/wp-json\/wp\/v2\/categories?post=6746"},{"taxonomy":"post_tag","embeddable":true,"href":"https:\/\/expresso.estadao.com.br\/sao-paulo\/wp-json\/wp\/v2\/tags?post=6746"}],"curies":[{"name":"wp","href":"https:\/\/api.w.org\/{rel}","templated":true}]}}