{"id":6954,"date":"2023-10-24T07:21:34","date_gmt":"2023-10-24T10:21:34","guid":{"rendered":"https:\/\/expresso.estadao.com.br\/sao-paulo\/?p=6954"},"modified":"2023-10-24T07:21:34","modified_gmt":"2023-10-24T10:21:34","slug":"com-parcerias-filas-em-creches-estao-zeradas-na-capital","status":"publish","type":"post","link":"https:\/\/expresso.estadao.com.br\/sao-paulo\/2023\/10\/24\/com-parcerias-filas-em-creches-estao-zeradas-na-capital\/","title":{"rendered":"Com parcerias, filas em creches est\u00e3o zeradas na capital"},"content":{"rendered":"<p>A fila para o atendimento em creches \u00e9 considerada zerada desde 2020 pela Secretaria Municipal de Educa\u00e7\u00e3o (SME).<\/p>\n<p>Segundo o portal do Observat\u00f3rio de Indicadores da Cidade de S\u00e3o Paulo (ObservaSampa), que apresenta dados e indicadores e evid\u00eancias sobre a capital, as creches paulistanas t\u00eam hoje 361.257 matr\u00edculas e uma porcentagem de atendimento de 99,81%. O percentual era de 96,31% em 2019.<\/p>\n<p>Para ampliar o atendimento a beb\u00eas e crian\u00e7as de at\u00e9 tr\u00eas anos de idade, foram firmadas parcerias com cerca de 700 Organiza\u00e7\u00f5es da Sociedade Civil (OSCs), assim como ampliadas as vagas nos Centros de Educa\u00e7\u00e3o Infantil (CEIs) j\u00e1 existentes.<\/p>\n<p>Neste ano, foram criadas 1,9 mil vagas para atendimento e recebimento de novos matriculados, com a inaugura\u00e7\u00e3o de nove unidades de educa\u00e7\u00e3o infantil: s\u00e3o seis Centros de Educa\u00e7\u00e3o Infantil (CEIs) e tr\u00eas Escolas Municipais de Educa\u00e7\u00e3o Infantil (EMEIs), localizadas nas regi\u00f5es de Butant\u00e3, Campo Limpo, Capela do Socorro, Guaianases e S\u00e3o Mateus.<\/p>\n<p>O <a href=\"https:\/\/expresso.estadao.com.br\/sao-paulo\/2023\/09\/14\/projeto-piloto-estende-horario-de-atendimento-em-creches\/\"><span style=\"font-weight: 400;\">hor\u00e1rio de atendimento das creches<\/span><\/a><span style=\"font-weight: 400;\"> tamb\u00e9m mudou. Um projeto-piloto testa a sua amplia\u00e7\u00e3o para 12 horas, com funcionamento das 7h \u00e0s 19h \u2014 o que implica em duas horas de expans\u00e3o.<\/span><\/p>\n<p><span style=\"font-weight: 400;\"> No momento, o projeto funciona em 13 CEIs, nas regi\u00f5es do Butant\u00e3, Campo Limpo, Capela do Socorro, Freguesia\/Brasil\u00e2ndia, Guaianases, Ipiranga, Itaquera, Ja\u00e7an\u00e3\/Trememb\u00e9, S\u00e3o Miguel, Penha, Pirituba\/Jaragu\u00e1, Santo Amaro e S\u00e3o Mateus \u2014 uma por \u00e1rea de abrang\u00eancia de cada Diretoria Regional de Educa\u00e7\u00e3o (DRE).<\/span><\/p>\n<p>A mudan\u00e7a foi pensada a partir de uma pesquisa da SME com os pais e respons\u00e1veis de crian\u00e7as matriculadas nesses CEIs, em que mais de 70% dos entrevistados apontaram a necessidade de amplia\u00e7\u00e3o do tempo de atendimento.<\/p>\n<p>O levantamento constatou que, ap\u00f3s o hor\u00e1rio normal da creche, muitos beb\u00eas e crian\u00e7as precisam ficar com outros cuidadores, como familiares ou vizinhos, at\u00e9 que os pais ou respons\u00e1veis retornem do trabalho.<\/p>\n<p><strong>Educa\u00e7\u00e3o infantil\u00a0<\/strong><\/p>\n<p>A educa\u00e7\u00e3o infantil desempenha um papel importante no desenvolvimento das habilidades cognitivas, sociais e emocionais das crian\u00e7as, preparando-as para as etapas escolares seguintes.<\/p>\n<p><span style=\"font-weight: 400;\">Nos CEIs, elas t\u00eam direito a cinco refei\u00e7\u00f5es di\u00e1rias, com card\u00e1pio elaborado por nutricionistas que prioriza a oferta de alimentos in natura e minimamente processados \u2014 o que vai ao encontro das diretrizes nutricionais estabelecidas pelo Programa Nacional de Alimenta\u00e7\u00e3o Escolar (PNAE).\u00a0<\/span><\/p>\n<p><span style=\"font-weight: 400;\">As matr\u00edculas para atendimento nas creches permanecem abertas durante o ano todo, e o sistema de vagas prioriza o encaminhamento dos beb\u00eas e crian\u00e7as para as unidades mais pr\u00f3ximas dos endere\u00e7os cadastrados. Caso haja necessidade, dentro das diretrizes, os alunos da rede municipal <\/span><a href=\"https:\/\/educacao.sme.prefeitura.sp.gov.br\/transporte-escolar-gratuito\/\"><span style=\"font-weight: 400;\">s\u00e3o atendidos pelo Transporte Escolar Gratuito (TEG)<\/span><\/a><span style=\"font-weight: 400;\">.\u00a0<\/span><\/p>\n<p>&nbsp;<\/p>\n","protected":false},"excerpt":{"rendered":"<p>A fila para o atendimento em creches \u00e9 considerada zerada desde 2020 pela Secretaria Municipal de Educa\u00e7\u00e3o (SME). Segundo o portal do Observat\u00f3rio de Indicadores da Cidade de S\u00e3o Paulo (ObservaSampa), que apresenta dados e indicadores e evid\u00eancias sobre a capital, as creches paulistanas t\u00eam hoje 361.257 matr\u00edculas e uma porcentagem de atendimento de 99,81%. [&hellip;]<\/p>\n","protected":false},"author":4,"featured_media":7017,"comment_status":"open","ping_status":"closed","sticky":false,"template":"","format":"standard","meta":{"_acf_changed":false,"_monsterinsights_skip_tracking":false,"_monsterinsights_sitenote_active":false,"_monsterinsights_sitenote_note":"","_monsterinsights_sitenote_category":0,"footnotes":""},"categories":[747],"tags":[851],"class_list":["post-6954","post","type-post","status-publish","format-standard","has-post-thumbnail","hentry","category-educacao","tag-creches"],"acf":[],"yoast_head":"<!-- This site is optimized with the Yoast SEO plugin v24.1 - https:\/\/yoast.com\/wordpress\/plugins\/seo\/ -->\n<title>Vagas em creches - Estad\u00e3o Expresso SP<\/title>\n<meta name=\"description\" content=\"Unidades paulistanas t\u00eam hoje 361.257 matr\u00edculas e uma porcentagem de atendimento de 99,81%\" \/>\n<meta name=\"robots\" content=\"index, follow, max-snippet:-1, max-image-preview:large, max-video-preview:-1\" \/>\n<link rel=\"canonical\" href=\"https:\/\/expresso.estadao.com.br\/sao-paulo\/2023\/10\/24\/com-parcerias-filas-em-creches-estao-zeradas-na-capital\/\" \/>\n<meta property=\"og:locale\" content=\"pt_BR\" \/>\n<meta property=\"og:type\" content=\"article\" \/>\n<meta property=\"og:title\" content=\"Vagas em creches - Estad\u00e3o Expresso SP\" \/>\n<meta property=\"og:description\" content=\"Unidades paulistanas t\u00eam hoje 361.257 matr\u00edculas e uma porcentagem de atendimento de 99,81%\" \/>\n<meta property=\"og:url\" content=\"https:\/\/expresso.estadao.com.br\/sao-paulo\/2023\/10\/24\/com-parcerias-filas-em-creches-estao-zeradas-na-capital\/\" \/>\n<meta property=\"og:site_name\" content=\"Estad\u00e3o Expresso S\u00e3o Paulo\" \/>\n<meta property=\"article:published_time\" content=\"2023-10-24T10:21:34+00:00\" \/>\n<meta property=\"og:image\" content=\"https:\/\/expresso.estadao.com.br\/sao-paulo\/wp-content\/uploads\/2023\/10\/CEI-Samir-Rachid-Saliba-Fotos-Lilian-Borges-1-1.jpg\" \/>\n\t<meta property=\"og:image:type\" content=\"image\/jpeg\" \/>\n<meta name=\"author\" content=\"fabio_bairros\" \/>\n<meta name=\"twitter:card\" content=\"summary_large_image\" \/>\n<meta name=\"twitter:label1\" content=\"Escrito por\" \/>\n\t<meta name=\"twitter:data1\" content=\"fabio_bairros\" \/>\n\t<meta name=\"twitter:label2\" content=\"Est. tempo de leitura\" \/>\n\t<meta name=\"twitter:data2\" content=\"3 minutos\" \/>\n<script type=\"application\/ld+json\" class=\"yoast-schema-graph\">{\"@context\":\"https:\/\/schema.org\",\"@graph\":[{\"@type\":\"WebPage\",\"@id\":\"https:\/\/expresso.estadao.com.br\/sao-paulo\/2023\/10\/24\/com-parcerias-filas-em-creches-estao-zeradas-na-capital\/\",\"url\":\"https:\/\/expresso.estadao.com.br\/sao-paulo\/2023\/10\/24\/com-parcerias-filas-em-creches-estao-zeradas-na-capital\/\",\"name\":\"Vagas em creches - Estad\u00e3o Expresso SP\",\"isPartOf\":{\"@id\":\"https:\/\/expresso.estadao.com.br\/sao-paulo\/#website\"},\"primaryImageOfPage\":{\"@id\":\"https:\/\/expresso.estadao.com.br\/sao-paulo\/2023\/10\/24\/com-parcerias-filas-em-creches-estao-zeradas-na-capital\/#primaryimage\"},\"image\":{\"@id\":\"https:\/\/expresso.estadao.com.br\/sao-paulo\/2023\/10\/24\/com-parcerias-filas-em-creches-estao-zeradas-na-capital\/#primaryimage\"},\"thumbnailUrl\":\"https:\/\/expresso.estadao.com.br\/sao-paulo\/wp-content\/uploads\/2023\/10\/CEI-Samir-Rachid-Saliba-Fotos-Lilian-Borges-1-1.jpg\",\"datePublished\":\"2023-10-24T10:21:34+00:00\",\"dateModified\":\"2023-10-24T10:21:34+00:00\",\"author\":{\"@id\":\"https:\/\/expresso.estadao.com.br\/sao-paulo\/#\/schema\/person\/f45f9e313ba8cbe5af9424f387ddef42\"},\"description\":\"Unidades paulistanas t\u00eam hoje 361.257 matr\u00edculas e uma porcentagem de atendimento de 99,81%\",\"breadcrumb\":{\"@id\":\"https:\/\/expresso.estadao.com.br\/sao-paulo\/2023\/10\/24\/com-parcerias-filas-em-creches-estao-zeradas-na-capital\/#breadcrumb\"},\"inLanguage\":\"pt-BR\",\"potentialAction\":[{\"@type\":\"ReadAction\",\"target\":[\"https:\/\/expresso.estadao.com.br\/sao-paulo\/2023\/10\/24\/com-parcerias-filas-em-creches-estao-zeradas-na-capital\/\"]}]},{\"@type\":\"ImageObject\",\"inLanguage\":\"pt-BR\",\"@id\":\"https:\/\/expresso.estadao.com.br\/sao-paulo\/2023\/10\/24\/com-parcerias-filas-em-creches-estao-zeradas-na-capital\/#primaryimage\",\"url\":\"https:\/\/expresso.estadao.com.br\/sao-paulo\/wp-content\/uploads\/2023\/10\/CEI-Samir-Rachid-Saliba-Fotos-Lilian-Borges-1-1.jpg\",\"contentUrl\":\"https:\/\/expresso.estadao.com.br\/sao-paulo\/wp-content\/uploads\/2023\/10\/CEI-Samir-Rachid-Saliba-Fotos-Lilian-Borges-1-1.jpg\",\"width\":1524,\"height\":1003,\"caption\":\"Centro de Educa\u00e7\u00e3o Infantil Samir Rachid Saliba, na zona leste da cidade - Foto: Lilian Borges\/Prefeitura SP\/Divulga\u00e7\u00e3o\u00a0\"},{\"@type\":\"BreadcrumbList\",\"@id\":\"https:\/\/expresso.estadao.com.br\/sao-paulo\/2023\/10\/24\/com-parcerias-filas-em-creches-estao-zeradas-na-capital\/#breadcrumb\",\"itemListElement\":[{\"@type\":\"ListItem\",\"position\":1,\"name\":\"In\u00edcio\",\"item\":\"https:\/\/expresso.estadao.com.br\/sao-paulo\/\"},{\"@type\":\"ListItem\",\"position\":2,\"name\":\"Com parcerias, filas em creches est\u00e3o zeradas na capital\"}]},{\"@type\":\"WebSite\",\"@id\":\"https:\/\/expresso.estadao.com.br\/sao-paulo\/#website\",\"url\":\"https:\/\/expresso.estadao.com.br\/sao-paulo\/\",\"name\":\"Estad\u00e3o Expresso S\u00e3o Paulo\",\"description\":\"Conte\u00fado de presta\u00e7\u00e3o de servi\u00e7o para que os moradores da cidade de S\u00e3o Paulo possam se informar melhor e usar de maneira mais eficaz os servi\u00e7os p\u00fablicos municipais.\",\"potentialAction\":[{\"@type\":\"SearchAction\",\"target\":{\"@type\":\"EntryPoint\",\"urlTemplate\":\"https:\/\/expresso.estadao.com.br\/sao-paulo\/?s={search_term_string}\"},\"query-input\":{\"@type\":\"PropertyValueSpecification\",\"valueRequired\":true,\"valueName\":\"search_term_string\"}}],\"inLanguage\":\"pt-BR\"},{\"@type\":\"Person\",\"@id\":\"https:\/\/expresso.estadao.com.br\/sao-paulo\/#\/schema\/person\/f45f9e313ba8cbe5af9424f387ddef42\",\"name\":\"fabio_bairros\",\"image\":{\"@type\":\"ImageObject\",\"inLanguage\":\"pt-BR\",\"@id\":\"https:\/\/expresso.estadao.com.br\/sao-paulo\/#\/schema\/person\/image\/\",\"url\":\"https:\/\/secure.gravatar.com\/avatar\/fbecca90befcfda9505216ce0dc87261326cb6644deb5861e7ab404061c24246?s=96&d=mm&r=g\",\"contentUrl\":\"https:\/\/secure.gravatar.com\/avatar\/fbecca90befcfda9505216ce0dc87261326cb6644deb5861e7ab404061c24246?s=96&d=mm&r=g\",\"caption\":\"fabio_bairros\"}}]}<\/script>\n<!-- \/ Yoast SEO plugin. -->","yoast_head_json":{"title":"Vagas em creches - Estad\u00e3o Expresso SP","description":"Unidades paulistanas t\u00eam hoje 361.257 matr\u00edculas e uma porcentagem de atendimento de 99,81%","robots":{"index":"index","follow":"follow","max-snippet":"max-snippet:-1","max-image-preview":"max-image-preview:large","max-video-preview":"max-video-preview:-1"},"canonical":"https:\/\/expresso.estadao.com.br\/sao-paulo\/2023\/10\/24\/com-parcerias-filas-em-creches-estao-zeradas-na-capital\/","og_locale":"pt_BR","og_type":"article","og_title":"Vagas em creches - Estad\u00e3o Expresso SP","og_description":"Unidades paulistanas t\u00eam hoje 361.257 matr\u00edculas e uma porcentagem de atendimento de 99,81%","og_url":"https:\/\/expresso.estadao.com.br\/sao-paulo\/2023\/10\/24\/com-parcerias-filas-em-creches-estao-zeradas-na-capital\/","og_site_name":"Estad\u00e3o Expresso S\u00e3o Paulo","article_published_time":"2023-10-24T10:21:34+00:00","og_image":[{"width":"","height":"","url":"https:\/\/expresso.estadao.com.br\/sao-paulo\/wp-content\/uploads\/2023\/10\/CEI-Samir-Rachid-Saliba-Fotos-Lilian-Borges-1-1.jpg","type":"image\/jpeg"}],"author":"fabio_bairros","twitter_card":"summary_large_image","twitter_misc":{"Escrito por":"fabio_bairros","Est. tempo de leitura":"3 minutos"},"schema":{"@context":"https:\/\/schema.org","@graph":[{"@type":"WebPage","@id":"https:\/\/expresso.estadao.com.br\/sao-paulo\/2023\/10\/24\/com-parcerias-filas-em-creches-estao-zeradas-na-capital\/","url":"https:\/\/expresso.estadao.com.br\/sao-paulo\/2023\/10\/24\/com-parcerias-filas-em-creches-estao-zeradas-na-capital\/","name":"Vagas em creches - Estad\u00e3o Expresso SP","isPartOf":{"@id":"https:\/\/expresso.estadao.com.br\/sao-paulo\/#website"},"primaryImageOfPage":{"@id":"https:\/\/expresso.estadao.com.br\/sao-paulo\/2023\/10\/24\/com-parcerias-filas-em-creches-estao-zeradas-na-capital\/#primaryimage"},"image":{"@id":"https:\/\/expresso.estadao.com.br\/sao-paulo\/2023\/10\/24\/com-parcerias-filas-em-creches-estao-zeradas-na-capital\/#primaryimage"},"thumbnailUrl":"https:\/\/expresso.estadao.com.br\/sao-paulo\/wp-content\/uploads\/2023\/10\/CEI-Samir-Rachid-Saliba-Fotos-Lilian-Borges-1-1.jpg","datePublished":"2023-10-24T10:21:34+00:00","dateModified":"2023-10-24T10:21:34+00:00","author":{"@id":"https:\/\/expresso.estadao.com.br\/sao-paulo\/#\/schema\/person\/f45f9e313ba8cbe5af9424f387ddef42"},"description":"Unidades paulistanas t\u00eam hoje 361.257 matr\u00edculas e uma porcentagem de atendimento de 99,81%","breadcrumb":{"@id":"https:\/\/expresso.estadao.com.br\/sao-paulo\/2023\/10\/24\/com-parcerias-filas-em-creches-estao-zeradas-na-capital\/#breadcrumb"},"inLanguage":"pt-BR","potentialAction":[{"@type":"ReadAction","target":["https:\/\/expresso.estadao.com.br\/sao-paulo\/2023\/10\/24\/com-parcerias-filas-em-creches-estao-zeradas-na-capital\/"]}]},{"@type":"ImageObject","inLanguage":"pt-BR","@id":"https:\/\/expresso.estadao.com.br\/sao-paulo\/2023\/10\/24\/com-parcerias-filas-em-creches-estao-zeradas-na-capital\/#primaryimage","url":"https:\/\/expresso.estadao.com.br\/sao-paulo\/wp-content\/uploads\/2023\/10\/CEI-Samir-Rachid-Saliba-Fotos-Lilian-Borges-1-1.jpg","contentUrl":"https:\/\/expresso.estadao.com.br\/sao-paulo\/wp-content\/uploads\/2023\/10\/CEI-Samir-Rachid-Saliba-Fotos-Lilian-Borges-1-1.jpg","width":1524,"height":1003,"caption":"Centro de Educa\u00e7\u00e3o Infantil Samir Rachid Saliba, na zona leste da cidade - Foto: Lilian Borges\/Prefeitura SP\/Divulga\u00e7\u00e3o\u00a0"},{"@type":"BreadcrumbList","@id":"https:\/\/expresso.estadao.com.br\/sao-paulo\/2023\/10\/24\/com-parcerias-filas-em-creches-estao-zeradas-na-capital\/#breadcrumb","itemListElement":[{"@type":"ListItem","position":1,"name":"In\u00edcio","item":"https:\/\/expresso.estadao.com.br\/sao-paulo\/"},{"@type":"ListItem","position":2,"name":"Com parcerias, filas em creches est\u00e3o zeradas na capital"}]},{"@type":"WebSite","@id":"https:\/\/expresso.estadao.com.br\/sao-paulo\/#website","url":"https:\/\/expresso.estadao.com.br\/sao-paulo\/","name":"Estad\u00e3o Expresso S\u00e3o Paulo","description":"Conte\u00fado de presta\u00e7\u00e3o de servi\u00e7o para que os moradores da cidade de S\u00e3o Paulo possam se informar melhor e usar de maneira mais eficaz os servi\u00e7os p\u00fablicos municipais.","potentialAction":[{"@type":"SearchAction","target":{"@type":"EntryPoint","urlTemplate":"https:\/\/expresso.estadao.com.br\/sao-paulo\/?s={search_term_string}"},"query-input":{"@type":"PropertyValueSpecification","valueRequired":true,"valueName":"search_term_string"}}],"inLanguage":"pt-BR"},{"@type":"Person","@id":"https:\/\/expresso.estadao.com.br\/sao-paulo\/#\/schema\/person\/f45f9e313ba8cbe5af9424f387ddef42","name":"fabio_bairros","image":{"@type":"ImageObject","inLanguage":"pt-BR","@id":"https:\/\/expresso.estadao.com.br\/sao-paulo\/#\/schema\/person\/image\/","url":"https:\/\/secure.gravatar.com\/avatar\/fbecca90befcfda9505216ce0dc87261326cb6644deb5861e7ab404061c24246?s=96&d=mm&r=g","contentUrl":"https:\/\/secure.gravatar.com\/avatar\/fbecca90befcfda9505216ce0dc87261326cb6644deb5861e7ab404061c24246?s=96&d=mm&r=g","caption":"fabio_bairros"}}]}},"_links":{"self":[{"href":"https:\/\/expresso.estadao.com.br\/sao-paulo\/wp-json\/wp\/v2\/posts\/6954","targetHints":{"allow":["GET"]}}],"collection":[{"href":"https:\/\/expresso.estadao.com.br\/sao-paulo\/wp-json\/wp\/v2\/posts"}],"about":[{"href":"https:\/\/expresso.estadao.com.br\/sao-paulo\/wp-json\/wp\/v2\/types\/post"}],"author":[{"embeddable":true,"href":"https:\/\/expresso.estadao.com.br\/sao-paulo\/wp-json\/wp\/v2\/users\/4"}],"replies":[{"embeddable":true,"href":"https:\/\/expresso.estadao.com.br\/sao-paulo\/wp-json\/wp\/v2\/comments?post=6954"}],"version-history":[{"count":4,"href":"https:\/\/expresso.estadao.com.br\/sao-paulo\/wp-json\/wp\/v2\/posts\/6954\/revisions"}],"predecessor-version":[{"id":7019,"href":"https:\/\/expresso.estadao.com.br\/sao-paulo\/wp-json\/wp\/v2\/posts\/6954\/revisions\/7019"}],"wp:featuredmedia":[{"embeddable":true,"href":"https:\/\/expresso.estadao.com.br\/sao-paulo\/wp-json\/wp\/v2\/media\/7017"}],"wp:attachment":[{"href":"https:\/\/expresso.estadao.com.br\/sao-paulo\/wp-json\/wp\/v2\/media?parent=6954"}],"wp:term":[{"taxonomy":"category","embeddable":true,"href":"https:\/\/expresso.estadao.com.br\/sao-paulo\/wp-json\/wp\/v2\/categories?post=6954"},{"taxonomy":"post_tag","embeddable":true,"href":"https:\/\/expresso.estadao.com.br\/sao-paulo\/wp-json\/wp\/v2\/tags?post=6954"}],"curies":[{"name":"wp","href":"https:\/\/api.w.org\/{rel}","templated":true}]}}