{"id":7622,"date":"2023-11-28T20:29:08","date_gmt":"2023-11-28T23:29:08","guid":{"rendered":"https:\/\/expresso.estadao.com.br\/sao-paulo\/?p=7622"},"modified":"2023-11-29T09:05:46","modified_gmt":"2023-11-29T12:05:46","slug":"saiba-se-e-possivel-criar-uma-praca-em-seu-bairro","status":"publish","type":"post","link":"https:\/\/expresso.estadao.com.br\/sao-paulo\/2023\/11\/28\/saiba-se-e-possivel-criar-uma-praca-em-seu-bairro\/","title":{"rendered":"Saiba se \u00e9 poss\u00edvel criar uma pra\u00e7a em seu bairro"},"content":{"rendered":"<p>No bairro Sol Nascente, que fica na regi\u00e3o norte da cidade, uma \u00e1rea da rua Barretos causava transtorno a moradores do entorno. O terreno era usado como estacionamento irregular e \u00e1rea de <span style=\"font-weight: 400;\"><a href=\"https:\/\/expresso.estadao.com.br\/sao-paulo\/2023\/10\/15\/como-denunciar-veiculos-abandonados-nas-ruas-de-sp\/\">abandono de ve\u00edculos<\/a> e, inclusive, carca\u00e7as de caminh\u00f5es.<\/span><\/p>\n<p><span style=\"font-weight: 400;\"> A situa\u00e7\u00e3o se estendeu por anos mas, recorrendo \u00e0 subprefeitura Perus, a popula\u00e7\u00e3o descobriu se tratar de um espa\u00e7o municipal.<\/span><\/p>\n<p>Os moradores solicitaram, ent\u00e3o, a cria\u00e7\u00e3o de uma pra\u00e7a no local, para dar ao terreno, por fim, um destino. A Pra\u00e7a da rua Barreto foi criada em 2019 e disp\u00f5e de uma \u00e1rea de lazer com verde, brinquedo para as crian\u00e7as e equipamentos de gin\u00e1sticas para a terceira idade.<\/p>\n<p>Essa \u00e9 a conduta que deve ser adotada nos casos em que h\u00e1 interesse de criar um novo espa\u00e7o de lazer e conviv\u00eancia no bairro. Ap\u00f3s consulta \u00e0 subprefeitura local, \u00e9 poss\u00edvel conhecer o hist\u00f3rico do terreno em quest\u00e3o e descobrir se ele \u00e9 eleg\u00edvel ou n\u00e3o para se tornar uma pra\u00e7a.<\/p>\n<div id=\"attachment_7647\" style=\"width: 1120px\" class=\"wp-caption alignnone\"><img loading=\"lazy\" decoding=\"async\" aria-describedby=\"caption-attachment-7647\" class=\"wp-image-7647 size-large\" src=\"https:\/\/expresso.estadao.com.br\/sao-paulo\/wp-content\/uploads\/2023\/11\/WhatsApp-Image-2023-11-08-at-17.39.01-1110x833.jpeg\" alt=\"\" width=\"1110\" height=\"833\" srcset=\"https:\/\/expresso.estadao.com.br\/sao-paulo\/wp-content\/uploads\/2023\/11\/WhatsApp-Image-2023-11-08-at-17.39.01-1110x833.jpeg 1110w, https:\/\/expresso.estadao.com.br\/sao-paulo\/wp-content\/uploads\/2023\/11\/WhatsApp-Image-2023-11-08-at-17.39.01-400x300.jpeg 400w, https:\/\/expresso.estadao.com.br\/sao-paulo\/wp-content\/uploads\/2023\/11\/WhatsApp-Image-2023-11-08-at-17.39.01-768x576.jpeg 768w, https:\/\/expresso.estadao.com.br\/sao-paulo\/wp-content\/uploads\/2023\/11\/WhatsApp-Image-2023-11-08-at-17.39.01-1536x1152.jpeg 1536w, https:\/\/expresso.estadao.com.br\/sao-paulo\/wp-content\/uploads\/2023\/11\/WhatsApp-Image-2023-11-08-at-17.39.01.jpeg 1600w\" sizes=\"auto, (max-width: 1110px) 100vw, 1110px\" \/><p id=\"caption-attachment-7647\" class=\"wp-caption-text\">Foto: Ira Rom\u00e3o\/Prefeitura SP\/Divulga\u00e7\u00e3o<\/p><\/div>\n<p>&nbsp;<\/p>\n<p>Na divis\u00e3o dos loteamentos que comp\u00f5em a cidade de S\u00e3o Paulo, h\u00e1 espa\u00e7os predefinidos para a cria\u00e7\u00e3o de pra\u00e7as. De acordo com esse regimento, cada lote deve ter, no m\u00ednimo, 15% de \u00e1reas verdes, 5% de \u00e1reas institucionais e 20% de sistema vi\u00e1rio.<\/p>\n<p><strong>Solicitando a cria\u00e7\u00e3o de uma pra\u00e7a<\/strong><\/p>\n<p>A partir da solicita\u00e7\u00e3o realizada pelos moradores, a subprefeitura vai abrir um processo administrativo, coletar os dados necess\u00e1rios e submet\u00ea-los \u00e0 Coordenadoria de Gest\u00e3o do Patrim\u00f4nio (Cgpatri). A Cgpatri far\u00e1 a consulta sobre qual tipo de destina\u00e7\u00e3o tem o espa\u00e7o solicitado pelo mun\u00edcipe para a cria\u00e7\u00e3o da pra\u00e7a.<\/p>\n<p>Uma vez que o local n\u00e3o tenha uma destina\u00e7\u00e3o diferente do uso que est\u00e1 sendo pleiteado, ou seja, n\u00e3o esteja destinado \u00e0 sa\u00fade, esporte, educa\u00e7\u00e3o ou outra pasta p\u00fablica, a solicita\u00e7\u00e3o ser\u00e1 aprovada de forma preliminar.<\/p>\n<p>Mas, ap\u00f3s a conclus\u00e3o do processo administrativo, o projeto deve ser enviado para aprecia\u00e7\u00e3o da C\u00e2mara Municipal. Caso seja novamente aprovado, a subprefeitura poder\u00e1, ent\u00e3o, executar a implanta\u00e7\u00e3o da pra\u00e7a.<\/p>\n<p>Para saber como contatar cada uma das subprefeituras, clique <a href=\"https:\/\/www.prefeitura.sp.gov.br\/cidade\/secretarias\/subprefeituras\/subprefeituras\/index.php?p=8978\">aqui<\/a><span style=\"font-weight: 400;\">.<\/span><\/p>\n","protected":false},"excerpt":{"rendered":"<p>No bairro Sol Nascente, que fica na regi\u00e3o norte da cidade, uma \u00e1rea da rua Barretos causava transtorno a moradores do entorno. O terreno era usado como estacionamento irregular e \u00e1rea de abandono de ve\u00edculos e, inclusive, carca\u00e7as de caminh\u00f5es. A situa\u00e7\u00e3o se estendeu por anos mas, recorrendo \u00e0 subprefeitura Perus, a popula\u00e7\u00e3o descobriu se [&hellip;]<\/p>\n","protected":false},"author":4,"featured_media":7645,"comment_status":"open","ping_status":"closed","sticky":false,"template":"","format":"standard","meta":{"_acf_changed":false,"_monsterinsights_skip_tracking":false,"_monsterinsights_sitenote_active":false,"_monsterinsights_sitenote_note":"","_monsterinsights_sitenote_category":0,"footnotes":""},"categories":[897],"tags":[105,52],"class_list":["post-7622","post","type-post","status-publish","format-standard","has-post-thumbnail","hentry","category-subprefeituras","tag-pracas","tag-prefeitura-de-sao-paulo"],"acf":[],"yoast_head":"<!-- This site is optimized with the Yoast SEO plugin v24.1 - https:\/\/yoast.com\/wordpress\/plugins\/seo\/ -->\n<title>Saiba como criar uma pra\u00e7a - Estad\u00e3o Expresso S\u00e3o Paulo<\/title>\n<meta name=\"description\" content=\"\u00c1reas eleg\u00edveis devem ser espa\u00e7os municipais sem destina\u00e7\u00e3o predefinida; entenda como funciona\" \/>\n<meta name=\"robots\" content=\"index, follow, max-snippet:-1, max-image-preview:large, max-video-preview:-1\" \/>\n<link rel=\"canonical\" href=\"https:\/\/expresso.estadao.com.br\/sao-paulo\/2023\/11\/28\/saiba-se-e-possivel-criar-uma-praca-em-seu-bairro\/\" \/>\n<meta property=\"og:locale\" content=\"pt_BR\" \/>\n<meta property=\"og:type\" content=\"article\" \/>\n<meta property=\"og:title\" content=\"Saiba como criar uma pra\u00e7a - Estad\u00e3o Expresso S\u00e3o Paulo\" \/>\n<meta property=\"og:description\" content=\"\u00c1reas eleg\u00edveis devem ser espa\u00e7os municipais sem destina\u00e7\u00e3o predefinida; entenda como funciona\" \/>\n<meta property=\"og:url\" content=\"https:\/\/expresso.estadao.com.br\/sao-paulo\/2023\/11\/28\/saiba-se-e-possivel-criar-uma-praca-em-seu-bairro\/\" \/>\n<meta property=\"og:site_name\" content=\"Estad\u00e3o Expresso S\u00e3o Paulo\" \/>\n<meta property=\"article:published_time\" content=\"2023-11-28T23:29:08+00:00\" \/>\n<meta property=\"article:modified_time\" content=\"2023-11-29T12:05:46+00:00\" \/>\n<meta property=\"og:image\" content=\"https:\/\/expresso.estadao.com.br\/sao-paulo\/wp-content\/uploads\/2023\/11\/WhatsApp-Image-2023-11-08-at-17.39.00.jpeg\" \/>\n\t<meta property=\"og:image:type\" content=\"image\/jpeg\" \/>\n<meta name=\"author\" content=\"fabio_bairros\" \/>\n<meta name=\"twitter:card\" content=\"summary_large_image\" \/>\n<meta name=\"twitter:label1\" content=\"Escrito por\" \/>\n\t<meta name=\"twitter:data1\" content=\"fabio_bairros\" \/>\n\t<meta name=\"twitter:label2\" content=\"Est. tempo de leitura\" \/>\n\t<meta name=\"twitter:data2\" content=\"3 minutos\" \/>\n<script type=\"application\/ld+json\" class=\"yoast-schema-graph\">{\"@context\":\"https:\/\/schema.org\",\"@graph\":[{\"@type\":\"WebPage\",\"@id\":\"https:\/\/expresso.estadao.com.br\/sao-paulo\/2023\/11\/28\/saiba-se-e-possivel-criar-uma-praca-em-seu-bairro\/\",\"url\":\"https:\/\/expresso.estadao.com.br\/sao-paulo\/2023\/11\/28\/saiba-se-e-possivel-criar-uma-praca-em-seu-bairro\/\",\"name\":\"Saiba como criar uma pra\u00e7a - Estad\u00e3o Expresso S\u00e3o Paulo\",\"isPartOf\":{\"@id\":\"https:\/\/expresso.estadao.com.br\/sao-paulo\/#website\"},\"primaryImageOfPage\":{\"@id\":\"https:\/\/expresso.estadao.com.br\/sao-paulo\/2023\/11\/28\/saiba-se-e-possivel-criar-uma-praca-em-seu-bairro\/#primaryimage\"},\"image\":{\"@id\":\"https:\/\/expresso.estadao.com.br\/sao-paulo\/2023\/11\/28\/saiba-se-e-possivel-criar-uma-praca-em-seu-bairro\/#primaryimage\"},\"thumbnailUrl\":\"https:\/\/expresso.estadao.com.br\/sao-paulo\/wp-content\/uploads\/2023\/11\/WhatsApp-Image-2023-11-08-at-17.39.00.jpeg\",\"datePublished\":\"2023-11-28T23:29:08+00:00\",\"dateModified\":\"2023-11-29T12:05:46+00:00\",\"author\":{\"@id\":\"https:\/\/expresso.estadao.com.br\/sao-paulo\/#\/schema\/person\/f45f9e313ba8cbe5af9424f387ddef42\"},\"description\":\"\u00c1reas eleg\u00edveis devem ser espa\u00e7os municipais sem destina\u00e7\u00e3o predefinida; entenda como funciona\",\"breadcrumb\":{\"@id\":\"https:\/\/expresso.estadao.com.br\/sao-paulo\/2023\/11\/28\/saiba-se-e-possivel-criar-uma-praca-em-seu-bairro\/#breadcrumb\"},\"inLanguage\":\"pt-BR\",\"potentialAction\":[{\"@type\":\"ReadAction\",\"target\":[\"https:\/\/expresso.estadao.com.br\/sao-paulo\/2023\/11\/28\/saiba-se-e-possivel-criar-uma-praca-em-seu-bairro\/\"]}]},{\"@type\":\"ImageObject\",\"inLanguage\":\"pt-BR\",\"@id\":\"https:\/\/expresso.estadao.com.br\/sao-paulo\/2023\/11\/28\/saiba-se-e-possivel-criar-uma-praca-em-seu-bairro\/#primaryimage\",\"url\":\"https:\/\/expresso.estadao.com.br\/sao-paulo\/wp-content\/uploads\/2023\/11\/WhatsApp-Image-2023-11-08-at-17.39.00.jpeg\",\"contentUrl\":\"https:\/\/expresso.estadao.com.br\/sao-paulo\/wp-content\/uploads\/2023\/11\/WhatsApp-Image-2023-11-08-at-17.39.00.jpeg\",\"width\":1599,\"height\":1200,\"caption\":\"Pra\u00e7a da Rua Barretos, no Sol Nascente - Foto: Ira Rom\u00e3o\/Prefeitura SP\/Divulga\u00e7\u00e3o\u00a0\"},{\"@type\":\"BreadcrumbList\",\"@id\":\"https:\/\/expresso.estadao.com.br\/sao-paulo\/2023\/11\/28\/saiba-se-e-possivel-criar-uma-praca-em-seu-bairro\/#breadcrumb\",\"itemListElement\":[{\"@type\":\"ListItem\",\"position\":1,\"name\":\"In\u00edcio\",\"item\":\"https:\/\/expresso.estadao.com.br\/sao-paulo\/\"},{\"@type\":\"ListItem\",\"position\":2,\"name\":\"Saiba se \u00e9 poss\u00edvel criar uma pra\u00e7a em seu bairro\"}]},{\"@type\":\"WebSite\",\"@id\":\"https:\/\/expresso.estadao.com.br\/sao-paulo\/#website\",\"url\":\"https:\/\/expresso.estadao.com.br\/sao-paulo\/\",\"name\":\"Estad\u00e3o Expresso S\u00e3o Paulo\",\"description\":\"Conte\u00fado de presta\u00e7\u00e3o de servi\u00e7o para que os moradores da cidade de S\u00e3o Paulo possam se informar melhor e usar de maneira mais eficaz os servi\u00e7os p\u00fablicos municipais.\",\"potentialAction\":[{\"@type\":\"SearchAction\",\"target\":{\"@type\":\"EntryPoint\",\"urlTemplate\":\"https:\/\/expresso.estadao.com.br\/sao-paulo\/?s={search_term_string}\"},\"query-input\":{\"@type\":\"PropertyValueSpecification\",\"valueRequired\":true,\"valueName\":\"search_term_string\"}}],\"inLanguage\":\"pt-BR\"},{\"@type\":\"Person\",\"@id\":\"https:\/\/expresso.estadao.com.br\/sao-paulo\/#\/schema\/person\/f45f9e313ba8cbe5af9424f387ddef42\",\"name\":\"fabio_bairros\",\"image\":{\"@type\":\"ImageObject\",\"inLanguage\":\"pt-BR\",\"@id\":\"https:\/\/expresso.estadao.com.br\/sao-paulo\/#\/schema\/person\/image\/\",\"url\":\"https:\/\/secure.gravatar.com\/avatar\/fbecca90befcfda9505216ce0dc87261326cb6644deb5861e7ab404061c24246?s=96&d=mm&r=g\",\"contentUrl\":\"https:\/\/secure.gravatar.com\/avatar\/fbecca90befcfda9505216ce0dc87261326cb6644deb5861e7ab404061c24246?s=96&d=mm&r=g\",\"caption\":\"fabio_bairros\"}}]}<\/script>\n<!-- \/ Yoast SEO plugin. -->","yoast_head_json":{"title":"Saiba como criar uma pra\u00e7a - Estad\u00e3o Expresso S\u00e3o Paulo","description":"\u00c1reas eleg\u00edveis devem ser espa\u00e7os municipais sem destina\u00e7\u00e3o predefinida; entenda como funciona","robots":{"index":"index","follow":"follow","max-snippet":"max-snippet:-1","max-image-preview":"max-image-preview:large","max-video-preview":"max-video-preview:-1"},"canonical":"https:\/\/expresso.estadao.com.br\/sao-paulo\/2023\/11\/28\/saiba-se-e-possivel-criar-uma-praca-em-seu-bairro\/","og_locale":"pt_BR","og_type":"article","og_title":"Saiba como criar uma pra\u00e7a - Estad\u00e3o Expresso S\u00e3o Paulo","og_description":"\u00c1reas eleg\u00edveis devem ser espa\u00e7os municipais sem destina\u00e7\u00e3o predefinida; entenda como funciona","og_url":"https:\/\/expresso.estadao.com.br\/sao-paulo\/2023\/11\/28\/saiba-se-e-possivel-criar-uma-praca-em-seu-bairro\/","og_site_name":"Estad\u00e3o Expresso S\u00e3o Paulo","article_published_time":"2023-11-28T23:29:08+00:00","article_modified_time":"2023-11-29T12:05:46+00:00","og_image":[{"width":"","height":"","url":"https:\/\/expresso.estadao.com.br\/sao-paulo\/wp-content\/uploads\/2023\/11\/WhatsApp-Image-2023-11-08-at-17.39.00.jpeg","type":"image\/jpeg"}],"author":"fabio_bairros","twitter_card":"summary_large_image","twitter_misc":{"Escrito por":"fabio_bairros","Est. tempo de leitura":"3 minutos"},"schema":{"@context":"https:\/\/schema.org","@graph":[{"@type":"WebPage","@id":"https:\/\/expresso.estadao.com.br\/sao-paulo\/2023\/11\/28\/saiba-se-e-possivel-criar-uma-praca-em-seu-bairro\/","url":"https:\/\/expresso.estadao.com.br\/sao-paulo\/2023\/11\/28\/saiba-se-e-possivel-criar-uma-praca-em-seu-bairro\/","name":"Saiba como criar uma pra\u00e7a - Estad\u00e3o Expresso S\u00e3o Paulo","isPartOf":{"@id":"https:\/\/expresso.estadao.com.br\/sao-paulo\/#website"},"primaryImageOfPage":{"@id":"https:\/\/expresso.estadao.com.br\/sao-paulo\/2023\/11\/28\/saiba-se-e-possivel-criar-uma-praca-em-seu-bairro\/#primaryimage"},"image":{"@id":"https:\/\/expresso.estadao.com.br\/sao-paulo\/2023\/11\/28\/saiba-se-e-possivel-criar-uma-praca-em-seu-bairro\/#primaryimage"},"thumbnailUrl":"https:\/\/expresso.estadao.com.br\/sao-paulo\/wp-content\/uploads\/2023\/11\/WhatsApp-Image-2023-11-08-at-17.39.00.jpeg","datePublished":"2023-11-28T23:29:08+00:00","dateModified":"2023-11-29T12:05:46+00:00","author":{"@id":"https:\/\/expresso.estadao.com.br\/sao-paulo\/#\/schema\/person\/f45f9e313ba8cbe5af9424f387ddef42"},"description":"\u00c1reas eleg\u00edveis devem ser espa\u00e7os municipais sem destina\u00e7\u00e3o predefinida; entenda como funciona","breadcrumb":{"@id":"https:\/\/expresso.estadao.com.br\/sao-paulo\/2023\/11\/28\/saiba-se-e-possivel-criar-uma-praca-em-seu-bairro\/#breadcrumb"},"inLanguage":"pt-BR","potentialAction":[{"@type":"ReadAction","target":["https:\/\/expresso.estadao.com.br\/sao-paulo\/2023\/11\/28\/saiba-se-e-possivel-criar-uma-praca-em-seu-bairro\/"]}]},{"@type":"ImageObject","inLanguage":"pt-BR","@id":"https:\/\/expresso.estadao.com.br\/sao-paulo\/2023\/11\/28\/saiba-se-e-possivel-criar-uma-praca-em-seu-bairro\/#primaryimage","url":"https:\/\/expresso.estadao.com.br\/sao-paulo\/wp-content\/uploads\/2023\/11\/WhatsApp-Image-2023-11-08-at-17.39.00.jpeg","contentUrl":"https:\/\/expresso.estadao.com.br\/sao-paulo\/wp-content\/uploads\/2023\/11\/WhatsApp-Image-2023-11-08-at-17.39.00.jpeg","width":1599,"height":1200,"caption":"Pra\u00e7a da Rua Barretos, no Sol Nascente - Foto: Ira Rom\u00e3o\/Prefeitura SP\/Divulga\u00e7\u00e3o\u00a0"},{"@type":"BreadcrumbList","@id":"https:\/\/expresso.estadao.com.br\/sao-paulo\/2023\/11\/28\/saiba-se-e-possivel-criar-uma-praca-em-seu-bairro\/#breadcrumb","itemListElement":[{"@type":"ListItem","position":1,"name":"In\u00edcio","item":"https:\/\/expresso.estadao.com.br\/sao-paulo\/"},{"@type":"ListItem","position":2,"name":"Saiba se \u00e9 poss\u00edvel criar uma pra\u00e7a em seu bairro"}]},{"@type":"WebSite","@id":"https:\/\/expresso.estadao.com.br\/sao-paulo\/#website","url":"https:\/\/expresso.estadao.com.br\/sao-paulo\/","name":"Estad\u00e3o Expresso S\u00e3o Paulo","description":"Conte\u00fado de presta\u00e7\u00e3o de servi\u00e7o para que os moradores da cidade de S\u00e3o Paulo possam se informar melhor e usar de maneira mais eficaz os servi\u00e7os p\u00fablicos municipais.","potentialAction":[{"@type":"SearchAction","target":{"@type":"EntryPoint","urlTemplate":"https:\/\/expresso.estadao.com.br\/sao-paulo\/?s={search_term_string}"},"query-input":{"@type":"PropertyValueSpecification","valueRequired":true,"valueName":"search_term_string"}}],"inLanguage":"pt-BR"},{"@type":"Person","@id":"https:\/\/expresso.estadao.com.br\/sao-paulo\/#\/schema\/person\/f45f9e313ba8cbe5af9424f387ddef42","name":"fabio_bairros","image":{"@type":"ImageObject","inLanguage":"pt-BR","@id":"https:\/\/expresso.estadao.com.br\/sao-paulo\/#\/schema\/person\/image\/","url":"https:\/\/secure.gravatar.com\/avatar\/fbecca90befcfda9505216ce0dc87261326cb6644deb5861e7ab404061c24246?s=96&d=mm&r=g","contentUrl":"https:\/\/secure.gravatar.com\/avatar\/fbecca90befcfda9505216ce0dc87261326cb6644deb5861e7ab404061c24246?s=96&d=mm&r=g","caption":"fabio_bairros"}}]}},"_links":{"self":[{"href":"https:\/\/expresso.estadao.com.br\/sao-paulo\/wp-json\/wp\/v2\/posts\/7622","targetHints":{"allow":["GET"]}}],"collection":[{"href":"https:\/\/expresso.estadao.com.br\/sao-paulo\/wp-json\/wp\/v2\/posts"}],"about":[{"href":"https:\/\/expresso.estadao.com.br\/sao-paulo\/wp-json\/wp\/v2\/types\/post"}],"author":[{"embeddable":true,"href":"https:\/\/expresso.estadao.com.br\/sao-paulo\/wp-json\/wp\/v2\/users\/4"}],"replies":[{"embeddable":true,"href":"https:\/\/expresso.estadao.com.br\/sao-paulo\/wp-json\/wp\/v2\/comments?post=7622"}],"version-history":[{"count":6,"href":"https:\/\/expresso.estadao.com.br\/sao-paulo\/wp-json\/wp\/v2\/posts\/7622\/revisions"}],"predecessor-version":[{"id":7659,"href":"https:\/\/expresso.estadao.com.br\/sao-paulo\/wp-json\/wp\/v2\/posts\/7622\/revisions\/7659"}],"wp:featuredmedia":[{"embeddable":true,"href":"https:\/\/expresso.estadao.com.br\/sao-paulo\/wp-json\/wp\/v2\/media\/7645"}],"wp:attachment":[{"href":"https:\/\/expresso.estadao.com.br\/sao-paulo\/wp-json\/wp\/v2\/media?parent=7622"}],"wp:term":[{"taxonomy":"category","embeddable":true,"href":"https:\/\/expresso.estadao.com.br\/sao-paulo\/wp-json\/wp\/v2\/categories?post=7622"},{"taxonomy":"post_tag","embeddable":true,"href":"https:\/\/expresso.estadao.com.br\/sao-paulo\/wp-json\/wp\/v2\/tags?post=7622"}],"curies":[{"name":"wp","href":"https:\/\/api.w.org\/{rel}","templated":true}]}}