{"id":8518,"date":"2024-02-06T15:31:16","date_gmt":"2024-02-06T18:31:16","guid":{"rendered":"https:\/\/expresso.estadao.com.br\/sao-paulo\/?p=8518"},"modified":"2024-02-06T18:05:56","modified_gmt":"2024-02-06T21:05:56","slug":"samba-com-as-maos-faz-do-carnaval-uma-festa-de-inclusao","status":"publish","type":"post","link":"https:\/\/expresso.estadao.com.br\/sao-paulo\/2024\/02\/06\/samba-com-as-maos-faz-do-carnaval-uma-festa-de-inclusao\/","title":{"rendered":"Samba com as M\u00e3os faz do Carnaval uma festa de inclus\u00e3o em S\u00e3o Paulo"},"content":{"rendered":"<p>Com homenagem \u00e0s 22 escolas de samba paulistanas parceiras da inclus\u00e3o e show da banda de pagode Inimigos da HP, a 8\u00aa edi\u00e7\u00e3o do projeto Samba com as M\u00e3os, que traduz em libras os sambas-enredo de agremia\u00e7\u00f5es da capital, foi lan\u00e7ada pela Prefeitura de S\u00e3o Paulo nesta segunda-feira (5).<\/p>\n<p>Em clima de pr\u00e9-Carnaval, o evento realizado na Pra\u00e7a das Artes, no Centro Hist\u00f3rico da capital, reuniu cerca de 800 pessoas &#8211; p\u00fablico formado por participantes de cinco institui\u00e7\u00f5es de pessoas com defici\u00eancia e de alas das escolas de samba.<\/p>\n<p>Uma cabine de audiodescri\u00e7\u00e3o, recurso de acessibilidade destinado \u00e0s pessoas com defici\u00eancia visual e cegas, e int\u00e9rpretes da linguagem dos sinais ajudaram no acompanhamento dos shows.<\/p>\n<p>Criada pela Secretaria Municipal da Pessoa com Defici\u00eancia (SMPED), em parceria com a Liga das Escolas de Samba de S\u00e3o Paulo (Liga-SP), a iniciativa disponibiliza v\u00eddeos com a interpreta\u00e7\u00e3o em Libras dos sambas-enredo das escolas do Grupo Especial e, desde o Carnaval passado, tamb\u00e9m do Grupo de Acesso 1.<\/p>\n<p>As grava\u00e7\u00f5es dos 22 sambas interpretados foram realizadas em dezembro, na F\u00e1brica do Samba. Com o apoio de integrantes das agremia\u00e7\u00f5es, int\u00e9rpretes de Libras e surdos, eles ser\u00e3o disponibilizadas nas redes sociais da SMPED, respeitando a ordem dos desfiles no Samb\u00f3dromo, nos dias 9, 10 e 11 de fevereiro.<\/p>\n<p>O objetivo \u00e9 que at\u00e9 o dia dos desfiles a comunidade tenha acesso a todos os conte\u00fados.<\/p>\n\n\t\t<style type=\"text\/css\">\n\t\t\t#gallery-1 {\n\t\t\t\tmargin: auto;\n\t\t\t}\n\t\t\t#gallery-1 .gallery-item {\n\t\t\t\tfloat: left;\n\t\t\t\tmargin-top: 10px;\n\t\t\t\ttext-align: center;\n\t\t\t\twidth: 50%;\n\t\t\t}\n\t\t\t#gallery-1 img {\n\t\t\t\tborder: 2px solid #cfcfcf;\n\t\t\t}\n\t\t\t#gallery-1 .gallery-caption {\n\t\t\t\tmargin-left: 0;\n\t\t\t}\n\t\t\t\/* see gallery_shortcode() in wp-includes\/media.php *\/\n\t\t<\/style>\n\t\t<div id='gallery-1' class='gallery galleryid-8518 gallery-columns-2 gallery-size-full'><dl class='gallery-item'>\n\t\t\t<dt class='gallery-icon landscape'>\n\t\t\t\t<a href='https:\/\/expresso.estadao.com.br\/sao-paulo\/dengue-35\/'><img loading=\"lazy\" decoding=\"async\" width=\"1690\" height=\"1127\" src=\"https:\/\/expresso.estadao.com.br\/sao-paulo\/wp-content\/uploads\/2024\/02\/dengue-35.jpg\" class=\"attachment-full size-full\" alt=\"\" aria-describedby=\"gallery-1-8504\" srcset=\"https:\/\/expresso.estadao.com.br\/sao-paulo\/wp-content\/uploads\/2024\/02\/dengue-35.jpg 1690w, https:\/\/expresso.estadao.com.br\/sao-paulo\/wp-content\/uploads\/2024\/02\/dengue-35-450x300.jpg 450w, https:\/\/expresso.estadao.com.br\/sao-paulo\/wp-content\/uploads\/2024\/02\/dengue-35-1110x740.jpg 1110w, https:\/\/expresso.estadao.com.br\/sao-paulo\/wp-content\/uploads\/2024\/02\/dengue-35-768x512.jpg 768w, https:\/\/expresso.estadao.com.br\/sao-paulo\/wp-content\/uploads\/2024\/02\/dengue-35-1536x1024.jpg 1536w\" sizes=\"auto, (max-width: 1690px) 100vw, 1690px\" \/><\/a>\n\t\t\t<\/dt>\n\t\t\t\t<dd class='wp-caption-text gallery-caption' id='gallery-1-8504'>\n\t\t\t\tRitmista cego da Bateria Inclusiva\n\t\t\t\t<\/dd><\/dl><dl class='gallery-item'>\n\t\t\t<dt class='gallery-icon landscape'>\n\t\t\t\t<a href='https:\/\/expresso.estadao.com.br\/sao-paulo\/dengue-37\/'><img loading=\"lazy\" decoding=\"async\" width=\"1690\" height=\"1127\" src=\"https:\/\/expresso.estadao.com.br\/sao-paulo\/wp-content\/uploads\/2024\/02\/dengue-37.jpg\" class=\"attachment-full size-full\" alt=\"\" aria-describedby=\"gallery-1-8506\" srcset=\"https:\/\/expresso.estadao.com.br\/sao-paulo\/wp-content\/uploads\/2024\/02\/dengue-37.jpg 1690w, https:\/\/expresso.estadao.com.br\/sao-paulo\/wp-content\/uploads\/2024\/02\/dengue-37-450x300.jpg 450w, https:\/\/expresso.estadao.com.br\/sao-paulo\/wp-content\/uploads\/2024\/02\/dengue-37-1110x740.jpg 1110w, https:\/\/expresso.estadao.com.br\/sao-paulo\/wp-content\/uploads\/2024\/02\/dengue-37-768x512.jpg 768w, https:\/\/expresso.estadao.com.br\/sao-paulo\/wp-content\/uploads\/2024\/02\/dengue-37-1536x1024.jpg 1536w\" sizes=\"auto, (max-width: 1690px) 100vw, 1690px\" \/><\/a>\n\t\t\t<\/dt>\n\t\t\t\t<dd class='wp-caption-text gallery-caption' id='gallery-1-8506'>\n\t\t\t\tPassista \n\t\t\t\t<\/dd><\/dl><br style=\"clear: both\" \/><dl class='gallery-item'>\n\t\t\t<dt class='gallery-icon landscape'>\n\t\t\t\t<a href='https:\/\/expresso.estadao.com.br\/sao-paulo\/dengue-36\/'><img loading=\"lazy\" decoding=\"async\" width=\"1690\" height=\"1127\" src=\"https:\/\/expresso.estadao.com.br\/sao-paulo\/wp-content\/uploads\/2024\/02\/dengue-36.jpg\" class=\"attachment-full size-full\" alt=\"\" aria-describedby=\"gallery-1-8505\" srcset=\"https:\/\/expresso.estadao.com.br\/sao-paulo\/wp-content\/uploads\/2024\/02\/dengue-36.jpg 1690w, https:\/\/expresso.estadao.com.br\/sao-paulo\/wp-content\/uploads\/2024\/02\/dengue-36-450x300.jpg 450w, https:\/\/expresso.estadao.com.br\/sao-paulo\/wp-content\/uploads\/2024\/02\/dengue-36-1110x740.jpg 1110w, https:\/\/expresso.estadao.com.br\/sao-paulo\/wp-content\/uploads\/2024\/02\/dengue-36-768x512.jpg 768w, https:\/\/expresso.estadao.com.br\/sao-paulo\/wp-content\/uploads\/2024\/02\/dengue-36-1536x1024.jpg 1536w\" sizes=\"auto, (max-width: 1690px) 100vw, 1690px\" \/><\/a>\n\t\t\t<\/dt>\n\t\t\t\t<dd class='wp-caption-text gallery-caption' id='gallery-1-8505'>\n\t\t\t\tIntegrantes da ala das baianas de escolas de SP\n\t\t\t\t<\/dd><\/dl><dl class='gallery-item'>\n\t\t\t<dt class='gallery-icon landscape'>\n\t\t\t\t<a href='https:\/\/expresso.estadao.com.br\/sao-paulo\/dengue-33\/'><img loading=\"lazy\" decoding=\"async\" width=\"1690\" height=\"1127\" src=\"https:\/\/expresso.estadao.com.br\/sao-paulo\/wp-content\/uploads\/2024\/02\/dengue-33.jpg\" class=\"attachment-full size-full\" alt=\"\" aria-describedby=\"gallery-1-8503\" srcset=\"https:\/\/expresso.estadao.com.br\/sao-paulo\/wp-content\/uploads\/2024\/02\/dengue-33.jpg 1690w, https:\/\/expresso.estadao.com.br\/sao-paulo\/wp-content\/uploads\/2024\/02\/dengue-33-450x300.jpg 450w, https:\/\/expresso.estadao.com.br\/sao-paulo\/wp-content\/uploads\/2024\/02\/dengue-33-1110x740.jpg 1110w, https:\/\/expresso.estadao.com.br\/sao-paulo\/wp-content\/uploads\/2024\/02\/dengue-33-768x512.jpg 768w, https:\/\/expresso.estadao.com.br\/sao-paulo\/wp-content\/uploads\/2024\/02\/dengue-33-1536x1024.jpg 1536w\" sizes=\"auto, (max-width: 1690px) 100vw, 1690px\" \/><\/a>\n\t\t\t<\/dt>\n\t\t\t\t<dd class='wp-caption-text gallery-caption' id='gallery-1-8503'>\n\t\t\t\tRitmista da Bateria Inclusiva\n\t\t\t\t<\/dd><\/dl><br style=\"clear: both\" \/><dl class='gallery-item'>\n\t\t\t<dt class='gallery-icon landscape'>\n\t\t\t\t<a href='https:\/\/expresso.estadao.com.br\/sao-paulo\/dengue-39\/'><img loading=\"lazy\" decoding=\"async\" width=\"1690\" height=\"1127\" src=\"https:\/\/expresso.estadao.com.br\/sao-paulo\/wp-content\/uploads\/2024\/02\/dengue-39.jpg\" class=\"attachment-full size-full\" alt=\"\" aria-describedby=\"gallery-1-8508\" srcset=\"https:\/\/expresso.estadao.com.br\/sao-paulo\/wp-content\/uploads\/2024\/02\/dengue-39.jpg 1690w, https:\/\/expresso.estadao.com.br\/sao-paulo\/wp-content\/uploads\/2024\/02\/dengue-39-450x300.jpg 450w, https:\/\/expresso.estadao.com.br\/sao-paulo\/wp-content\/uploads\/2024\/02\/dengue-39-1110x740.jpg 1110w, https:\/\/expresso.estadao.com.br\/sao-paulo\/wp-content\/uploads\/2024\/02\/dengue-39-768x512.jpg 768w, https:\/\/expresso.estadao.com.br\/sao-paulo\/wp-content\/uploads\/2024\/02\/dengue-39-1536x1024.jpg 1536w\" sizes=\"auto, (max-width: 1690px) 100vw, 1690px\" \/><\/a>\n\t\t\t<\/dt>\n\t\t\t\t<dd class='wp-caption-text gallery-caption' id='gallery-1-8508'>\n\t\t\t\tInt\u00e9rprete de Libras\n\t\t\t\t<\/dd><\/dl><dl class='gallery-item'>\n\t\t\t<dt class='gallery-icon landscape'>\n\t\t\t\t<a href='https:\/\/expresso.estadao.com.br\/sao-paulo\/dengue-41\/'><img loading=\"lazy\" decoding=\"async\" width=\"1690\" height=\"1127\" src=\"https:\/\/expresso.estadao.com.br\/sao-paulo\/wp-content\/uploads\/2024\/02\/dengue-41.jpg\" class=\"attachment-full size-full\" alt=\"\" aria-describedby=\"gallery-1-8510\" srcset=\"https:\/\/expresso.estadao.com.br\/sao-paulo\/wp-content\/uploads\/2024\/02\/dengue-41.jpg 1690w, https:\/\/expresso.estadao.com.br\/sao-paulo\/wp-content\/uploads\/2024\/02\/dengue-41-450x300.jpg 450w, https:\/\/expresso.estadao.com.br\/sao-paulo\/wp-content\/uploads\/2024\/02\/dengue-41-1110x740.jpg 1110w, https:\/\/expresso.estadao.com.br\/sao-paulo\/wp-content\/uploads\/2024\/02\/dengue-41-768x512.jpg 768w, https:\/\/expresso.estadao.com.br\/sao-paulo\/wp-content\/uploads\/2024\/02\/dengue-41-1536x1024.jpg 1536w\" sizes=\"auto, (max-width: 1690px) 100vw, 1690px\" \/><\/a>\n\t\t\t<\/dt>\n\t\t\t\t<dd class='wp-caption-text gallery-caption' id='gallery-1-8510'>\n\t\t\t\tCarolina Santos, porta-estandarte da Bateria Inclusiva\n\t\t\t\t<\/dd><\/dl><br style=\"clear: both\" \/><dl class='gallery-item'>\n\t\t\t<dt class='gallery-icon landscape'>\n\t\t\t\t<a href='https:\/\/expresso.estadao.com.br\/sao-paulo\/dengue-38\/'><img loading=\"lazy\" decoding=\"async\" width=\"1690\" height=\"1127\" src=\"https:\/\/expresso.estadao.com.br\/sao-paulo\/wp-content\/uploads\/2024\/02\/dengue-38.jpg\" class=\"attachment-full size-full\" alt=\"\" aria-describedby=\"gallery-1-8507\" srcset=\"https:\/\/expresso.estadao.com.br\/sao-paulo\/wp-content\/uploads\/2024\/02\/dengue-38.jpg 1690w, https:\/\/expresso.estadao.com.br\/sao-paulo\/wp-content\/uploads\/2024\/02\/dengue-38-450x300.jpg 450w, https:\/\/expresso.estadao.com.br\/sao-paulo\/wp-content\/uploads\/2024\/02\/dengue-38-1110x740.jpg 1110w, https:\/\/expresso.estadao.com.br\/sao-paulo\/wp-content\/uploads\/2024\/02\/dengue-38-768x512.jpg 768w, https:\/\/expresso.estadao.com.br\/sao-paulo\/wp-content\/uploads\/2024\/02\/dengue-38-1536x1024.jpg 1536w\" sizes=\"auto, (max-width: 1690px) 100vw, 1690px\" \/><\/a>\n\t\t\t<\/dt>\n\t\t\t\t<dd class='wp-caption-text gallery-caption' id='gallery-1-8507'>\n\t\t\t\tIntegrantes da ala das baianas assistem ao show\n\t\t\t\t<\/dd><\/dl><dl class='gallery-item'>\n\t\t\t<dt class='gallery-icon landscape'>\n\t\t\t\t<a href='https:\/\/expresso.estadao.com.br\/sao-paulo\/dengue-28\/'><img loading=\"lazy\" decoding=\"async\" width=\"1690\" height=\"1127\" src=\"https:\/\/expresso.estadao.com.br\/sao-paulo\/wp-content\/uploads\/2024\/02\/dengue-28.jpg\" class=\"attachment-full size-full\" alt=\"\" aria-describedby=\"gallery-1-8501\" srcset=\"https:\/\/expresso.estadao.com.br\/sao-paulo\/wp-content\/uploads\/2024\/02\/dengue-28.jpg 1690w, https:\/\/expresso.estadao.com.br\/sao-paulo\/wp-content\/uploads\/2024\/02\/dengue-28-450x300.jpg 450w, https:\/\/expresso.estadao.com.br\/sao-paulo\/wp-content\/uploads\/2024\/02\/dengue-28-1110x740.jpg 1110w, https:\/\/expresso.estadao.com.br\/sao-paulo\/wp-content\/uploads\/2024\/02\/dengue-28-768x512.jpg 768w, https:\/\/expresso.estadao.com.br\/sao-paulo\/wp-content\/uploads\/2024\/02\/dengue-28-1536x1024.jpg 1536w\" sizes=\"auto, (max-width: 1690px) 100vw, 1690px\" \/><\/a>\n\t\t\t<\/dt>\n\t\t\t\t<dd class='wp-caption-text gallery-caption' id='gallery-1-8501'>\n\t\t\t\tNataly Lopes Andrade de Paulo\n\t\t\t\t<\/dd><\/dl><br style=\"clear: both\" \/>\n\t\t<\/div>\n\n<p><strong>Bateria Inclusiva<\/strong><\/p>\n<p>O principal destaque da noite foi o desfile da Bateria Inclusiva, composta por mestre, dez ritmistas, cantor, passistas e porta-estandarte, todos portadores de alguma defici\u00eancia. Alguns integrantes j\u00e1 participam do Carnaval de S\u00e3o Paulo em diversas agremia\u00e7\u00f5es. O grupo completo, no entanto, estreou em novembro de 2023 na Casa Brasil prestigiando atletas durante os Jogos Paral\u00edmpicos de Santiago, no Chile.<\/p>\n<p><strong>Nataly<\/strong><\/p>\n<p>A pr\u00f3xima agenda da Bateria Inclusiva ser\u00e1 no Desfile das Campe\u00e3s, no Samb\u00f3dromo do Anhembi, onde, de salto alto e cadeira de rodas, a estudante<strong> Nataly Lopes Andrade de Paulo<\/strong>, aos 17 anos, vai desfilar mais uma vez. Um grave doen\u00e7a come\u00e7ou a limitar seus movimentos quando tinha 10 anos, mas o apoio dos programas do munic\u00edpio permitiram a realiza\u00e7\u00e3o do sonho de curtir o samba na avenida. H\u00e1 oito anos ela desfila na Barroca Zona Sul, na Unidos de S\u00e3o Lucas e na Ra\u00edzes de Vila Prudente, onde \u00e9 passista.<\/p>\n<p><strong>Mel<\/strong><\/p>\n<p>Na ponta dos p\u00e9s, a bailarina cl\u00e1ssica <strong>Mel Reis<\/strong>, aos 39 anos, far\u00e1 seu primeiro desfile na passarela do samba.\u00a0Em 2002, ela sofreu um acidente de moto e lutou durante 13 anos e 39 cirurgias para n\u00e3o perder a perna direta. Em 2016, veio a amputa\u00e7\u00e3o. Mas uma pr\u00f3tese com sapatilha de ponta a manteve na dan\u00e7a e, no ano passado, ajudou a transform\u00e1-la em rainha da Bateria Inclusiva.<\/p>\n<p><strong>Carolina<\/strong><\/p>\n<p>Carregando o estandarte da bateria, <strong>Carolina Santos<\/strong> leva a bandeira da inclus\u00e3o desde que nasceu, h\u00e1 45 anos, com uma defici\u00eancia rara que causa a aus\u00eancia de bra\u00e7os e pernas. Desde um ano de vida, ela usa pr\u00f3teses nas pernas e desde a inf\u00e2ncia sempre esteve envolvida com o mundo das artes. O Carnaval entrou definitivamente em sua vida em 2019, quando o recebeu o convite do Bloco do Fico para se tornar porta-estandarte e desfilar pelo bairro do Ipiranga.<\/p>\n<blockquote><p>\u201cSaber que a gente pode ocupar todos os espa\u00e7os de forma leve, inclusiva e, principalmente, com alegria \u00e9 bom demais\u201d, define Carol.<\/p><\/blockquote>\n<p><strong>Ricardo<\/strong><\/p>\n<p>Com defici\u00eancia auditiva, o repositor <strong>Ricardo Rodrigues Santos<\/strong>, 30 anos, n\u00e3o esconde a emo\u00e7\u00e3o de poder tocar justamente o surdo, instrumento que marca o tempo musical na bateria. Com a ajuda de um int\u00e9rprete de libras, ele conta que, incentivado pelo pai, toca v\u00e1rios instrumentos desde os 4 anos, quando come\u00e7ou a perder a audi\u00e7\u00e3o do ouvido direito. Hoje ele ouve muito pouco com o esquerdo. Desde 2010, integra da bateria da Vale Encantado e este ano desfila pela Terceiro Mil\u00eanio. Via int\u00e9rprete, ele comenta que a Bateria Inclusiva lhe d\u00e1 voz. No meio de 200 ritmistas, ele \u00e9 apenas mais um. Questionado sobre o que sente quando toca ele sorri, gesticula e bate no peito: \u201cN\u00e3o tem como explicar, \u00e9 uma vibra\u00e7\u00e3o contagiante\u201d. Os gestos dispensam tradu\u00e7\u00e3o.<\/p>\n<p>&nbsp;<\/p>\n<h5><strong>Luly Zonta<\/strong><\/h5>\n","protected":false},"excerpt":{"rendered":"<p>Com homenagem \u00e0s 22 escolas de samba paulistanas parceiras da inclus\u00e3o e show da banda de pagode Inimigos da HP, a 8\u00aa edi\u00e7\u00e3o do projeto Samba com as M\u00e3os, que traduz em libras os sambas-enredo de agremia\u00e7\u00f5es da capital, foi lan\u00e7ada pela Prefeitura de S\u00e3o Paulo nesta segunda-feira (5). Em clima de pr\u00e9-Carnaval, o evento [&hellip;]<\/p>\n","protected":false},"author":4,"featured_media":8502,"comment_status":"open","ping_status":"closed","sticky":false,"template":"","format":"standard","meta":{"_acf_changed":false,"_monsterinsights_skip_tracking":false,"_monsterinsights_sitenote_active":false,"_monsterinsights_sitenote_note":"","_monsterinsights_sitenote_category":0,"footnotes":""},"categories":[757],"tags":[126,1030,52,1029],"class_list":["post-8518","post","type-post","status-publish","format-standard","has-post-thumbnail","hentry","category-pessoa-com-deficiencia","tag-carnaval","tag-portador-de-deficiencia","tag-prefeitura-de-sao-paulo","tag-samba-com-as-maos"],"acf":[],"yoast_head":"<!-- This site is optimized with the Yoast SEO plugin v24.1 - https:\/\/yoast.com\/wordpress\/plugins\/seo\/ -->\n<title>Samba com as M\u00e3os - Estad\u00e3o Expresso S\u00e3o Paulo<\/title>\n<meta name=\"description\" content=\"Prefeitura de S\u00e3o Paulo lan\u00e7a nova edi\u00e7\u00e3o de projeto voltado \u00e0 comunidade surda e apresenta a Bateria Inclusiva\" \/>\n<meta name=\"robots\" content=\"index, follow, max-snippet:-1, max-image-preview:large, max-video-preview:-1\" \/>\n<link rel=\"canonical\" href=\"https:\/\/expresso.estadao.com.br\/sao-paulo\/2024\/02\/06\/samba-com-as-maos-faz-do-carnaval-uma-festa-de-inclusao\/\" \/>\n<meta property=\"og:locale\" content=\"pt_BR\" \/>\n<meta property=\"og:type\" content=\"article\" \/>\n<meta property=\"og:title\" content=\"Samba com as M\u00e3os - Estad\u00e3o Expresso S\u00e3o Paulo\" \/>\n<meta property=\"og:description\" content=\"Prefeitura de S\u00e3o Paulo lan\u00e7a nova edi\u00e7\u00e3o de projeto voltado \u00e0 comunidade surda e apresenta a Bateria Inclusiva\" \/>\n<meta property=\"og:url\" content=\"https:\/\/expresso.estadao.com.br\/sao-paulo\/2024\/02\/06\/samba-com-as-maos-faz-do-carnaval-uma-festa-de-inclusao\/\" \/>\n<meta property=\"og:site_name\" content=\"Estad\u00e3o Expresso S\u00e3o Paulo\" \/>\n<meta property=\"article:published_time\" content=\"2024-02-06T18:31:16+00:00\" \/>\n<meta property=\"article:modified_time\" content=\"2024-02-06T21:05:56+00:00\" \/>\n<meta property=\"og:image\" content=\"https:\/\/expresso.estadao.com.br\/sao-paulo\/wp-content\/uploads\/2024\/02\/dengue-32.jpg\" \/>\n\t<meta property=\"og:image:type\" content=\"image\/jpeg\" \/>\n<meta name=\"author\" content=\"fabio_bairros\" \/>\n<meta name=\"twitter:card\" content=\"summary_large_image\" \/>\n<meta name=\"twitter:label1\" content=\"Escrito por\" \/>\n\t<meta name=\"twitter:data1\" content=\"fabio_bairros\" \/>\n\t<meta name=\"twitter:label2\" content=\"Est. tempo de leitura\" \/>\n\t<meta name=\"twitter:data2\" content=\"4 minutos\" \/>\n<script type=\"application\/ld+json\" class=\"yoast-schema-graph\">{\"@context\":\"https:\/\/schema.org\",\"@graph\":[{\"@type\":\"WebPage\",\"@id\":\"https:\/\/expresso.estadao.com.br\/sao-paulo\/2024\/02\/06\/samba-com-as-maos-faz-do-carnaval-uma-festa-de-inclusao\/\",\"url\":\"https:\/\/expresso.estadao.com.br\/sao-paulo\/2024\/02\/06\/samba-com-as-maos-faz-do-carnaval-uma-festa-de-inclusao\/\",\"name\":\"Samba com as M\u00e3os - Estad\u00e3o Expresso S\u00e3o Paulo\",\"isPartOf\":{\"@id\":\"https:\/\/expresso.estadao.com.br\/sao-paulo\/#website\"},\"primaryImageOfPage\":{\"@id\":\"https:\/\/expresso.estadao.com.br\/sao-paulo\/2024\/02\/06\/samba-com-as-maos-faz-do-carnaval-uma-festa-de-inclusao\/#primaryimage\"},\"image\":{\"@id\":\"https:\/\/expresso.estadao.com.br\/sao-paulo\/2024\/02\/06\/samba-com-as-maos-faz-do-carnaval-uma-festa-de-inclusao\/#primaryimage\"},\"thumbnailUrl\":\"https:\/\/expresso.estadao.com.br\/sao-paulo\/wp-content\/uploads\/2024\/02\/dengue-32.jpg\",\"datePublished\":\"2024-02-06T18:31:16+00:00\",\"dateModified\":\"2024-02-06T21:05:56+00:00\",\"author\":{\"@id\":\"https:\/\/expresso.estadao.com.br\/sao-paulo\/#\/schema\/person\/f45f9e313ba8cbe5af9424f387ddef42\"},\"description\":\"Prefeitura de S\u00e3o Paulo lan\u00e7a nova edi\u00e7\u00e3o de projeto voltado \u00e0 comunidade surda e apresenta a Bateria Inclusiva\",\"breadcrumb\":{\"@id\":\"https:\/\/expresso.estadao.com.br\/sao-paulo\/2024\/02\/06\/samba-com-as-maos-faz-do-carnaval-uma-festa-de-inclusao\/#breadcrumb\"},\"inLanguage\":\"pt-BR\",\"potentialAction\":[{\"@type\":\"ReadAction\",\"target\":[\"https:\/\/expresso.estadao.com.br\/sao-paulo\/2024\/02\/06\/samba-com-as-maos-faz-do-carnaval-uma-festa-de-inclusao\/\"]}]},{\"@type\":\"ImageObject\",\"inLanguage\":\"pt-BR\",\"@id\":\"https:\/\/expresso.estadao.com.br\/sao-paulo\/2024\/02\/06\/samba-com-as-maos-faz-do-carnaval-uma-festa-de-inclusao\/#primaryimage\",\"url\":\"https:\/\/expresso.estadao.com.br\/sao-paulo\/wp-content\/uploads\/2024\/02\/dengue-32.jpg\",\"contentUrl\":\"https:\/\/expresso.estadao.com.br\/sao-paulo\/wp-content\/uploads\/2024\/02\/dengue-32.jpg\",\"width\":1690,\"height\":1127,\"caption\":\"Carolina Santos, porta-estandarte da Bateria Inclusiva - Fotos: L. Santana\/Especial para o Estad\u00e3o\"},{\"@type\":\"BreadcrumbList\",\"@id\":\"https:\/\/expresso.estadao.com.br\/sao-paulo\/2024\/02\/06\/samba-com-as-maos-faz-do-carnaval-uma-festa-de-inclusao\/#breadcrumb\",\"itemListElement\":[{\"@type\":\"ListItem\",\"position\":1,\"name\":\"In\u00edcio\",\"item\":\"https:\/\/expresso.estadao.com.br\/sao-paulo\/\"},{\"@type\":\"ListItem\",\"position\":2,\"name\":\"Samba com as M\u00e3os faz do Carnaval uma festa de inclus\u00e3o em S\u00e3o Paulo\"}]},{\"@type\":\"WebSite\",\"@id\":\"https:\/\/expresso.estadao.com.br\/sao-paulo\/#website\",\"url\":\"https:\/\/expresso.estadao.com.br\/sao-paulo\/\",\"name\":\"Estad\u00e3o Expresso S\u00e3o Paulo\",\"description\":\"Conte\u00fado de presta\u00e7\u00e3o de servi\u00e7o para que os moradores da cidade de S\u00e3o Paulo possam se informar melhor e usar de maneira mais eficaz os servi\u00e7os p\u00fablicos municipais.\",\"potentialAction\":[{\"@type\":\"SearchAction\",\"target\":{\"@type\":\"EntryPoint\",\"urlTemplate\":\"https:\/\/expresso.estadao.com.br\/sao-paulo\/?s={search_term_string}\"},\"query-input\":{\"@type\":\"PropertyValueSpecification\",\"valueRequired\":true,\"valueName\":\"search_term_string\"}}],\"inLanguage\":\"pt-BR\"},{\"@type\":\"Person\",\"@id\":\"https:\/\/expresso.estadao.com.br\/sao-paulo\/#\/schema\/person\/f45f9e313ba8cbe5af9424f387ddef42\",\"name\":\"fabio_bairros\",\"image\":{\"@type\":\"ImageObject\",\"inLanguage\":\"pt-BR\",\"@id\":\"https:\/\/expresso.estadao.com.br\/sao-paulo\/#\/schema\/person\/image\/\",\"url\":\"https:\/\/secure.gravatar.com\/avatar\/fbecca90befcfda9505216ce0dc87261326cb6644deb5861e7ab404061c24246?s=96&d=mm&r=g\",\"contentUrl\":\"https:\/\/secure.gravatar.com\/avatar\/fbecca90befcfda9505216ce0dc87261326cb6644deb5861e7ab404061c24246?s=96&d=mm&r=g\",\"caption\":\"fabio_bairros\"}}]}<\/script>\n<!-- \/ Yoast SEO plugin. -->","yoast_head_json":{"title":"Samba com as M\u00e3os - Estad\u00e3o Expresso S\u00e3o Paulo","description":"Prefeitura de S\u00e3o Paulo lan\u00e7a nova edi\u00e7\u00e3o de projeto voltado \u00e0 comunidade surda e apresenta a Bateria Inclusiva","robots":{"index":"index","follow":"follow","max-snippet":"max-snippet:-1","max-image-preview":"max-image-preview:large","max-video-preview":"max-video-preview:-1"},"canonical":"https:\/\/expresso.estadao.com.br\/sao-paulo\/2024\/02\/06\/samba-com-as-maos-faz-do-carnaval-uma-festa-de-inclusao\/","og_locale":"pt_BR","og_type":"article","og_title":"Samba com as M\u00e3os - Estad\u00e3o Expresso S\u00e3o Paulo","og_description":"Prefeitura de S\u00e3o Paulo lan\u00e7a nova edi\u00e7\u00e3o de projeto voltado \u00e0 comunidade surda e apresenta a Bateria Inclusiva","og_url":"https:\/\/expresso.estadao.com.br\/sao-paulo\/2024\/02\/06\/samba-com-as-maos-faz-do-carnaval-uma-festa-de-inclusao\/","og_site_name":"Estad\u00e3o Expresso S\u00e3o Paulo","article_published_time":"2024-02-06T18:31:16+00:00","article_modified_time":"2024-02-06T21:05:56+00:00","og_image":[{"width":"","height":"","url":"https:\/\/expresso.estadao.com.br\/sao-paulo\/wp-content\/uploads\/2024\/02\/dengue-32.jpg","type":"image\/jpeg"}],"author":"fabio_bairros","twitter_card":"summary_large_image","twitter_misc":{"Escrito por":"fabio_bairros","Est. tempo de leitura":"4 minutos"},"schema":{"@context":"https:\/\/schema.org","@graph":[{"@type":"WebPage","@id":"https:\/\/expresso.estadao.com.br\/sao-paulo\/2024\/02\/06\/samba-com-as-maos-faz-do-carnaval-uma-festa-de-inclusao\/","url":"https:\/\/expresso.estadao.com.br\/sao-paulo\/2024\/02\/06\/samba-com-as-maos-faz-do-carnaval-uma-festa-de-inclusao\/","name":"Samba com as M\u00e3os - Estad\u00e3o Expresso S\u00e3o Paulo","isPartOf":{"@id":"https:\/\/expresso.estadao.com.br\/sao-paulo\/#website"},"primaryImageOfPage":{"@id":"https:\/\/expresso.estadao.com.br\/sao-paulo\/2024\/02\/06\/samba-com-as-maos-faz-do-carnaval-uma-festa-de-inclusao\/#primaryimage"},"image":{"@id":"https:\/\/expresso.estadao.com.br\/sao-paulo\/2024\/02\/06\/samba-com-as-maos-faz-do-carnaval-uma-festa-de-inclusao\/#primaryimage"},"thumbnailUrl":"https:\/\/expresso.estadao.com.br\/sao-paulo\/wp-content\/uploads\/2024\/02\/dengue-32.jpg","datePublished":"2024-02-06T18:31:16+00:00","dateModified":"2024-02-06T21:05:56+00:00","author":{"@id":"https:\/\/expresso.estadao.com.br\/sao-paulo\/#\/schema\/person\/f45f9e313ba8cbe5af9424f387ddef42"},"description":"Prefeitura de S\u00e3o Paulo lan\u00e7a nova edi\u00e7\u00e3o de projeto voltado \u00e0 comunidade surda e apresenta a Bateria Inclusiva","breadcrumb":{"@id":"https:\/\/expresso.estadao.com.br\/sao-paulo\/2024\/02\/06\/samba-com-as-maos-faz-do-carnaval-uma-festa-de-inclusao\/#breadcrumb"},"inLanguage":"pt-BR","potentialAction":[{"@type":"ReadAction","target":["https:\/\/expresso.estadao.com.br\/sao-paulo\/2024\/02\/06\/samba-com-as-maos-faz-do-carnaval-uma-festa-de-inclusao\/"]}]},{"@type":"ImageObject","inLanguage":"pt-BR","@id":"https:\/\/expresso.estadao.com.br\/sao-paulo\/2024\/02\/06\/samba-com-as-maos-faz-do-carnaval-uma-festa-de-inclusao\/#primaryimage","url":"https:\/\/expresso.estadao.com.br\/sao-paulo\/wp-content\/uploads\/2024\/02\/dengue-32.jpg","contentUrl":"https:\/\/expresso.estadao.com.br\/sao-paulo\/wp-content\/uploads\/2024\/02\/dengue-32.jpg","width":1690,"height":1127,"caption":"Carolina Santos, porta-estandarte da Bateria Inclusiva - Fotos: L. Santana\/Especial para o Estad\u00e3o"},{"@type":"BreadcrumbList","@id":"https:\/\/expresso.estadao.com.br\/sao-paulo\/2024\/02\/06\/samba-com-as-maos-faz-do-carnaval-uma-festa-de-inclusao\/#breadcrumb","itemListElement":[{"@type":"ListItem","position":1,"name":"In\u00edcio","item":"https:\/\/expresso.estadao.com.br\/sao-paulo\/"},{"@type":"ListItem","position":2,"name":"Samba com as M\u00e3os faz do Carnaval uma festa de inclus\u00e3o em S\u00e3o Paulo"}]},{"@type":"WebSite","@id":"https:\/\/expresso.estadao.com.br\/sao-paulo\/#website","url":"https:\/\/expresso.estadao.com.br\/sao-paulo\/","name":"Estad\u00e3o Expresso S\u00e3o Paulo","description":"Conte\u00fado de presta\u00e7\u00e3o de servi\u00e7o para que os moradores da cidade de S\u00e3o Paulo possam se informar melhor e usar de maneira mais eficaz os servi\u00e7os p\u00fablicos municipais.","potentialAction":[{"@type":"SearchAction","target":{"@type":"EntryPoint","urlTemplate":"https:\/\/expresso.estadao.com.br\/sao-paulo\/?s={search_term_string}"},"query-input":{"@type":"PropertyValueSpecification","valueRequired":true,"valueName":"search_term_string"}}],"inLanguage":"pt-BR"},{"@type":"Person","@id":"https:\/\/expresso.estadao.com.br\/sao-paulo\/#\/schema\/person\/f45f9e313ba8cbe5af9424f387ddef42","name":"fabio_bairros","image":{"@type":"ImageObject","inLanguage":"pt-BR","@id":"https:\/\/expresso.estadao.com.br\/sao-paulo\/#\/schema\/person\/image\/","url":"https:\/\/secure.gravatar.com\/avatar\/fbecca90befcfda9505216ce0dc87261326cb6644deb5861e7ab404061c24246?s=96&d=mm&r=g","contentUrl":"https:\/\/secure.gravatar.com\/avatar\/fbecca90befcfda9505216ce0dc87261326cb6644deb5861e7ab404061c24246?s=96&d=mm&r=g","caption":"fabio_bairros"}}]}},"_links":{"self":[{"href":"https:\/\/expresso.estadao.com.br\/sao-paulo\/wp-json\/wp\/v2\/posts\/8518","targetHints":{"allow":["GET"]}}],"collection":[{"href":"https:\/\/expresso.estadao.com.br\/sao-paulo\/wp-json\/wp\/v2\/posts"}],"about":[{"href":"https:\/\/expresso.estadao.com.br\/sao-paulo\/wp-json\/wp\/v2\/types\/post"}],"author":[{"embeddable":true,"href":"https:\/\/expresso.estadao.com.br\/sao-paulo\/wp-json\/wp\/v2\/users\/4"}],"replies":[{"embeddable":true,"href":"https:\/\/expresso.estadao.com.br\/sao-paulo\/wp-json\/wp\/v2\/comments?post=8518"}],"version-history":[{"count":16,"href":"https:\/\/expresso.estadao.com.br\/sao-paulo\/wp-json\/wp\/v2\/posts\/8518\/revisions"}],"predecessor-version":[{"id":8535,"href":"https:\/\/expresso.estadao.com.br\/sao-paulo\/wp-json\/wp\/v2\/posts\/8518\/revisions\/8535"}],"wp:featuredmedia":[{"embeddable":true,"href":"https:\/\/expresso.estadao.com.br\/sao-paulo\/wp-json\/wp\/v2\/media\/8502"}],"wp:attachment":[{"href":"https:\/\/expresso.estadao.com.br\/sao-paulo\/wp-json\/wp\/v2\/media?parent=8518"}],"wp:term":[{"taxonomy":"category","embeddable":true,"href":"https:\/\/expresso.estadao.com.br\/sao-paulo\/wp-json\/wp\/v2\/categories?post=8518"},{"taxonomy":"post_tag","embeddable":true,"href":"https:\/\/expresso.estadao.com.br\/sao-paulo\/wp-json\/wp\/v2\/tags?post=8518"}],"curies":[{"name":"wp","href":"https:\/\/api.w.org\/{rel}","templated":true}]}}