{"id":9131,"date":"2024-04-02T09:25:26","date_gmt":"2024-04-02T12:25:26","guid":{"rendered":"https:\/\/expresso.estadao.com.br\/sao-paulo\/?p=9131"},"modified":"2024-04-02T09:25:26","modified_gmt":"2024-04-02T12:25:26","slug":"saiba-como-renovar-o-bilhete-unico-da-pessoa-com-deficiencia","status":"publish","type":"post","link":"https:\/\/expresso.estadao.com.br\/sao-paulo\/2024\/04\/02\/saiba-como-renovar-o-bilhete-unico-da-pessoa-com-deficiencia\/","title":{"rendered":"Saiba como renovar o Bilhete \u00danico da Pessoa com Defici\u00eancia"},"content":{"rendered":"<div class=\"container post-content\">\n<div class=\"grid\">\n<p>Os cart\u00f5es do Bilhete \u00danico Especial da Pessoa com Defici\u00eancia vencidos entre mar\u00e7o de 2020 e dezembro de 2022 deixaram de ser aceitos no sistema de transporte em 1\u00ba de abril de 2024.<\/p>\n<p>A SPTrans havia autorizado que esses cart\u00f5es continuassem a ser utilizados no sistema de transporte p\u00fablico em raz\u00e3o da pandemia de Covid-19, evitando que essa popula\u00e7\u00e3o sa\u00edsse de casa durante o per\u00edodo de quarentena e isolamento social.<\/p>\n<p>Para fazer a renova\u00e7\u00e3o do benef\u00edcio, garantindo o acesso ao transporte p\u00fablico, o passageiro precisa solicitar pelo <a class=\"external-link\" title=\"\" href=\"http:\/\/www.sptrans.com.br\/atendimento\" target=\"_self\" rel=\"noopener\">site de atendimento da SPTrans<\/a>. Quem optar por pedir presencialmente dever\u00e1 ir a um dos postos de atendimento. Os endere\u00e7os constam do <a class=\"external-link\" title=\"\" href=\"http:\/\/bilheteunico.sptrans.com.br\/especial\/pessoa-com-deficiencia\" target=\"_self\" rel=\"noopener\">site<\/a>.<\/p>\n<p>Para agilizar o processo de renova\u00e7\u00e3o, neste momento n\u00e3o ser\u00e1 exigido o formul\u00e1rio assinado por m\u00e9dico ou exames e laudos e, ap\u00f3s a solicita\u00e7\u00e3o, ser\u00e1 enviado ao passageiro um cart\u00e3o com validade de um ano.<\/p>\n<p>Assim, haver\u00e1 mais tempo para fazer a renova\u00e7\u00e3o convencional, apresentando toda a documenta\u00e7\u00e3o necess\u00e1ria para concess\u00e3o do benef\u00edcio.<\/p>\n<p>O prazo de entrega estimado \u00e9 de cerca de 20 dias ap\u00f3s a aprova\u00e7\u00e3o da solicita\u00e7\u00e3o.<\/p>\n<p>A SPTrans estima que cerca de 30 mil pessoas que utilizaram seus cart\u00f5es vencidos ao longo de 2023 tenham a necessidade de fazer a renova\u00e7\u00e3o de seus cart\u00f5es.<\/p>\n<p>&nbsp;<\/p>\n<h3><strong>PASSO A PASSO<\/strong><\/h3>\n<p>Acompanhe o passo a passo para solicitar o novo cart\u00e3o:<\/p>\n<p>1) Acessar o\u00a0<a class=\"external-link\" title=\"\" href=\"http:\/\/www.sptrans.com.br\/atendimento\" target=\"_self\" rel=\"noopener\">Site de Atendimento<\/a>\u00a0e fazer login com sua senha pessoal;<\/p>\n<p>2) Clicar em \u201cNovo Servi\u00e7o\u201d e selecionar \u201cPessoa com Defici\u00eancia\u201d;<\/p>\n<p>3) No menu de servi\u00e7os, \u00a0selecionar BILHETE \u00daNICO ESPECIAL (PCD) \u2013 VENCIDO ENTRE MAR\u00c7O\/2020 E DEZEMBRO\/2022 (RENOVA\u00c7\u00c3O) e preencher os campos solicitados, atualizando os dados pessoais e endere\u00e7o de entrega do bilhete;<\/p>\n<p>4) Ser\u00e1 realizada uma valida\u00e7\u00e3o dos dados pessoais na Receita Federal do Brasil e, sendo a solicita\u00e7\u00e3o aprovada, ser\u00e1 emitido um Bilhete \u00danico Especial a ser enviado ao endere\u00e7o cadastrado.<\/p>\n<p>Presencialmente<\/p>\n<p>1) Comparecer em qualquer um dos Postos de Atendimento do Bilhete \u00danico Especial.\u00a0<a class=\"external-link\" title=\"\" href=\"https:\/\/www.sptrans.com.br\/encontrar-posto\/?cat=bilhete-unico-especial-pessoa-com-deficiencia\" target=\"_self\" rel=\"noopener\">Clique aqui para ter acesso aos endere\u00e7os.<\/a><\/p>\n<p>2) Solicitar a renova\u00e7\u00e3o e apresentar um documento de identidade original com foto e um comprovante de resid\u00eancia;<\/p>\n<p>3) Ap\u00f3s a solicita\u00e7\u00e3o, ser\u00e1 emitido um Bilhete \u00danico Especial a ser enviado ao endere\u00e7o cadastrado.<\/p>\n<p>O passageiro ser\u00e1 informado sobre a emiss\u00e3o do novo bilhete atrav\u00e9s do protocolo no Site de Atendimento (<a href=\"http:\/\/www.sptrans.com.br\/atendimento\" target=\"_blank\" rel=\"noopener noreferrer\" data-auth=\"NotApplicable\" data-linkindex=\"4\">http:\/\/www.sptrans.com.br\/atendimento<\/a>) ou de mensagens encaminhadas por e-mail e SMS.<\/p>\n<\/div>\n<\/div>\n","protected":false},"excerpt":{"rendered":"<p>Os cart\u00f5es do Bilhete \u00danico Especial da Pessoa com Defici\u00eancia vencidos entre mar\u00e7o de 2020 e dezembro de 2022 deixaram de ser aceitos no sistema de transporte em 1\u00ba de abril de 2024. A SPTrans havia autorizado que esses cart\u00f5es continuassem a ser utilizados no sistema de transporte p\u00fablico em raz\u00e3o da pandemia de Covid-19, [&hellip;]<\/p>\n","protected":false},"author":4,"featured_media":9135,"comment_status":"open","ping_status":"closed","sticky":false,"template":"","format":"standard","meta":{"_acf_changed":false,"_monsterinsights_skip_tracking":false,"_monsterinsights_sitenote_active":false,"_monsterinsights_sitenote_note":"","_monsterinsights_sitenote_category":0,"footnotes":""},"categories":[755],"tags":[236,288,211,52],"class_list":["post-9131","post","type-post","status-publish","format-standard","has-post-thumbnail","hentry","category-mobilidade-urbana","tag-bilhete-unico","tag-metro","tag-onibus","tag-prefeitura-de-sao-paulo"],"acf":[],"yoast_head":"<!-- This site is optimized with the Yoast SEO plugin v24.1 - https:\/\/yoast.com\/wordpress\/plugins\/seo\/ -->\n<title>Bilhete \u00danico da Pessoa com Defici\u00eancia - Estad\u00e3o Expresso SP<\/title>\n<meta name=\"description\" content=\"Cart\u00f5es vencidos entre mar\u00e7o de 2020 e dezembro de 2022 deixaram de ser aceitos em 1\u00ba de abril\" \/>\n<meta name=\"robots\" content=\"index, follow, max-snippet:-1, max-image-preview:large, max-video-preview:-1\" \/>\n<link rel=\"canonical\" href=\"https:\/\/expresso.estadao.com.br\/sao-paulo\/2024\/04\/02\/saiba-como-renovar-o-bilhete-unico-da-pessoa-com-deficiencia\/\" \/>\n<meta property=\"og:locale\" content=\"pt_BR\" \/>\n<meta property=\"og:type\" content=\"article\" \/>\n<meta property=\"og:title\" content=\"Bilhete \u00danico da Pessoa com Defici\u00eancia - Estad\u00e3o Expresso SP\" \/>\n<meta property=\"og:description\" content=\"Cart\u00f5es vencidos entre mar\u00e7o de 2020 e dezembro de 2022 deixaram de ser aceitos em 1\u00ba de abril\" \/>\n<meta property=\"og:url\" content=\"https:\/\/expresso.estadao.com.br\/sao-paulo\/2024\/04\/02\/saiba-como-renovar-o-bilhete-unico-da-pessoa-com-deficiencia\/\" \/>\n<meta property=\"og:site_name\" content=\"Estad\u00e3o Expresso S\u00e3o Paulo\" \/>\n<meta property=\"article:published_time\" content=\"2024-04-02T12:25:26+00:00\" \/>\n<meta property=\"og:image\" content=\"https:\/\/expresso.estadao.com.br\/sao-paulo\/wp-content\/uploads\/2024\/04\/AdobeStock_474540797-scaled.jpeg\" \/>\n\t<meta property=\"og:image:type\" content=\"image\/jpeg\" \/>\n<meta name=\"author\" content=\"fabio_bairros\" \/>\n<meta name=\"twitter:card\" content=\"summary_large_image\" \/>\n<meta name=\"twitter:label1\" content=\"Escrito por\" \/>\n\t<meta name=\"twitter:data1\" content=\"fabio_bairros\" \/>\n\t<meta name=\"twitter:label2\" content=\"Est. tempo de leitura\" \/>\n\t<meta name=\"twitter:data2\" content=\"3 minutos\" \/>\n<script type=\"application\/ld+json\" class=\"yoast-schema-graph\">{\"@context\":\"https:\/\/schema.org\",\"@graph\":[{\"@type\":\"WebPage\",\"@id\":\"https:\/\/expresso.estadao.com.br\/sao-paulo\/2024\/04\/02\/saiba-como-renovar-o-bilhete-unico-da-pessoa-com-deficiencia\/\",\"url\":\"https:\/\/expresso.estadao.com.br\/sao-paulo\/2024\/04\/02\/saiba-como-renovar-o-bilhete-unico-da-pessoa-com-deficiencia\/\",\"name\":\"Bilhete \u00danico da Pessoa com Defici\u00eancia - Estad\u00e3o Expresso SP\",\"isPartOf\":{\"@id\":\"https:\/\/expresso.estadao.com.br\/sao-paulo\/#website\"},\"primaryImageOfPage\":{\"@id\":\"https:\/\/expresso.estadao.com.br\/sao-paulo\/2024\/04\/02\/saiba-como-renovar-o-bilhete-unico-da-pessoa-com-deficiencia\/#primaryimage\"},\"image\":{\"@id\":\"https:\/\/expresso.estadao.com.br\/sao-paulo\/2024\/04\/02\/saiba-como-renovar-o-bilhete-unico-da-pessoa-com-deficiencia\/#primaryimage\"},\"thumbnailUrl\":\"https:\/\/expresso.estadao.com.br\/sao-paulo\/wp-content\/uploads\/2024\/04\/AdobeStock_474540797-scaled.jpeg\",\"datePublished\":\"2024-04-02T12:25:26+00:00\",\"dateModified\":\"2024-04-02T12:25:26+00:00\",\"author\":{\"@id\":\"https:\/\/expresso.estadao.com.br\/sao-paulo\/#\/schema\/person\/f45f9e313ba8cbe5af9424f387ddef42\"},\"description\":\"Cart\u00f5es vencidos entre mar\u00e7o de 2020 e dezembro de 2022 deixaram de ser aceitos em 1\u00ba de abril\",\"breadcrumb\":{\"@id\":\"https:\/\/expresso.estadao.com.br\/sao-paulo\/2024\/04\/02\/saiba-como-renovar-o-bilhete-unico-da-pessoa-com-deficiencia\/#breadcrumb\"},\"inLanguage\":\"pt-BR\",\"potentialAction\":[{\"@type\":\"ReadAction\",\"target\":[\"https:\/\/expresso.estadao.com.br\/sao-paulo\/2024\/04\/02\/saiba-como-renovar-o-bilhete-unico-da-pessoa-com-deficiencia\/\"]}]},{\"@type\":\"ImageObject\",\"inLanguage\":\"pt-BR\",\"@id\":\"https:\/\/expresso.estadao.com.br\/sao-paulo\/2024\/04\/02\/saiba-como-renovar-o-bilhete-unico-da-pessoa-com-deficiencia\/#primaryimage\",\"url\":\"https:\/\/expresso.estadao.com.br\/sao-paulo\/wp-content\/uploads\/2024\/04\/AdobeStock_474540797-scaled.jpeg\",\"contentUrl\":\"https:\/\/expresso.estadao.com.br\/sao-paulo\/wp-content\/uploads\/2024\/04\/AdobeStock_474540797-scaled.jpeg\",\"width\":2560,\"height\":1490,\"caption\":\"Foto: Romaset\/Adobe Stock\"},{\"@type\":\"BreadcrumbList\",\"@id\":\"https:\/\/expresso.estadao.com.br\/sao-paulo\/2024\/04\/02\/saiba-como-renovar-o-bilhete-unico-da-pessoa-com-deficiencia\/#breadcrumb\",\"itemListElement\":[{\"@type\":\"ListItem\",\"position\":1,\"name\":\"In\u00edcio\",\"item\":\"https:\/\/expresso.estadao.com.br\/sao-paulo\/\"},{\"@type\":\"ListItem\",\"position\":2,\"name\":\"Saiba como renovar o Bilhete \u00danico da Pessoa com Defici\u00eancia\"}]},{\"@type\":\"WebSite\",\"@id\":\"https:\/\/expresso.estadao.com.br\/sao-paulo\/#website\",\"url\":\"https:\/\/expresso.estadao.com.br\/sao-paulo\/\",\"name\":\"Estad\u00e3o Expresso S\u00e3o Paulo\",\"description\":\"Conte\u00fado de presta\u00e7\u00e3o de servi\u00e7o para que os moradores da cidade de S\u00e3o Paulo possam se informar melhor e usar de maneira mais eficaz os servi\u00e7os p\u00fablicos municipais.\",\"potentialAction\":[{\"@type\":\"SearchAction\",\"target\":{\"@type\":\"EntryPoint\",\"urlTemplate\":\"https:\/\/expresso.estadao.com.br\/sao-paulo\/?s={search_term_string}\"},\"query-input\":{\"@type\":\"PropertyValueSpecification\",\"valueRequired\":true,\"valueName\":\"search_term_string\"}}],\"inLanguage\":\"pt-BR\"},{\"@type\":\"Person\",\"@id\":\"https:\/\/expresso.estadao.com.br\/sao-paulo\/#\/schema\/person\/f45f9e313ba8cbe5af9424f387ddef42\",\"name\":\"fabio_bairros\",\"image\":{\"@type\":\"ImageObject\",\"inLanguage\":\"pt-BR\",\"@id\":\"https:\/\/expresso.estadao.com.br\/sao-paulo\/#\/schema\/person\/image\/\",\"url\":\"https:\/\/secure.gravatar.com\/avatar\/fbecca90befcfda9505216ce0dc87261326cb6644deb5861e7ab404061c24246?s=96&d=mm&r=g\",\"contentUrl\":\"https:\/\/secure.gravatar.com\/avatar\/fbecca90befcfda9505216ce0dc87261326cb6644deb5861e7ab404061c24246?s=96&d=mm&r=g\",\"caption\":\"fabio_bairros\"}}]}<\/script>\n<!-- \/ Yoast SEO plugin. -->","yoast_head_json":{"title":"Bilhete \u00danico da Pessoa com Defici\u00eancia - Estad\u00e3o Expresso SP","description":"Cart\u00f5es vencidos entre mar\u00e7o de 2020 e dezembro de 2022 deixaram de ser aceitos em 1\u00ba de abril","robots":{"index":"index","follow":"follow","max-snippet":"max-snippet:-1","max-image-preview":"max-image-preview:large","max-video-preview":"max-video-preview:-1"},"canonical":"https:\/\/expresso.estadao.com.br\/sao-paulo\/2024\/04\/02\/saiba-como-renovar-o-bilhete-unico-da-pessoa-com-deficiencia\/","og_locale":"pt_BR","og_type":"article","og_title":"Bilhete \u00danico da Pessoa com Defici\u00eancia - Estad\u00e3o Expresso SP","og_description":"Cart\u00f5es vencidos entre mar\u00e7o de 2020 e dezembro de 2022 deixaram de ser aceitos em 1\u00ba de abril","og_url":"https:\/\/expresso.estadao.com.br\/sao-paulo\/2024\/04\/02\/saiba-como-renovar-o-bilhete-unico-da-pessoa-com-deficiencia\/","og_site_name":"Estad\u00e3o Expresso S\u00e3o Paulo","article_published_time":"2024-04-02T12:25:26+00:00","og_image":[{"width":"","height":"","url":"https:\/\/expresso.estadao.com.br\/sao-paulo\/wp-content\/uploads\/2024\/04\/AdobeStock_474540797-scaled.jpeg","type":"image\/jpeg"}],"author":"fabio_bairros","twitter_card":"summary_large_image","twitter_misc":{"Escrito por":"fabio_bairros","Est. tempo de leitura":"3 minutos"},"schema":{"@context":"https:\/\/schema.org","@graph":[{"@type":"WebPage","@id":"https:\/\/expresso.estadao.com.br\/sao-paulo\/2024\/04\/02\/saiba-como-renovar-o-bilhete-unico-da-pessoa-com-deficiencia\/","url":"https:\/\/expresso.estadao.com.br\/sao-paulo\/2024\/04\/02\/saiba-como-renovar-o-bilhete-unico-da-pessoa-com-deficiencia\/","name":"Bilhete \u00danico da Pessoa com Defici\u00eancia - Estad\u00e3o Expresso SP","isPartOf":{"@id":"https:\/\/expresso.estadao.com.br\/sao-paulo\/#website"},"primaryImageOfPage":{"@id":"https:\/\/expresso.estadao.com.br\/sao-paulo\/2024\/04\/02\/saiba-como-renovar-o-bilhete-unico-da-pessoa-com-deficiencia\/#primaryimage"},"image":{"@id":"https:\/\/expresso.estadao.com.br\/sao-paulo\/2024\/04\/02\/saiba-como-renovar-o-bilhete-unico-da-pessoa-com-deficiencia\/#primaryimage"},"thumbnailUrl":"https:\/\/expresso.estadao.com.br\/sao-paulo\/wp-content\/uploads\/2024\/04\/AdobeStock_474540797-scaled.jpeg","datePublished":"2024-04-02T12:25:26+00:00","dateModified":"2024-04-02T12:25:26+00:00","author":{"@id":"https:\/\/expresso.estadao.com.br\/sao-paulo\/#\/schema\/person\/f45f9e313ba8cbe5af9424f387ddef42"},"description":"Cart\u00f5es vencidos entre mar\u00e7o de 2020 e dezembro de 2022 deixaram de ser aceitos em 1\u00ba de abril","breadcrumb":{"@id":"https:\/\/expresso.estadao.com.br\/sao-paulo\/2024\/04\/02\/saiba-como-renovar-o-bilhete-unico-da-pessoa-com-deficiencia\/#breadcrumb"},"inLanguage":"pt-BR","potentialAction":[{"@type":"ReadAction","target":["https:\/\/expresso.estadao.com.br\/sao-paulo\/2024\/04\/02\/saiba-como-renovar-o-bilhete-unico-da-pessoa-com-deficiencia\/"]}]},{"@type":"ImageObject","inLanguage":"pt-BR","@id":"https:\/\/expresso.estadao.com.br\/sao-paulo\/2024\/04\/02\/saiba-como-renovar-o-bilhete-unico-da-pessoa-com-deficiencia\/#primaryimage","url":"https:\/\/expresso.estadao.com.br\/sao-paulo\/wp-content\/uploads\/2024\/04\/AdobeStock_474540797-scaled.jpeg","contentUrl":"https:\/\/expresso.estadao.com.br\/sao-paulo\/wp-content\/uploads\/2024\/04\/AdobeStock_474540797-scaled.jpeg","width":2560,"height":1490,"caption":"Foto: Romaset\/Adobe Stock"},{"@type":"BreadcrumbList","@id":"https:\/\/expresso.estadao.com.br\/sao-paulo\/2024\/04\/02\/saiba-como-renovar-o-bilhete-unico-da-pessoa-com-deficiencia\/#breadcrumb","itemListElement":[{"@type":"ListItem","position":1,"name":"In\u00edcio","item":"https:\/\/expresso.estadao.com.br\/sao-paulo\/"},{"@type":"ListItem","position":2,"name":"Saiba como renovar o Bilhete \u00danico da Pessoa com Defici\u00eancia"}]},{"@type":"WebSite","@id":"https:\/\/expresso.estadao.com.br\/sao-paulo\/#website","url":"https:\/\/expresso.estadao.com.br\/sao-paulo\/","name":"Estad\u00e3o Expresso S\u00e3o Paulo","description":"Conte\u00fado de presta\u00e7\u00e3o de servi\u00e7o para que os moradores da cidade de S\u00e3o Paulo possam se informar melhor e usar de maneira mais eficaz os servi\u00e7os p\u00fablicos municipais.","potentialAction":[{"@type":"SearchAction","target":{"@type":"EntryPoint","urlTemplate":"https:\/\/expresso.estadao.com.br\/sao-paulo\/?s={search_term_string}"},"query-input":{"@type":"PropertyValueSpecification","valueRequired":true,"valueName":"search_term_string"}}],"inLanguage":"pt-BR"},{"@type":"Person","@id":"https:\/\/expresso.estadao.com.br\/sao-paulo\/#\/schema\/person\/f45f9e313ba8cbe5af9424f387ddef42","name":"fabio_bairros","image":{"@type":"ImageObject","inLanguage":"pt-BR","@id":"https:\/\/expresso.estadao.com.br\/sao-paulo\/#\/schema\/person\/image\/","url":"https:\/\/secure.gravatar.com\/avatar\/fbecca90befcfda9505216ce0dc87261326cb6644deb5861e7ab404061c24246?s=96&d=mm&r=g","contentUrl":"https:\/\/secure.gravatar.com\/avatar\/fbecca90befcfda9505216ce0dc87261326cb6644deb5861e7ab404061c24246?s=96&d=mm&r=g","caption":"fabio_bairros"}}]}},"_links":{"self":[{"href":"https:\/\/expresso.estadao.com.br\/sao-paulo\/wp-json\/wp\/v2\/posts\/9131","targetHints":{"allow":["GET"]}}],"collection":[{"href":"https:\/\/expresso.estadao.com.br\/sao-paulo\/wp-json\/wp\/v2\/posts"}],"about":[{"href":"https:\/\/expresso.estadao.com.br\/sao-paulo\/wp-json\/wp\/v2\/types\/post"}],"author":[{"embeddable":true,"href":"https:\/\/expresso.estadao.com.br\/sao-paulo\/wp-json\/wp\/v2\/users\/4"}],"replies":[{"embeddable":true,"href":"https:\/\/expresso.estadao.com.br\/sao-paulo\/wp-json\/wp\/v2\/comments?post=9131"}],"version-history":[{"count":2,"href":"https:\/\/expresso.estadao.com.br\/sao-paulo\/wp-json\/wp\/v2\/posts\/9131\/revisions"}],"predecessor-version":[{"id":9133,"href":"https:\/\/expresso.estadao.com.br\/sao-paulo\/wp-json\/wp\/v2\/posts\/9131\/revisions\/9133"}],"wp:featuredmedia":[{"embeddable":true,"href":"https:\/\/expresso.estadao.com.br\/sao-paulo\/wp-json\/wp\/v2\/media\/9135"}],"wp:attachment":[{"href":"https:\/\/expresso.estadao.com.br\/sao-paulo\/wp-json\/wp\/v2\/media?parent=9131"}],"wp:term":[{"taxonomy":"category","embeddable":true,"href":"https:\/\/expresso.estadao.com.br\/sao-paulo\/wp-json\/wp\/v2\/categories?post=9131"},{"taxonomy":"post_tag","embeddable":true,"href":"https:\/\/expresso.estadao.com.br\/sao-paulo\/wp-json\/wp\/v2\/tags?post=9131"}],"curies":[{"name":"wp","href":"https:\/\/api.w.org\/{rel}","templated":true}]}}